{"id":610080,"date":"2025-12-19T18:44:12","date_gmt":"2025-12-19T18:44:12","guid":{"rendered":"https:\/\/www.europesays.com\/fr\/610080\/"},"modified":"2025-12-19T18:44:12","modified_gmt":"2025-12-19T18:44:12","slug":"municipales-2026-lessentiel-se-joue-dans-la-proximite-clame-le-maire-de-quint-fonsegrives-pres-de-toulouse-en-annoncant-sa-candidature","status":"publish","type":"post","link":"https:\/\/www.europesays.com\/fr\/610080\/","title":{"rendered":"Municipales 2026: \u00ab\u00a0L\u2019essentiel se joue dans la proximit\u00e9\u00a0\u00bb clame le maire de Quint-Fonsegrives, pr\u00e8s de Toulouse, en annon\u00e7ant sa candidature"},"content":{"rendered":"<p>\n                                                                    l&rsquo;essentiel<br \/>\n                                                                Sa premi\u00e8re exp\u00e9rience de maire succ\u00e9dant \u00e0 l\u2019embl\u00e9matique Bernard Sol\u00e9ra, ancien maire de Quint-Fonsegivres (31), lui a donn\u00e9 confiance\u00a0; Jean-Pierre Gasc, maire sortant, annonce qu\u2019il briguera un second mandat.\n                            <\/p>\n<p class=\"txt-question\">Quelle est la raison premi\u00e8re qui vous am\u00e8ne \u00e0 briguer un second mandat\u00a0?<\/p>\n<p>Ce mandat m\u2019a confirm\u00e9 combien l\u2019essentiel se joue dans la proximit\u00e9, l\u2019\u00e9coute et le dialogue permanent avec les habitants. Aujourd\u2019hui, j\u2019ai envie d\u2019aller plus loin dans cette relation de confiance, de renforcer les espaces d\u2019\u00e9change et de co-construction, et de continuer \u00e0 agir concr\u00e8tement pour am\u00e9liorer le quotidien, tout en pr\u00e9parant l\u2019avenir de Quint-Fonsegrives avec mesure et responsabilit\u00e9.<\/p>\n<p class=\"std-elt__inline\">\n        <strong>\u00c0 lire aussi :<\/strong><br \/>\n        <a href=\"https:\/\/www.ladepeche.fr\/2020\/09\/01\/jean-pierre-gasc-lenfant-du-pays-9043412.php\" target=\"_blank\" rel=\"noopener\">Jean-Pierre Gasc, l\u2019enfant du pays<\/a>\n    <\/p>\n<p class=\"txt-question\">Sous quelle \u00e9tiquette vous pr\u00e9sentez-vous avec votre liste\u00a0?<\/p>\n<p>Je me pr\u00e9sente avec une liste sans \u00e9tiquette partisane. Les membres de mon \u00e9quipe sont issus de la soci\u00e9t\u00e9 civile, des comp\u00e9tences compl\u00e9mentaires, une \u00e9quipe unie par l\u2019envie de servir la commune, l\u2019int\u00e9r\u00eat g\u00e9n\u00e9ral et ses habitants.<\/p>\n<p class=\"txt-question\">Quelles sont les principales r\u00e9alisations dont vous \u00eates le plus fier\u00a0?<\/p>\n<p>D\u2019abord, le travail sur le vivre-ensemble et les \u00e9quipements de proximit\u00e9, notamment en direction de l\u2019\u00e9ducation, de la jeunesse, de la vie associative et de la solidarit\u00e9. Enfin, les projets structurants, comme le tiers-lieu de La Bastide, les investissements dans les \u00e9coles, les espaces publics et l\u2019attention port\u00e9e \u00e0 l\u2019environnement et au cadre de vie.<\/p>\n<p class=\"txt-question\">Quelle a \u00e9t\u00e9 la plus grande difficult\u00e9 rencontr\u00e9e durant ce mandat\u00a0?<\/p>\n<p>Sans h\u00e9siter, le contexte global. La crise du Covid, puis l\u2019explosion des co\u00fbts de l\u2019\u00e9nergie et des mat\u00e9riaux, ont profond\u00e9ment boulevers\u00e9 la gestion municipale. Il a fallu s\u2019adapter en permanence, arbitrer, parfois d\u00e9caler, tout en maintenant la qualit\u00e9 du service public.<\/p>\n<p class=\"txt-question\">Quels sont les principaux projets que vous pr\u00e9sentez aux \u00e9lecteurs pour mars\u00a0?<\/p>\n<p>Le temps viendra pour pr\u00e9senter notre projet dans sa globalit\u00e9. Mais certaines priorit\u00e9s traversent d\u00e9j\u00e0 toutes nos r\u00e9flexions\u00a0: accompagner les parcours de vie, de la petite enfance aux seniors, renforcer les solidarit\u00e9s, investir dans l\u2019\u00e9ducation et r\u00e9ussir la transition \u00e9cologique. Mon r\u00f4le sera d\u2019expliquer les \u00e9volutions n\u00e9cessaires, d\u2019en d\u00e9battre avec les habitants et de les mettre en \u0153uvre progressivement, avec pragmatisme, dans un souci de justice sociale et d\u2019efficacit\u00e9, en tenant compte des r\u00e9alit\u00e9s de la vie quotidienne de chacune<br \/>et de chacun.<\/p>\n<p class=\"txt-question\">\u00a0<\/p>\n<p class=\"txt-question\">Quel regard portez-vous sur votre r\u00f4le d\u2019\u00e9lu \u00e0 la M\u00e9tropole\u00a0?<\/p>\n<p>\u00catre \u00e9lu m\u00e9tropolitain, c\u2019est d\u00e9fendre les int\u00e9r\u00eats de Quint-Fonsegrives dans la m\u00e9tropole\u00a0: faire entendre la voix de notre commune, obtenir des avanc\u00e9es concr\u00e8tes sur les mobilit\u00e9s, l\u2019am\u00e9nagement, l\u2019environnement, tout en contribuant \u00e0 une vision coh\u00e9rente \u00e0 l\u2019\u00e9chelle du territoire.<\/p>\n<p class=\"txt-question\">Avez-vous d\u2019autres ambitions politiques\u00a0?<\/p>\n<p>Mon ambition est claire\u00a0: servir utilement Quint-Fonsegrives. C\u2019est l\u00e0 que se situe pleinement mon engagement.<\/p>\n","protected":false},"excerpt":{"rendered":"l&rsquo;essentiel Sa premi\u00e8re exp\u00e9rience de maire succ\u00e9dant \u00e0 l\u2019embl\u00e9matique Bernard Sol\u00e9ra, ancien maire de Quint-Fonsegivres (31), lui a&hellip;\n","protected":false},"author":2,"featured_media":610081,"comment_status":"","ping_status":"","sticky":false,"template":"","format":"standard","meta":{"footnotes":""},"categories":[2816],"tags":[1111,11,1777,674,1011,27,329,2722,3434,12,2680,316,72118,25,2312,37919],"class_list":{"0":"post-610080","1":"post","2":"type-post","3":"status-publish","4":"format-standard","5":"has-post-thumbnail","7":"category-toulouse","8":"tag-actu","9":"tag-actualites","10":"tag-eu","11":"tag-europe","12":"tag-fr","13":"tag-france","14":"tag-france-monde","15":"tag-haute-garonne","16":"tag-municipales-2026","17":"tag-news","18":"tag-occitanie","19":"tag-politique","20":"tag-quintfonsegrives","21":"tag-republique-francaise","22":"tag-toulouse","23":"tag-u00c9lections"},"share_on_mastodon":{"url":"https:\/\/pubeurope.com\/@fr\/115747714922296908","error":""},"_links":{"self":[{"href":"https:\/\/www.europesays.com\/fr\/wp-json\/wp\/v2\/posts\/610080","targetHints":{"allow":["GET"]}}],"collection":[{"href":"https:\/\/www.europesays.com\/fr\/wp-json\/wp\/v2\/posts"}],"about":[{"href":"https:\/\/www.europesays.com\/fr\/wp-json\/wp\/v2\/types\/post"}],"author":[{"embeddable":true,"href":"https:\/\/www.europesays.com\/fr\/wp-json\/wp\/v2\/users\/2"}],"replies":[{"embeddable":true,"href":"https:\/\/www.europesays.com\/fr\/wp-json\/wp\/v2\/comments?post=610080"}],"version-history":[{"count":0,"href":"https:\/\/www.europesays.com\/fr\/wp-json\/wp\/v2\/posts\/610080\/revisions"}],"wp:featuredmedia":[{"embeddable":true,"href":"https:\/\/www.europesays.com\/fr\/wp-json\/wp\/v2\/media\/610081"}],"wp:attachment":[{"href":"https:\/\/www.europesays.com\/fr\/wp-json\/wp\/v2\/media?parent=610080"}],"wp:term":[{"taxonomy":"category","embeddable":true,"href":"https:\/\/www.europesays.com\/fr\/wp-json\/wp\/v2\/categories?post=610080"},{"taxonomy":"post_tag","embeddable":true,"href":"https:\/\/www.europesays.com\/fr\/wp-json\/wp\/v2\/tags?post=610080"}],"curies":[{"name":"wp","href":"https:\/\/api.w.org\/{rel}","templated":true}]}}