{"id":610086,"date":"2025-12-19T18:47:23","date_gmt":"2025-12-19T18:47:23","guid":{"rendered":"https:\/\/www.europesays.com\/fr\/610086\/"},"modified":"2025-12-19T18:47:23","modified_gmt":"2025-12-19T18:47:23","slug":"ils-ont-organise-une-maraude-de-noel","status":"publish","type":"post","link":"https:\/\/www.europesays.com\/fr\/610086\/","title":{"rendered":"ils ont organis\u00e9 une maraude de No\u00ebl"},"content":{"rendered":"<p>                    Par<br \/>\n        <strong><br \/>\n            <a href=\"https:\/\/actu.fr\/auteur\/annesophie-2\" title=\"Consulter tous les articles de Anne-Sophie Hourdeaux\" target=\"_blank\" rel=\"noopener\">Anne-Sophie Hourdeaux<\/a><br \/>\n                    <\/strong><\/p>\n<p>        Publi\u00e9 le<\/p>\n<p>            19 d\u00e9c. 2025 \u00e0 18h34        <\/p>\n<p>Vous ne les voyez peut-\u00eatre pas. Mais chaque soir \u00e0 <a href=\"https:\/\/actu.fr\/hauts-de-france\/lille_59350\" target=\"_blank\" rel=\"noopener\">Lille<\/a> (Nord), plusieurs associations sillonnent d\u00e8s 18\u2009h, pendant plusieurs heures, <b>le centre-ville<\/b> de Lille avec des chariots et des thermos. Ils font ce qu\u2019on appelle des \u00ab\u2009<b>maraudes<\/b>\u2009\u00bb, \u00e0 la rencontre des <b>personnes \u00e0 la rue <\/b>pour leur apporter nourriture, v\u00eatements et aussi un peu de lien social. <b>L\u2019association Bien Vivre Ensemble<\/b>, de <a href=\"https:\/\/actu.fr\/hauts-de-france\/wattrelos_59650\" target=\"_blank\" rel=\"noopener\">Wattrelos<\/a>, a fait sa maraude d\u2019hiver ce mercredi 17 d\u00e9cembre 2025. Nous les avons suivis.<\/p>\n<p>    <img   decoding=\"async\" loading=\"lazy\" class=\"size-large\" src=\"https:\/\/www.europesays.com\/fr\/wp-content\/uploads\/2025\/12\/379f9139c349616cf9139c349bbcf9v-960x640.jpg\" alt=\"maraude lille asso bien vivre ensemble\" width=\"960\" height=\"640\"\/><br \/>\n    Une maraude \u00e0 Lille avec l\u2019asso Bien Vivre Ensemble de Wattrelos, c\u2019est le contraste entre la mis\u00e8re et l\u2019esprit des f\u00eates de No\u00ebl. \u00a9Anne-Sophie Hourdeaux\/Croix du NordTout un r\u00e9seau mobilis\u00e9 pour la maraude d\u2019hiver \u00e0 Lille<\/p>\n<p class=\" wall-content\">Une maraude ne s\u2019improvise pas, l\u2019association Bien Vivre Ensemble le sait bien. Cette op\u00e9ration est le<b> fruit de tout un r\u00e9seau<\/b>. Pendant plusieurs semaines, un<b> appel aux dons<\/b> de produits alimentaires et d\u2019hygi\u00e8ne a \u00e9t\u00e9 fait aupr\u00e8s des adh\u00e9rents, et de quelques entreprises. \u00ab\u2009Plusieurs ont pass\u00e9 <b>des mois \u00e0 tricoter bonnets, mitaines et \u00e9charpes<\/b>. Le restaurateur des Orchid\u00e9es \u00e0 Wattrelos a donn\u00e9 50 repas chauds, My textile nous a fourni gratuitement 100 sacs tissus, Chocmod a offert des chocolats, Cake tradition des g\u00e2teaux\u2026\u2009\u00bb signale Nora Miloudi, la pr\u00e9sidente de la jeune asso de Wattrelos, cr\u00e9\u00e9e en 2022.<\/p>\n<p>    <img   decoding=\"async\" loading=\"lazy\" class=\"size-large\" src=\"https:\/\/www.europesays.com\/fr\/wp-content\/uploads\/2025\/12\/03cf5239c3496f6cf5239c349cacf5v-960x640.jpg\" alt=\"maraude lille asso bien vivre ensemble\" width=\"960\" height=\"640\"\/><br \/>\n    L\u2019association avait collect\u00e9 100 sacs textiles remplis de denr\u00e9es et produits d\u2019hygi\u00e8ne, 50 repas chauds d\u2019un restaurateur (les Orchid\u00e9es), une centaine de bonnets et \u00e9charpes tricot\u00e9s main, plus 3 thermos de caf\u00e9 et 3 de chocolat. Tout a \u00e9t\u00e9 distribu\u00e9 en 3\u00a0heures. \u00a9Anne-Sophie Hourdeaux\/Croix du Nord<\/p>\n<p class=\" wall-content\">Tout l\u2019apr\u00e8s-midi pr\u00e9c\u00e9dant la maraude, le groupe \u00ab\u2009solidarit\u00e9\u2009\u00bb a <b>tri\u00e9 et rempli 100 sacs textiles<\/b> donn\u00e9s par une entreprise, My Textile. Une denr\u00e9e pr\u00e9cieuse recherch\u00e9e par les personnes \u00e0 la rue\u2009! Une centaine de sandwiches a aussi \u00e9t\u00e9 confectionn\u00e9e. \u00c9charpes et v\u00eatements ont \u00e9t\u00e9 lav\u00e9s, \u00ab\u2009c\u2019est une question de dignit\u00e9\u2009\u00bb appuie Nora.<\/p>\n<p class=\" wall-content\">Puis, direction Lille vers 18\u2009h. Les b\u00e9n\u00e9voles se garent du c\u00f4t\u00e9 de la mairie vers 19\u2009h, d\u00e9chargent leur impressionnant mat\u00e9riel et leurs denr\u00e9es. Ils ont m\u00eame des chariots \u00e0 roulettes, tr\u00e8s pratiques vu les <b>kilom\u00e8tres \u00e0 parcourir<\/b>. Les 100 sacs textiles bond\u00e9s sont empil\u00e9s dans d\u2019autres sacs. C\u2019est parti pour plusieurs kilom\u00e8tres et heures de rencontres. <b>5 groupes de 6 personnes<\/b> sont form\u00e9s, <b>pour \u00eatre plus efficaces<\/b>, chacun arpentera des rues diff\u00e9rentes.<\/p>\n<p>    <img   decoding=\"async\" loading=\"lazy\" class=\"size-large\" src=\"https:\/\/www.europesays.com\/fr\/wp-content\/uploads\/2025\/12\/72548139c349608548139c3494c548v-960x640.jpg\" alt=\"maraude lille asso bien vivre ensemble\" width=\"960\" height=\"640\"\/><br \/>\n    La pr\u00e9sidente de BVE, Nora Miloudi, organise une maraude aupr\u00e8s des SDF 3\u00a0fois par an. \u00a9Anne-Sophie Hourdeaux\/Croix du Nord<\/p>\n<p>Votre r\u00e9gion, votre actu !<\/p>\n<p>Recevez chaque jour les infos qui comptent pour vous.<\/p>\n<p>\t<a href=\"https:\/\/actu.fr\/newsletter\" class=\"ac-btn ac-btn--corner ac-btn--medium ac-btn--blue800\" target=\"_blank\" rel=\"noopener\">S&rsquo;incrire<\/a><\/p>\n<p class=\" wall-content\">\u00ab\u2009Vous voulez un caf\u00e9\u2009? On a aussi un repas chaud et des \u00e9charpes\u2009\u00bb. \u00c0 Lille, il ne faut pas attendre longtemps pour rencontrer les personnes \u00e0 la rue, seules ou en groupe, de la rue de B\u00e9thune \u00e0 la gare, ce mercredi soir, les b\u00e9n\u00e9voles de Bien Vivre Ensemble vont en croiser une centaine\u2009!<\/p>\n<p>Le groupe solidarit\u00e9 tr\u00e8s actif toute l\u2019ann\u00e9e<\/p>\n<p class=\" wall-content\">Nora explique\u2009: \u00ab\u2009Nous avons un groupe solidarit\u00e9 qui organise plusieurs \u00e9v\u00e9nements par an, comme la zumba solidaire. Nous faisons <b>3 maraudes par an \u00e0 Lille, deux l\u2019\u00e9t\u00e9 et une l\u2019hiver<\/b>\u2009\u00bb. Ils sont \u00e0 chaque fois entre 20 et 30, \u00ab\u2009je dois refuser du monde, car il y a beaucoup de demandes de participation\u2009!\u2009\u00bb signale Nora, ravie de voir \u00ab\u2009cette cha\u00eene humaine\u2009\u00bb.<\/p>\n<blockquote class=\"ac-article-quote wall-content\">\n<p>J\u2019aime bien qu\u2019il y ait des habitu\u00e9s, et aussi toujours des nouveaux qui d\u00e9couvrent ce que c\u2019est que la rue. On ne repart pas pareil quand on rencontre des gens dans la mis\u00e8re. \u00c7a change le regard, en sensibilisant, et aussi \u00e7a relativise ses petits probl\u00e8mes.<\/p>\n<p>Nora Miloudi<\/p><\/blockquote>\n<p>    <img   decoding=\"async\" loading=\"lazy\" class=\"size-large\" src=\"https:\/\/www.europesays.com\/fr\/wp-content\/uploads\/2025\/12\/68dce139c3496dddce139c349d2ecev-960x640.jpg\" alt=\"maraude lille asso bien vivre ensemble\" width=\"960\" height=\"640\"\/><br \/>\n    \u00c0 chaque personne rencontr\u00e9e, un petit mot \u00e9chang\u00e9. \u00a9Anne-Sophie Hourdeaux\/Croix du NordCertains vivent leur premi\u00e8re maraude<\/p>\n<p class=\" wall-content\">Les<b> b\u00e9n\u00e9voles sont tr\u00e8s charg\u00e9s, mais ont le sourire<\/b>\u2009! Yacine et Rapha\u00ebl, 19 et 20\u00a0ans, vivent leur premi\u00e8re maraude, ils font partie de l\u2019association franco-turque de Roubaix. \u00ab\u2009On sait pas trop quoi dire aux personnes mais on verra. On avait <b>envie de donner de la force aux gens<\/b>, c\u2019est compliqu\u00e9 en hiver la rue. Donner du baume au c\u0153ur, un peu de bien \u00eatre, c\u2019est important dans notre religion, on est musulmans\u2009\u00bb.<\/p>\n<p>    <img   decoding=\"async\" loading=\"lazy\" class=\"size-large\" src=\"https:\/\/www.europesays.com\/fr\/wp-content\/uploads\/2025\/12\/a0630239c349694630239c34968630v-960x640.jpg\" alt=\"maraude lille asso bien vivre ensemble\" width=\"960\" height=\"640\"\/><br \/>\n    Plusieurs jeunes avec des chiens dorment sur les pas-de-porte des magasins en plein centre-ville. \u00a9Anne-Sophie Hourdeaux\/Croix du Nord<\/p>\n<p class=\" wall-content\">Ingrid, elle, a d\u00e9j\u00e0 fait plusieurs maraudes\u2009: \u00ab\u2009Nora nous a mis le pied \u00e0 l\u2019\u00e9trier. Depuis, je fais plus attention dans la rue, je vais voir les personnes SDF, je leur parle, parfois je donne quelque chose quand je peux, \u00e7a leur fait du bien. \u00c7a m\u2019a <b>ouvert les yeux<\/b>\u2009!\u2009\u00bb Jamila, une habitu\u00e9e des maraudes, \u00ab\u2009trouve qu\u2019il y a de plus en plus de personnes dehors, surtout des jeunes\u2009\u00bb.<\/p>\n<p class=\" wall-content\">Ang\u00e9lique en est \u00e0 sa 2e op\u00e9ration solidaire\u2009: \u00ab\u2009Je me dis que <b>\u00e7a peut arriver \u00e0 tout le monde<\/b>. ce qui m\u2019a surpris, c\u2019est que certains rencontr\u00e9s cet \u00e9t\u00e9 nous ont reconnus\u2009!\u2009\u00bb<\/p>\n<p class=\" wall-content\">C\u2019est une premi\u00e8re aussi pour Micka\u00ebl\u2009: \u00ab\u2009On ne devrait plus voir \u00e7a aujourd\u2019hui. <b>Je ne pensais pas rencontrer autant de monde \u00e0 la rue<\/b>. Que fait le gouvernement\u2009?\u2009\u00bb<\/p>\n<p>    <img   decoding=\"async\" loading=\"lazy\" class=\"size-large\" src=\"https:\/\/www.europesays.com\/fr\/wp-content\/uploads\/2025\/12\/0bce9139c34960fce9139c349c2de9v-960x640.jpg\" alt=\"maraude lille asso bien vivre ensemble\" width=\"960\" height=\"640\"\/><br \/>\n    On discute, on sert du caf\u00e9, et on entend m\u00eame de l\u2019accord\u00e9on sur une maraude\u2009! \u00a9Anne-Sophie Hourdeaux\/Croix du Nord\u00ab\u2009Les SDF pensent aux autres\u2009\u00bb<\/p>\n<p class=\" wall-content\">Nora remarque\u2009: \u00ab\u2009Vous voyez, les SDF, ils sont comme \u00e7a\u2009! Ils pensent aux autres, tr\u00e8s souvent, ils<b> refusent m\u00eame qu\u2019on leur donne trop<\/b>, ils <b>ne prennent que ce dont ils ont besoin<\/b> aujourd\u2019hui. Regardez ce jeune, il a d\u00e9j\u00e0 eu \u00e0 manger avec une autre maraude, il a refus\u00e9 notre plat, mais a accept\u00e9 l\u2019\u00e9charpe\u2026\u2009\u00bb<\/p>\n<p class=\" wall-content\">Un couple \u00e9cras\u00e9 par le poids de ses sacs se d\u00e9p\u00eache. \u00ab\u2009Vous voulez un repas chaud\u2009?\u2009\u00bb Le monsieur pose ses sachets. \u00ab\u2009Je veux bien, mais de caf\u00e9 j\u2019en ai d\u00e9j\u00e0 pris 3\u2009\u00bb. Les sacs de l\u2019association sont presque vides. Nora demande \u00e0 la dame\u2009: \u00ab\u2009Vous voulez un grand sac\u2009?\u2009\u00bb \u00ab\u2009Ah oui, je veux bien celui-ci, le rouge\u2009\u00bb. Justement, il est vid\u00e9 de ses denr\u00e9es. Ni une ni deux, un b\u00e9n\u00e9vole aide le couple \u00e0 le remplir avec ses propres affaires, et c\u2019est tout juste. Puis, le duo repart \u00e0 la <b>recherche d\u2019un petit endroit o\u00f9 dormir<\/b>.<\/p>\n<p class=\" wall-content\">Au final, les sans abri ne parlent pas beaucoup, press\u00e9s de trouver un coin tranquille. \u00ab\u2009C\u2019est tr\u00e8s diff\u00e9rent l\u2019\u00e9t\u00e9, il y a plus de discussions\u2009\u00bb confie Nora. En passant sur la Grand\u2019Place, elle lance\u2009: \u00ab\u2009C\u2019est le <b>contraste \u00e0 No\u00ebl, les belles d\u00e9corations d\u2019un c\u00f4t\u00e9, et la mis\u00e8re de l\u2019autre\u2009<\/b>\u00bb.<\/p>\n<p>    <img   decoding=\"async\" loading=\"lazy\" class=\"size-large\" src=\"https:\/\/www.europesays.com\/fr\/wp-content\/uploads\/2025\/12\/4d5ee139c3496916ee139c349756eev-960x640.jpg\" alt=\"maraude lille asso bien vivre ensemble\" width=\"960\" height=\"640\"\/><br \/>\n    Les personnes sans abri sont charg\u00e9es de sacs o\u00f9 ils mettent leur vie, ils s\u2019arr\u00eatent et acceptent un repas, puis repartent dans l\u2019ombre en qu\u00eate d\u2019un coin o\u00f9 dormir. \u00a9Anne-Sophie Hourdeaux\/Croix du Nord\u00ab\u2009Do you have a big bag\u2009?\u2009\u00bb<\/p>\n<p class=\" wall-content\">Quelques personnes rencontr\u00e9es ne parlent pas fran\u00e7ais, comme ce cycliste Uber Eat. Nora comprend qu\u2019il ne peut prendre un repas tout de suite, car il doit travailler. Mais il accepte une chaude \u00e9charpe et finalement, trouve de la place dans son sac \u00e0 dos Uber Eat pour prendre un sac textile avec des denr\u00e9es.<\/p>\n<p class=\" wall-content\">\u00ab\u2009Do you have big bag\u2009?\u2009\u00bb demande un autre. Il veut un grand sac solide pour mettre ses nombreuses affaires, malheureusement, tout a d\u00e9j\u00e0 \u00e9t\u00e9 donn\u00e9. \u00ab\u2009La prochaine fois, on en ram\u00e8nera plus, j\u2019en ai plein chez moi\u2009\u00bb analyse Ingrid.<\/p>\n<p class=\" wall-content\">Un monsieur s\u2019approche, souriant : \u00ab\u2009Je prendrai bien un caf\u00e9\u2009!\u2009\u00bb<\/p>\n<p class=\" wall-content\">Il explique qu\u2019il se rend dans le Vieux-Lille sur un <b>campement de femmes<\/b>. \u00ab\u2009Elles ont froid, l\u00e0 \u00e7a va les temp\u00e9ratures, mais \u00e0 3\u00a0heures du matin, faut voir le petit vent froid\u2009! Elles ont un po\u00eale \u00e0 bois, mais parfois, y a rien \u00e0 mettre dedans\u2026\u2009\u00bb Jamila lui lance\u2009: \u00ab\u2009Elles ont besoin de v\u00eatements\u2009? Car on en a dans ce sac, vous voulez le prendre\u2009?\u2009\u00bb Il accepte\u2009: \u00ab\u2009Ah oui, elles seront contentes. <b>Moi, on m\u2019a aid\u00e9, alors je fais pareil<\/b>\u2026\u2009\u00bb Puis, il repart vite car il est d\u00e9j\u00e0 tard, il a encore de la route \u00e0 pied.<\/p>\n<p class=\" wall-content\">22\u2009h\u200930, la maraude s\u2019ach\u00e8ve, chacun peut souffler. Absolument tout est a \u00e9t\u00e9 distribu\u00e9, preuve de l\u2019impressionnant nombre de personnes \u00e0 la rue rencontr\u00e9es.<\/p>\n<p class=\" wall-content\">Personnalisez votre actualit\u00e9 en ajoutant vos villes et m\u00e9dias en favori avec <a href=\"https:\/\/moncompte.actu.fr\" title=\"D\u00e9couvez Mon Actu\" rel=\"nofollow noopener\" data-trk=\"{&quot;cta&quot;:{&quot;action&quot;:&quot;https:\\\/\\\/moncompte.actu.fr&quot;,&quot;category&quot;:&quot;mon compte&quot;,&quot;from&quot;:&quot;article footer&quot;,&quot;name&quot;:&quot;Mon actu&quot;,&quot;type&quot;:&quot;cta&quot;}}\" target=\"_blank\">Mon Actu<\/a>.<\/p>\n","protected":false},"excerpt":{"rendered":"Par Anne-Sophie Hourdeaux Publi\u00e9 le 19 d\u00e9c. 2025 \u00e0 18h34 Vous ne les voyez peut-\u00eatre pas. Mais chaque&hellip;\n","protected":false},"author":2,"featured_media":610087,"comment_status":"","ping_status":"","sticky":false,"template":"","format":"standard","meta":{"footnotes":""},"categories":[2815],"tags":[1111,11,1777,674,1011,27,811,1307,12,4518,25,104,3400],"class_list":{"0":"post-610086","1":"post","2":"type-post","3":"status-publish","4":"format-standard","5":"has-post-thumbnail","7":"category-lille","8":"tag-actu","9":"tag-actualites","10":"tag-eu","11":"tag-europe","12":"tag-fr","13":"tag-france","14":"tag-hauts-de-france","15":"tag-lille","16":"tag-news","17":"tag-pauvrete","18":"tag-republique-francaise","19":"tag-societe","20":"tag-solidarite"},"share_on_mastodon":{"url":"https:\/\/pubeurope.com\/@fr\/115747727203706056","error":""},"_links":{"self":[{"href":"https:\/\/www.europesays.com\/fr\/wp-json\/wp\/v2\/posts\/610086","targetHints":{"allow":["GET"]}}],"collection":[{"href":"https:\/\/www.europesays.com\/fr\/wp-json\/wp\/v2\/posts"}],"about":[{"href":"https:\/\/www.europesays.com\/fr\/wp-json\/wp\/v2\/types\/post"}],"author":[{"embeddable":true,"href":"https:\/\/www.europesays.com\/fr\/wp-json\/wp\/v2\/users\/2"}],"replies":[{"embeddable":true,"href":"https:\/\/www.europesays.com\/fr\/wp-json\/wp\/v2\/comments?post=610086"}],"version-history":[{"count":0,"href":"https:\/\/www.europesays.com\/fr\/wp-json\/wp\/v2\/posts\/610086\/revisions"}],"wp:featuredmedia":[{"embeddable":true,"href":"https:\/\/www.europesays.com\/fr\/wp-json\/wp\/v2\/media\/610087"}],"wp:attachment":[{"href":"https:\/\/www.europesays.com\/fr\/wp-json\/wp\/v2\/media?parent=610086"}],"wp:term":[{"taxonomy":"category","embeddable":true,"href":"https:\/\/www.europesays.com\/fr\/wp-json\/wp\/v2\/categories?post=610086"},{"taxonomy":"post_tag","embeddable":true,"href":"https:\/\/www.europesays.com\/fr\/wp-json\/wp\/v2\/tags?post=610086"}],"curies":[{"name":"wp","href":"https:\/\/api.w.org\/{rel}","templated":true}]}}