{"id":610088,"date":"2025-12-19T18:48:17","date_gmt":"2025-12-19T18:48:17","guid":{"rendered":"https:\/\/www.europesays.com\/fr\/610088\/"},"modified":"2025-12-19T18:48:17","modified_gmt":"2025-12-19T18:48:17","slug":"je-nai-pas-dormi-de-la-nuit-a-marseille-larrivee-de-ce-magasin-chinois-fait-sensation","status":"publish","type":"post","link":"https:\/\/www.europesays.com\/fr\/610088\/","title":{"rendered":"\u00ab\u00a0Je n&rsquo;ai pas dormi de la nuit\u00a0\u00bb, \u00e0 Marseille, l&rsquo;arriv\u00e9e de ce magasin chinois fait sensation"},"content":{"rendered":"<p>                    Par<br \/>\n        <strong><br \/>\n            <a href=\"https:\/\/actu.fr\/auteur\/fabien-binacchi\" title=\"Consulter tous les articles de Fabien Binacchi\" target=\"_blank\" rel=\"noopener\">Fabien Binacchi<\/a><br \/>\n                    <\/strong><\/p>\n<p>        Publi\u00e9 le<\/p>\n<p>            19 d\u00e9c. 2025 \u00e0 13h14        <\/p>\n<p>La pluie\u2009? Pas grave. L\u2019appel des Labubu \u00e9tait trop fort. Ce vendredi 19\u00a0d\u00e9cembre 2025, les fans de la petite figurine chinoise \u00e9taient au rendez-vous\u2009: <a href=\"https:\/\/actu.fr\/provence-alpes-cote-d-azur\/marseille_13055\/nouveau-a-marseille-cette-enseigne-qui-vend-un-objet-ultra-populaire-ouvre-en-plein-centre_63485783.html\" target=\"_blank\" rel=\"noopener\">un magasin Pop Mart,<\/a> l\u2019enseigne qui commercialise <strong>ces jouets qui font fureur,<\/strong> a ouvert en plein centre de <a href=\"https:\/\/actu.fr\/marseille\/\" target=\"_blank\" rel=\"noopener\">Marseille.<\/a> Certains ont fait le d\u00e9placement depuis Nice. Une jeune femme assure m\u00eame qu\u2019elle n\u2019a \u00ab\u2009pas dormi de la nuit\u2009\u00bb pour \u00eatre s\u00fbre d\u2019\u00eatre parmi les premiers. actu Marseille y \u00e9tait aussi.<\/p>\n<p>\u00ab\u2009De petits monstres trop mignons\u2009\u00bb<\/p>\n<p class=\" wall-content\">\u00ab\u2009Je me suis lev\u00e9e super t\u00f4t. Non, en vrai, je n\u2019ai pas ferm\u00e9 l\u2019\u0153il, rectifie d\u2019embl\u00e9e Emma, 24\u00a0ans. <strong>J\u2019avais trop peur de louper le bus<\/strong> et de ne pas arriver \u00e0 temps.\u2009\u00bb Venue de Martigues, elle \u00e9tait au pied de l\u2019enseigne Pop Mart \u00ab\u2009\u00e0 7h30\u2009\u00bb. Large. Le magasin Pop Mart de la rue Saint-Ferr\u00e9ol, le premier du Sud de la France, a lev\u00e9 le rideau\u2026 \u00e0 10h ce vendredi.<\/p>\n<p>    <img   decoding=\"async\" loading=\"lazy\" src=\"https:\/\/www.europesays.com\/fr\/wp-content\/uploads\/2025\/12\/popmart-labubu-marseille-2-960x640.jpeg\" alt=\"POPMART labubu Marseille 2\" width=\"960\" height=\"640\"\/><br \/>\n    Emma, \u00e9tudiante de Martigues, n\u2019a pas dormi de la nuit pour \u00eatre au rendez-vous. (\u00a9Fabien Binacchi \/ actu Marseille)<\/p>\n<p class=\" wall-content\">Pourtant, l\u2019\u00e9tudiante, n\u2019\u00e9tait m\u00eame pas la premi\u00e8re. Marine et Marie-France l\u2019avaient devanc\u00e9e dans la file d\u2019attente, sous les parapluies. \u00ab\u2009<strong>On voulait \u00eatre les premi\u00e8res<\/strong> m\u00eame s\u2019ils ont mis un syst\u00e8me de r\u00e9servation et qu\u2019on avait notre cr\u00e9neau\u2009\u00bb, expliquent cette m\u00e8re et sa fille, 63\u00a0ans et 37\u00a0ans, venues avec la ferme intention de faire le plein. De Labubu bien s\u00fbr. \u00ab\u2009Ce sont de petits monstres trop mignons\u2009\u00bb, r\u00e9sume la plus jeune.<\/p>\n<p class=\" wall-content\"><strong>Ces jouets au sourire carnassier,<\/strong> produits en quantit\u00e9s limit\u00e9es, ont explos\u00e9 r\u00e9cemment \u00e0 la suite d\u2019un ph\u00e9nom\u00e8ne viral sur <a href=\"https:\/\/actu.fr\/tag\/reseaux-sociaux\" target=\"_blank\" rel=\"noopener\">les r\u00e9seaux sociaux<\/a>. Un v\u00e9ritable buzz aliment\u00e9 notamment par des stars, Madonna, Rihanna ou encore Brad Pitt en t\u00eate.<\/p>\n<p>Les bo\u00eetes de Labubu secou\u00e9es fr\u00e9n\u00e9tiquement<\/p>\n<p class=\" wall-content\">\u00ab\u2009Je ne me suis pas mis de budget. On verra bien\u2009\u00bb, glisse Marine avant de passer les portes coulissantes. \u00c0 l\u2019int\u00e9rieur, <strong>une caverne d\u2019Ali Baba pour ces fans.<\/strong> \u00ab\u2009Incognito\u2009\u00bb, une femme venue de Nice pour l\u2019occasion a d\u00e9j\u00e0 bien rempli ses sacs pendant que Ludivine et Elsa, 19 et 36\u00a0ans, secouent fr\u00e9n\u00e9tiquement les \u00ab\u2009bo\u00eetes myst\u00e8res\u2009\u00bb de Labubu.<\/p>\n<p class=\" wall-content\">Hors \u00e9ditions sp\u00e9ciales, l\u2019acheteur ignore quel mod\u00e8le sera \u00e0 l\u2019int\u00e9rieur. \u00ab\u2009<strong>On essaie de choisir en fonction de la taille et du poids.<\/strong> Tout le monde fait \u00e7a. Moi, \u00e7a m\u2019a toujours port\u00e9 chance\u2009\u00bb, explique la premi\u00e8re \u00ab\u2009qui a embarqu\u00e9\u2009\u00bb la seconde dans cette passion.<\/p>\n<p>Votre r\u00e9gion, votre actu !<\/p>\n<p>Recevez chaque jour les infos qui comptent pour vous.<\/p>\n<p>\t<a href=\"https:\/\/actu.fr\/newsletter\" class=\"ac-btn ac-btn--corner ac-btn--medium ac-btn--blue800\" target=\"_blank\" rel=\"noopener\">S&rsquo;incrire<\/a><\/p>\n<blockquote class=\"ac-article-quote wall-content\">\n<p>Je n&rsquo;en ai pas encore une centaine, mais au moins plusieurs dizaines. Et il y en a que je veux particuli\u00e8rement.<\/p>\n<p>    <strong>Ludivine<\/strong><br \/>\n        Fan des Labubu    <\/p><\/blockquote>\n<p class=\" wall-content\">Au moins 300 figurines diff\u00e9rentes ont d\u00e9j\u00e0 \u00e9t\u00e9 commercialis\u00e9es par Pop Mart. <strong>Dans toutes les tailles, \u00e0 tous les prix<\/strong> (\u00e0 partir d\u2019une quinzaine d\u2019euros jusqu\u2019\u00e0 90, voire 150 euros) et sous plusieurs formes. \u00ab\u2009Celles qui ont le plus de succ\u00e8s, ce sont les \u2018vinyl plush\u2019 \u00bb, plastique et peluche, pr\u00e9cise sur place Danni Zhao, au marketing de l\u2019enseigne chinoise.<\/p>\n<p>    <img   decoding=\"async\" loading=\"lazy\" src=\"https:\/\/www.europesays.com\/fr\/wp-content\/uploads\/2025\/12\/popmart-labubu-marseille-3-960x640.jpeg\" alt=\"POPMART labubu Marseille 3\" width=\"960\" height=\"640\"\/><br \/>\n    Les Labubu cohabitent avec d\u2019autres univers Pop Mart et d\u2019autres franchises. (\u00a9Fabien Binacchi \/ actu Marseille)Skullpanda, Twinkle Twinkle et d\u2019autres<\/p>\n<p class=\" wall-content\">\u00ab\u2009Mais les Labubu ne sont pas les seuls produits de Pop Mart, insiste la responsable aupr\u00e8s d\u2019actu Marseille. <strong>On essaie aussi de promouvoir toutes les autres cr\u00e9ations de nos artistes.<\/strong>\u2009\u00bb Des figurines des univers Skullpanda et autres Twinkle Twinkle, dont certains exemplaires sont d\u2019ailleurs offerts aux clients qui d\u00e9pensent certaines sommes, compl\u00e8tent l\u2019offre du magasin, aux c\u00f4t\u00e9s d\u2019autres franchises externes, Disney en t\u00eate.<\/p>\n<p class=\" wall-content\">Emma \u00e9tait d\u2019ailleurs aussi venue pour trouver des produits \u00ab\u2009Peach Riot\u2009\u00bb pour son fr\u00e8re \u00ab\u2009qui est tr\u00e8s fan\u2009\u00bb et d\u2019autres issus du jeu vid\u00e9o \u00ab\u2009Genshin Impact\u2009\u00bb qu\u2019elle \u00ab\u2009adore\u2009\u00bb. Et, au final, la jeune femme est repartie de la boutique les bras bien charg\u00e9s.<\/p>\n<p>Pop Mart Marseille, 28 rue Saint-Ferr\u00e9ol (1er).<\/p>\n<p class=\" wall-content\">Personnalisez votre actualit\u00e9 en ajoutant vos villes et m\u00e9dias en favori avec <a href=\"https:\/\/moncompte.actu.fr\" title=\"D\u00e9couvez Mon Actu\" rel=\"nofollow noopener\" data-trk=\"{&quot;cta&quot;:{&quot;action&quot;:&quot;https:\\\/\\\/moncompte.actu.fr&quot;,&quot;category&quot;:&quot;mon compte&quot;,&quot;from&quot;:&quot;article footer&quot;,&quot;name&quot;:&quot;Mon actu&quot;,&quot;type&quot;:&quot;cta&quot;}}\" target=\"_blank\">Mon Actu<\/a>.<\/p>\n","protected":false},"excerpt":{"rendered":"Par Fabien Binacchi Publi\u00e9 le 19 d\u00e9c. 2025 \u00e0 13h14 La pluie\u2009? Pas grave. L\u2019appel des Labubu \u00e9tait&hellip;\n","protected":false},"author":2,"featured_media":610089,"comment_status":"","ping_status":"","sticky":false,"template":"","format":"standard","meta":{"footnotes":""},"categories":[2814],"tags":[1111,11,215,1777,674,1011,27,1305,884,12,3147,882,25,938],"class_list":{"0":"post-610088","1":"post","2":"type-post","3":"status-publish","4":"format-standard","5":"has-post-thumbnail","7":"category-marseille","8":"tag-actu","9":"tag-actualites","10":"tag-commerce","11":"tag-eu","12":"tag-europe","13":"tag-fr","14":"tag-france","15":"tag-lifestyle","16":"tag-marseille","17":"tag-news","18":"tag-nouveaux-commerces","19":"tag-provence-alpes-cote-dazur","20":"tag-republique-francaise","21":"tag-reseaux-sociaux"},"share_on_mastodon":{"url":"https:\/\/pubeurope.com\/@fr\/115747730750859890","error":""},"_links":{"self":[{"href":"https:\/\/www.europesays.com\/fr\/wp-json\/wp\/v2\/posts\/610088","targetHints":{"allow":["GET"]}}],"collection":[{"href":"https:\/\/www.europesays.com\/fr\/wp-json\/wp\/v2\/posts"}],"about":[{"href":"https:\/\/www.europesays.com\/fr\/wp-json\/wp\/v2\/types\/post"}],"author":[{"embeddable":true,"href":"https:\/\/www.europesays.com\/fr\/wp-json\/wp\/v2\/users\/2"}],"replies":[{"embeddable":true,"href":"https:\/\/www.europesays.com\/fr\/wp-json\/wp\/v2\/comments?post=610088"}],"version-history":[{"count":0,"href":"https:\/\/www.europesays.com\/fr\/wp-json\/wp\/v2\/posts\/610088\/revisions"}],"wp:featuredmedia":[{"embeddable":true,"href":"https:\/\/www.europesays.com\/fr\/wp-json\/wp\/v2\/media\/610089"}],"wp:attachment":[{"href":"https:\/\/www.europesays.com\/fr\/wp-json\/wp\/v2\/media?parent=610088"}],"wp:term":[{"taxonomy":"category","embeddable":true,"href":"https:\/\/www.europesays.com\/fr\/wp-json\/wp\/v2\/categories?post=610088"},{"taxonomy":"post_tag","embeddable":true,"href":"https:\/\/www.europesays.com\/fr\/wp-json\/wp\/v2\/tags?post=610088"}],"curies":[{"name":"wp","href":"https:\/\/api.w.org\/{rel}","templated":true}]}}