{"id":610098,"date":"2025-12-19T18:54:12","date_gmt":"2025-12-19T18:54:12","guid":{"rendered":"https:\/\/www.europesays.com\/fr\/610098\/"},"modified":"2025-12-19T18:54:12","modified_gmt":"2025-12-19T18:54:12","slug":"apres-son-expulsion-le-club-de-petanque-de-montmartre-en-passe-de-trouver-un-point-de-chute","status":"publish","type":"post","link":"https:\/\/www.europesays.com\/fr\/610098\/","title":{"rendered":"apr\u00e8s son expulsion, le club de p\u00e9tanque de Montmartre en passe de trouver un point de chute"},"content":{"rendered":"<p>                    Par<br \/>\n        <strong><br \/>\n            <a href=\"https:\/\/actu.fr\/auteur\/glenn-gillet\" title=\"Consulter tous les articles de Glenn Gillet\" target=\"_blank\" rel=\"noopener\">Glenn Gillet<\/a><br \/>\n                    <\/strong><\/p>\n<p>        Publi\u00e9 le<\/p>\n<p>            19 d\u00e9c. 2025 \u00e0 18h54        <\/p>\n<p>Apr\u00e8s des ann\u00e9es d\u2019\u00e2pre <strong>bataille<\/strong>, la mairie et les <a href=\"https:\/\/actu.fr\/ile-de-france\/paris_75056\/club-de-petanque-de-montmartre-on-prefere-le-tourisme-des-gens-fortunes-balance-fabrice-luchini_61769630.html\" target=\"_blank\" rel=\"noopener\">boulistes de Montmartre<\/a> vont-ils finalement parvenir \u00e0 un compromis\u2009? <a href=\"https:\/\/actu.fr\/ile-de-france\/paris_75056\/paris-derniere-sommation-pour-les-zadistes-du-club-de-petanque-de-montmartre_61102194.html\" target=\"_blank\" rel=\"noopener\">Expuls\u00e9 en octobre\u00a02024<\/a> du terrain municipal qu\u2019il occupait dans le 18e arrondissement, le <a href=\"https:\/\/www.clap-montmartre.fr\/\" target=\"_blank\" rel=\"noopener\">Club Lepic Abbesses P\u00e9tanque (Clap)<\/a>, sans lieu de pratique attitr\u00e9 \u00e0 l\u2019heure actuelle, pourrait s\u2019installer avec ses <strong>180\u00a0adh\u00e9rents et 300\u00a0licenci\u00e9s<\/strong> \u00e0 quelques centaines de m\u00e8tres de son ancienne demeure, selon des informations communiqu\u00e9es ce vendredi 19\u00a0d\u00e9cembre 2025 par Lamia El Aaraje, adjointe \u00e0 la maire de Paris notamment en charge de l\u2019urbanisme.<\/p>\n<p>Deux squares font l\u2019objet d\u2019\u00e9tudes et de discussions<\/p>\n<p class=\" wall-content\">Elle r\u00e9agissait au Conseil de Paris \u00e0 la prise de parole de <a href=\"https:\/\/actu.fr\/ile-de-france\/paris_75056\/policiers-municipaux-armes-brigade-de-drones-pierre-yves-bournazel-devoile-son-plan-securite-pour-paris_63561498.html\" target=\"_blank\" rel=\"noopener\">Pierre-Yves Bournazel<\/a> (Horizons), \u00e9lu du 18e arrondissement et candidat \u00e0 la mairie de Paris, qui demandait que la mairie de Paris permette l\u2019installation du Clap au sein du square municipal L\u00e9on Serpollet. Soutien de longue date des boulistes du Clap, il avait par le pass\u00e9 d\u00e9fendu leur maintien sur leur terrain historique et refusait que ce dernier ne fasse l\u2019objet d\u2019une <strong>concession \u00e0 un h\u00f4tel voisin<\/strong> pour qu\u2019il en fasse un espace vert accessible au public.<\/p>\n<p class=\" wall-content\">\u00ab\u2009Il y a eu un certain nombre d\u2019\u00e9changes avec le Clap pour essayer de trouver des solutions alternatives\u2009\u00bb, a r\u00e9pondu Lamia El Aaraje, et \u00ab\u2009sur demande de la mairie du 18e\u2009\u00bb le transfert des boulistes vers les squares L\u00e9on Serpollet ou Suzanne Buisson est \u00ab\u2009<strong>en phase d\u2019\u00e9tude<\/strong> sur la base du cahier des charges qui a \u00e9t\u00e9 r\u00e9dig\u00e9 par le Clap, avec bien s\u00fbr la contrainte de n\u2019abattre aucun arbre\u2009\u00bb. Elle a pr\u00e9cis\u00e9 que \u00ab\u2009ces plans d\u2019\u00e9tude ont \u00e9t\u00e9 transmis au Clap et les \u00e9changes avec eux se poursuivent\u2009\u00bb.<\/p>\n<p class=\" wall-content\">Apr\u00e8s plus de 50\u00a0ans \u00e0 occuper leur terrain historique de l\u2019avenue Junot, les membres du Clap avaient \u00e9t\u00e9 d\u00e9log\u00e9s par les forces de l\u2019ordre \u00e0 la suite d\u2019une d\u00e9cision du Conseil d\u2019\u00c9tat, malgr\u00e9 une farouche opposition marqu\u00e9e notamment par l\u2019installation de tentes pour faire du terrain une ZAD ainsi que de multiples recours en justice qui ont finalement achopp\u00e9.<\/p>\n<p class=\" wall-content\">Personnalisez votre actualit\u00e9 en ajoutant vos villes et m\u00e9dias en favori avec <a href=\"https:\/\/moncompte.actu.fr\" title=\"D\u00e9couvez Mon Actu\" rel=\"nofollow noopener\" data-trk=\"{&quot;cta&quot;:{&quot;action&quot;:&quot;https:\\\/\\\/moncompte.actu.fr&quot;,&quot;category&quot;:&quot;mon compte&quot;,&quot;from&quot;:&quot;article footer&quot;,&quot;name&quot;:&quot;Mon actu&quot;,&quot;type&quot;:&quot;cta&quot;}}\" target=\"_blank\">Mon Actu<\/a>.<\/p>\n","protected":false},"excerpt":{"rendered":"Par Glenn Gillet Publi\u00e9 le 19 d\u00e9c. 2025 \u00e0 18h54 Apr\u00e8s des ann\u00e9es d\u2019\u00e2pre bataille, la mairie et&hellip;\n","protected":false},"author":2,"featured_media":610099,"comment_status":"","ping_status":"","sticky":false,"template":"","format":"standard","meta":{"footnotes":""},"categories":[1888],"tags":[1111,1928,11,1927,1777,674,1011,27,2381,12,1926,626,1925,6426,25,104,517],"class_list":{"0":"post-610098","1":"post","2":"type-post","3":"status-publish","4":"format-standard","5":"has-post-thumbnail","7":"category-paris","8":"tag-actu","9":"tag-actu-paris","10":"tag-actualites","11":"tag-actualites-paris","12":"tag-eu","13":"tag-europe","14":"tag-fr","15":"tag-france","16":"tag-mairie-de-paris","17":"tag-news","18":"tag-news-paris","19":"tag-paris","20":"tag-paris-news","21":"tag-petanque","22":"tag-republique-francaise","23":"tag-societe","24":"tag-sport"},"share_on_mastodon":{"url":"https:\/\/pubeurope.com\/@fr\/115747754223395129","error":""},"_links":{"self":[{"href":"https:\/\/www.europesays.com\/fr\/wp-json\/wp\/v2\/posts\/610098","targetHints":{"allow":["GET"]}}],"collection":[{"href":"https:\/\/www.europesays.com\/fr\/wp-json\/wp\/v2\/posts"}],"about":[{"href":"https:\/\/www.europesays.com\/fr\/wp-json\/wp\/v2\/types\/post"}],"author":[{"embeddable":true,"href":"https:\/\/www.europesays.com\/fr\/wp-json\/wp\/v2\/users\/2"}],"replies":[{"embeddable":true,"href":"https:\/\/www.europesays.com\/fr\/wp-json\/wp\/v2\/comments?post=610098"}],"version-history":[{"count":0,"href":"https:\/\/www.europesays.com\/fr\/wp-json\/wp\/v2\/posts\/610098\/revisions"}],"wp:featuredmedia":[{"embeddable":true,"href":"https:\/\/www.europesays.com\/fr\/wp-json\/wp\/v2\/media\/610099"}],"wp:attachment":[{"href":"https:\/\/www.europesays.com\/fr\/wp-json\/wp\/v2\/media?parent=610098"}],"wp:term":[{"taxonomy":"category","embeddable":true,"href":"https:\/\/www.europesays.com\/fr\/wp-json\/wp\/v2\/categories?post=610098"},{"taxonomy":"post_tag","embeddable":true,"href":"https:\/\/www.europesays.com\/fr\/wp-json\/wp\/v2\/tags?post=610098"}],"curies":[{"name":"wp","href":"https:\/\/api.w.org\/{rel}","templated":true}]}}