{"id":610110,"date":"2025-12-19T19:00:22","date_gmt":"2025-12-19T19:00:22","guid":{"rendered":"https:\/\/www.europesays.com\/fr\/610110\/"},"modified":"2025-12-19T19:00:22","modified_gmt":"2025-12-19T19:00:22","slug":"donald-trump-suspend-le-programme-de-loterie-pour-les-green-cards","status":"publish","type":"post","link":"https:\/\/www.europesays.com\/fr\/610110\/","title":{"rendered":"Donald Trump suspend le programme de loterie pour les \u00ab\u00a0Green Cards\u00a0\u00bb"},"content":{"rendered":"<p><strong>Les autorit\u00e9s am\u00e9ricaines ont annonc\u00e9 la \u00ab\u00a0suspension imm\u00e9diate\u00a0\u00bb du programme de loterie de la \u00ab\u00a0Green Card\u00a0\u00bb, dit \u00ab\u00a0Diversity Visa\u00a0\u00bb, dont avait b\u00e9n\u00e9fici\u00e9 le principal suspect de la fusillade meurtri\u00e8re survenue le weekend dernier \u00e0 l\u2019universit\u00e9 Brown, dans le nord-est des \u00c9tats-Unis.<\/strong><\/p>\n<p>\u00ab\u00a0Claudio Manuel Neves Valente, l&rsquo;auteur de la fusillade de l&rsquo;universit\u00e9 Brown, est entr\u00e9 aux \u00c9tats-Unis en 2017 gr\u00e2ce au programme de la Diversity Visa par loterie et a obtenu une carte de r\u00e9sidence. Cet individu odieux n&rsquo;aurait jamais d\u00fb \u00eatre autoris\u00e9 \u00e0 entrer dans notre pays\u00a0\u00bb, a \u00e9crit la ministre am\u00e9ricaine de la s\u00e9curit\u00e9 int\u00e9rieure, Kristi Noem, sur le r\u00e9seau social X.<\/p>\n<blockquote class=\"twitter-tweet\">\n<p dir=\"ltr\" lang=\"en\">The Brown University shooter, Claudio Manuel Neves Valente entered the United States through the diversity lottery immigrant visa program (DV1) in 2017 and was granted a green card. This heinous individual should never have been allowed in our country.<\/p>\n<p>In 2017, President Trump\u2026<\/p>\n<p>\u2014 Secretary Kristi Noem (@Sec_Noem) <a href=\"https:\/\/twitter.com\/Sec_Noem\/status\/2001873077089767435?ref_src=twsrc%5Etfw\" target=\"_blank\" rel=\"noopener\">December 19, 2025<\/a><\/p><\/blockquote>\n<p>Noem a indiqu\u00e9 avoir demand\u00e9 aux services de citoyennet\u00e9 et d&rsquo;immigration (USCIS) \u00ab\u00a0de suspendre sur instruction du pr\u00e9sident Trump le programme Diversity Visa\u00a0\u00bb, affirmant vouloir \u00ab\u00a0emp\u00eacher que d\u2019autres Am\u00e9ricains ne soient victimes de ce programme d\u00e9sastreux\u00a0\u00bb.<\/p>\n<p>Instaur\u00e9 en 1990, ce syst\u00e8me de loterie permet chaque ann\u00e9e \u00e0 environ 50.000 ressortissants \u00e9trangers d\u2019obtenir une carte de r\u00e9sident permanent aux \u00c9tats-Unis, sous r\u00e9serve de remplir les crit\u00e8res d&rsquo;\u00e9ligibilit\u00e9 requis, notamment la d\u00e9tention d\u2019un dipl\u00f4me d\u2019enseignement secondaire ou une exp\u00e9rience professionnelle qualifiante.<\/p>\n<p>Le processus inclut un examen approfondi des dossiers ainsi qu\u2019un entretien obligatoire avant la d\u00e9livrance du visa. Des dizaines de millions de candidats \u00e0 travers le monde participent chaque ann\u00e9e \u00e0 ce tirage au sort.<\/p>\n<p>Parall\u00e8lement \u00e0 cette annonce, la police de Providence, dans l\u2019\u00c9tat de Rhode Island, o\u00f9 se trouve la prestigieuse universit\u00e9 Brown, a indiqu\u00e9 jeudi soir que Claudio Neves Valente, ressortissant portugais \u00e2g\u00e9 de 48 ans et principal suspect dans la fusillade sur le campus, a \u00e9t\u00e9 retrouv\u00e9 sans vie.<\/p>\n<p>Selon le chef de la police de la ville, Oscar Perez, le suspect \u00ab\u00a0s\u2019est donn\u00e9 la mort\u00a0\u00bb. Son corps a \u00e9t\u00e9 d\u00e9couvert dans un conteneur de stockage, dans l\u2019\u00c9tat voisin du New Hampshire, avec deux armes \u00e0 feu \u00e0 c\u00f4t\u00e9.<\/p>\n<p>La fusillade s\u2019est produite samedi dernier dans le b\u00e2timent d\u2019ing\u00e9nierie et de physique de l\u2019universit\u00e9 Brown, alors que des examens \u00e9taient en cours. Deux \u00e9tudiants ont \u00e9t\u00e9 tu\u00e9s, tandis que neuf autres personnes ont \u00e9t\u00e9 bless\u00e9es.<\/p>\n<p>Il est \u00e9galement suspect\u00e9 d&rsquo;avoir tu\u00e9 lundi soir, \u00e0 quelque 70 kilom\u00e8tres de l\u00e0, un professeur de la prestigieuse institution du Massachusetts Institute of Technology (MIT).<\/p>\n<p>Professeur depuis 2016 au MIT, Nuno Loureiro enseignait les sciences et le g\u00e9nie nucl\u00e9aire. Il \u00e9t\u00e9 retrouv\u00e9 bless\u00e9 par balle lundi soir \u00e0 son domicile de Brookline, dans l&rsquo;\u00c9tat du Massachusetts. \u00c2g\u00e9 de 47 ans, il a \u00e9t\u00e9 d\u00e9clar\u00e9 mort \u00e0 l&rsquo;h\u00f4pital le lendemain.<\/p>\n<p>\u00c0 ce stade, aucun mobile n\u2019a \u00e9t\u00e9 officiellement avanc\u00e9 pour expliquer ces actes, qui ont vis\u00e9 deux des institutions universitaires les plus prestigieuses du pays. Les autorit\u00e9s poursuivent leurs investigations afin de d\u00e9terminer les circonstances exactes de ces \u00e9v\u00e9nements.<\/p>\n<p>Selon des \u00e9l\u00e9ments rapport\u00e9s par la presse am\u00e9ricaine, Claudio Neves Valente avait lui-m\u00eame \u00e9tudi\u00e9 \u00e0 l\u2019universit\u00e9 Brown au d\u00e9but des ann\u00e9es 2000. Entre 1995 et 2000, il aurait \u00e9galement suivi des \u00e9tudes de physique dans une universit\u00e9 de Lisbonne, en m\u00eame temps que Nuno Loureiro.<\/p>\n<p>Arriv\u00e9 une premi\u00e8re fois aux \u00c9tats-Unis en 2000 avec un visa \u00e9tudiant, il avait ensuite obtenu le statut de r\u00e9sident permanent en 2017 gr\u00e2ce au programme de la loterie.<\/p>\n<p>Au-del\u00e0 de l\u2019\u00e9motion suscit\u00e9e par cette trag\u00e9die, l\u2019affaire ravive le d\u00e9bat r\u00e9current aux \u00c9tats-Unis sur la possession d\u2019armes \u00e0 feu, un droit garanti par la Constitution am\u00e9ricaine et auquel une large partie de la population demeure fortement attach\u00e9e.<\/p>\n<p>Selon le site sp\u00e9cialis\u00e9 Gun Violence Archive, plus de 16.000 personnes ont \u00e9t\u00e9 tu\u00e9es par arme \u00e0 feu aux \u00c9tats-Unis en 2024, sans compter les suicides, illustrant la persistance d\u2019un ph\u00e9nom\u00e8ne de violence arm\u00e9e \u00e0 grande \u00e9chelle dans le pays.<\/p>\n<p><script async src=\"https:\/\/platform.twitter.com\/widgets.js\" charset=\"utf-8\"><\/script><\/p>\n","protected":false},"excerpt":{"rendered":"Les autorit\u00e9s am\u00e9ricaines ont annonc\u00e9 la \u00ab\u00a0suspension imm\u00e9diate\u00a0\u00bb du programme de loterie de la \u00ab\u00a0Green Card\u00a0\u00bb, dit \u00ab\u00a0Diversity&hellip;\n","protected":false},"author":2,"featured_media":610111,"comment_status":"","ping_status":"","sticky":false,"template":"","format":"standard","meta":{"footnotes":""},"categories":[1589],"tags":[11,75,73,1866,72122,12,1864,1865,1863,308],"class_list":{"0":"post-610110","1":"post","2":"type-post","3":"status-publish","4":"format-standard","5":"has-post-thumbnail","7":"category-etats-unis","8":"tag-actualites","9":"tag-donald-trump","10":"tag-etats-unis","11":"tag-etats-unis-damerique","12":"tag-green-card","13":"tag-news","14":"tag-united-states","15":"tag-united-states-of-america","16":"tag-us","17":"tag-usa"},"share_on_mastodon":{"url":"https:\/\/pubeurope.com\/@fr\/115747777637326989","error":""},"_links":{"self":[{"href":"https:\/\/www.europesays.com\/fr\/wp-json\/wp\/v2\/posts\/610110","targetHints":{"allow":["GET"]}}],"collection":[{"href":"https:\/\/www.europesays.com\/fr\/wp-json\/wp\/v2\/posts"}],"about":[{"href":"https:\/\/www.europesays.com\/fr\/wp-json\/wp\/v2\/types\/post"}],"author":[{"embeddable":true,"href":"https:\/\/www.europesays.com\/fr\/wp-json\/wp\/v2\/users\/2"}],"replies":[{"embeddable":true,"href":"https:\/\/www.europesays.com\/fr\/wp-json\/wp\/v2\/comments?post=610110"}],"version-history":[{"count":0,"href":"https:\/\/www.europesays.com\/fr\/wp-json\/wp\/v2\/posts\/610110\/revisions"}],"wp:featuredmedia":[{"embeddable":true,"href":"https:\/\/www.europesays.com\/fr\/wp-json\/wp\/v2\/media\/610111"}],"wp:attachment":[{"href":"https:\/\/www.europesays.com\/fr\/wp-json\/wp\/v2\/media?parent=610110"}],"wp:term":[{"taxonomy":"category","embeddable":true,"href":"https:\/\/www.europesays.com\/fr\/wp-json\/wp\/v2\/categories?post=610110"},{"taxonomy":"post_tag","embeddable":true,"href":"https:\/\/www.europesays.com\/fr\/wp-json\/wp\/v2\/tags?post=610110"}],"curies":[{"name":"wp","href":"https:\/\/api.w.org\/{rel}","templated":true}]}}