{"id":610116,"date":"2025-12-19T19:03:13","date_gmt":"2025-12-19T19:03:13","guid":{"rendered":"https:\/\/www.europesays.com\/fr\/610116\/"},"modified":"2025-12-19T19:03:13","modified_gmt":"2025-12-19T19:03:13","slug":"leditorial-de-philippe-gelie-entre-trump-et-poutine-leurope-par-pertes-et-profits","status":"publish","type":"post","link":"https:\/\/www.europesays.com\/fr\/610116\/","title":{"rendered":"L\u2019\u00e9ditorial de Philippe G\u00e9lie\u00a0:\u00a0\u00abEntre Trump et Poutine, l\u2019Europe par pertes et profits\u00bb"},"content":{"rendered":"<p>\n    Cantonn\u00e9s au r\u00f4le de payeurs avec un plan d\u2019aide de 90 milliards d\u2019euros pour l\u2019Ukraine, les Europ\u00e9ens se pr\u00e9parent \u00e0 la guerre en redoutant qu\u2019une paix soit conclue sur leur dos.<\/p>\n<p class=\"fig-paragraph\">Le spectacle du monde actuel a tout pour r\u00e9jouir\u00a0<a href=\"http:\/\/www.lefigaro.fr\/international\/russie-ce-qu-il-faut-retenir-de-la-conference-annuelle-de-vladimir-poutine-20251219\" data-fig-type=\"NewsFlash\" data-gtm-custom-categorie=\"navigation\" data-gtm-custom-action=\"crossclick\" data-gtm-custom-label=\"Contextuel\" data-gtm-event=\"customEventSPE\" data-fig-domain=\"LEFIGARO\" target=\"_blank\" rel=\"noopener\">Vladimir Poutine<\/a>. Certes plus longue et plus co\u00fbteuse que pr\u00e9vu, sa\u00a0<a href=\"https:\/\/www.lefigaro.fr\/international\/dossier\/tensions-entre-la-russie-et-l-ukraine-tout-comprendre-a-la-menace-d-une-invasion-russe\" target=\"_blank\" data-fig-type=\"Topic\" rel=\"nofollow noopener\" data-gtm-custom-categorie=\"navigation\" data-gtm-custom-action=\"crossclick\" data-gtm-custom-label=\"Contextuel\" data-gtm-event=\"customEventSPE\" data-fig-domain=\"LEFIGARO\">guerre en Ukraine<\/a>\u00a0avance n\u00e9anmoins dans le sens de ses int\u00e9r\u00eats. Il entend toujours obtenir, par voie diplomatique ou militaire, tous les territoires annex\u00e9s par la Russie en anticipation de leur conqu\u00eate. Il voit les Europ\u00e9ens caler au moment de saisir\u00a0<a href=\"http:\/\/www.lefigaro.fr\/international\/faute-d-accord-sur-les-avoirs-russes-geles-l-europe-va-emettre-une-dette-commune-pour-soutenir-l-ukraine-20251219\" data-fig-type=\"Article\" data-gtm-custom-categorie=\"navigation\" data-gtm-custom-action=\"crossclick\" data-gtm-custom-label=\"Contextuel\" data-gtm-event=\"customEventSPE\" data-fig-domain=\"LEFIGARO\" target=\"_blank\" rel=\"noopener\">les avoirs russes gel\u00e9s<\/a>, un \u00ab\u200abraquage\u00a0\u00bb aux \u00ab\u200acons\u00e9quences lourdes\u00a0\u00bb, mena\u00e7ait le ma\u00eetre du Kremlin. Et il a dor\u00e9navant \u00e0 Washington un interlocuteur compr\u00e9hensif, qui l\u2019a sorti de son isolement, soutient ses exigences envers l\u2019Ukraine et pr\u00eate son concours \u00e0 l\u2019affaiblissement des d\u00e9mocraties \u00ab\u200ad\u00e9cadentes\u00a0\u00bb du camp occidental.<\/p>\n<p class=\"fig-paragraph\">De ce promontoire, le pr\u00e9sident russe peut se donner le beau r\u00f4le. Dans un majestueux exercice annuel de d\u00e9mocratie directe \u2013 quoique \u00e9troitement contr\u00f4l\u00e9e\u00a0\u2013, il a pos\u00e9 vendredi des jalons calibr\u00e9s pour plaire \u00e0 son interlocuteur am\u00e9ricain\u00a0: tout en s\u2019affranchissant de sa responsabilit\u00e9\u2026<\/p>\n<p class=\"fig-premium-paywall__infos\">\n        Cet article est r\u00e9serv\u00e9 aux abonn\u00e9s.        Il vous reste 58% \u00e0 d\u00e9couvrir.\n    <\/p>\n<p>                <img  data- alt=\"Le Figaro\" class=\"fig-img--complete fig-img\"\/><\/p>\n<p class=\"fig-premium-paywall__title\">Vous avez envie de lire la suite ?<\/p>\n<p class=\"fig-premium-paywall__subtitle\">D\u00e9bloquez tous les articles imm\u00e9diatement.<\/p>\n<p class=\"fig-premium-paywall__connect\">\n                D\u00e9j\u00e0 abonn\u00e9\u00a0?                <a class=\"fig-premium-paywall__connect-link\" href=\"https:\/\/connect.lefigaro.fr\/login?client=horizon_web&amp;type=main&amp;redirect_uri=https%3A%2F%2Fwww.lefigaro.fr%2Fvox%2Fmonde%2Fl-editorial-de-philippe-gelie-entre-trump-et-poutine-l-europe-par-pertes-et-profits-20251219\" data-js-gtm=\"{&quot;customCategorie&quot;: &quot;conversion&quot;, &quot;customAction&quot;: &quot;before_Landing_Connexion_paywall_auto&quot;, &quot;customLabel&quot;: &quot;bGVmaWdhcm8uZnJfXzFmMGRkMDhiLTI0YTAtNmQzYy04ZjI1LTE5ZWRiNDMwYmRiOV9fQXJ0aWNsZQ==_L\u2019\u00e9ditorial de Philippe G\u00e9lie\u00a0:\u00a0\u00abEntre Trump et Poutine, l\u2019Europe par pertes et profits\u00bb_285&quot;, &quot;customIDSPE&quot;: &quot;bGVmaWdhcm8uZnJfXzFmMGRkMDhiLTI0YTAtNmQzYy04ZjI1LTE5ZWRiNDMwYmRiOV9fQXJ0aWNsZQ==&quot;, &quot;event&quot;: &quot;customEventSPE&quot;}\" target=\"_blank\" rel=\"noopener\"><br \/>\n                    Connectez-vous<br \/>\n                <\/a>\n            <\/p>\n","protected":false},"excerpt":{"rendered":"Cantonn\u00e9s au r\u00f4le de payeurs avec un plan d\u2019aide de 90 milliards d\u2019euros pour l\u2019Ukraine, les Europ\u00e9ens se&hellip;\n","protected":false},"author":2,"featured_media":610117,"comment_status":"","ping_status":"","sticky":false,"template":"","format":"standard","meta":{"footnotes":""},"categories":[1586],"tags":[11,75,8425,1777,674,1011,27,131,12,25,135],"class_list":{"0":"post-610116","1":"post","2":"type-post","3":"status-publish","4":"format-standard","5":"has-post-thumbnail","7":"category-europe","8":"tag-actualites","9":"tag-donald-trump","10":"tag-editorial-figaro","11":"tag-eu","12":"tag-europe","13":"tag-fr","14":"tag-france","15":"tag-guerre-en-ukraine","16":"tag-news","17":"tag-republique-francaise","18":"tag-vladimir-poutine"},"share_on_mastodon":{"url":"https:\/\/pubeurope.com\/@fr\/115747789602881732","error":""},"_links":{"self":[{"href":"https:\/\/www.europesays.com\/fr\/wp-json\/wp\/v2\/posts\/610116","targetHints":{"allow":["GET"]}}],"collection":[{"href":"https:\/\/www.europesays.com\/fr\/wp-json\/wp\/v2\/posts"}],"about":[{"href":"https:\/\/www.europesays.com\/fr\/wp-json\/wp\/v2\/types\/post"}],"author":[{"embeddable":true,"href":"https:\/\/www.europesays.com\/fr\/wp-json\/wp\/v2\/users\/2"}],"replies":[{"embeddable":true,"href":"https:\/\/www.europesays.com\/fr\/wp-json\/wp\/v2\/comments?post=610116"}],"version-history":[{"count":0,"href":"https:\/\/www.europesays.com\/fr\/wp-json\/wp\/v2\/posts\/610116\/revisions"}],"wp:featuredmedia":[{"embeddable":true,"href":"https:\/\/www.europesays.com\/fr\/wp-json\/wp\/v2\/media\/610117"}],"wp:attachment":[{"href":"https:\/\/www.europesays.com\/fr\/wp-json\/wp\/v2\/media?parent=610116"}],"wp:term":[{"taxonomy":"category","embeddable":true,"href":"https:\/\/www.europesays.com\/fr\/wp-json\/wp\/v2\/categories?post=610116"},{"taxonomy":"post_tag","embeddable":true,"href":"https:\/\/www.europesays.com\/fr\/wp-json\/wp\/v2\/tags?post=610116"}],"curies":[{"name":"wp","href":"https:\/\/api.w.org\/{rel}","templated":true}]}}