{"id":610125,"date":"2025-12-19T19:10:17","date_gmt":"2025-12-19T19:10:17","guid":{"rendered":"https:\/\/www.europesays.com\/fr\/610125\/"},"modified":"2025-12-19T19:10:17","modified_gmt":"2025-12-19T19:10:17","slug":"ball-saforelle-power-six-retrait-de-cinq-points-retrogradation-a-titre-conservatoire-les-louves-de-saint-die-lourdement-sanctionnees-par-le-gendarme-financier","status":"publish","type":"post","link":"https:\/\/www.europesays.com\/fr\/610125\/","title":{"rendered":"ball &#8211; Saforelle Power Six. Retrait de cinq points, r\u00e9trogradation \u00e0 titre conservatoire\u00a0: les Louves de Saint-Di\u00e9 lourdement sanctionn\u00e9es par le gendarme financier"},"content":{"rendered":"<p>L\u2019organe charg\u00e9 d\u2019examiner les comptes des clubs \u00e9voluant dans les championnats professionnels de volley-ball n\u2019a pas \u00e9t\u00e9 tendre avec les Louves de Saint-Di\u00e9. En effet, le gendarme financier a d\u00e9cid\u00e9 d\u2019infliger aux Louves une r\u00e9trogradation administrative \u00e0 titre conservatoire, le retrait ferme de cinq points au classement (ce qui va les faire reculer \u00e0 l\u2019avant-derni\u00e8re place avec seulement quatre unit\u00e9s au compteur, en \u00e9tant distanc\u00e9es de quatre longueurs d\u2019Evreux, le 12e) mais aussi une exclusion des phases finales.<\/p>\n<p>D\u2019autre part, le staff d\u00e9odatien sera interdit de recrutement et l\u2019encadrement de sa masse salariale sera r\u00e9vis\u00e9 par rapport \u00e0 la feuille de route initiale. Enfin, l\u2019ultime sanction prononc\u00e9e est une amende de 3\u00a0000\u00a0euros. Toute cette batterie de p\u00e9nalit\u00e9s peut toutefois faire l\u2019objet d\u2019un appel. <a href=\"https:\/\/www.vosgesmatin.fr\/sport\/2025\/03\/28\/la-montee-cela-ne-nous-fait-pas-peur-explique-apolline-mercier-la-co-presidente-des-louves-de-saint-die\" target=\"_blank\" rel=\"noopener\"> En sortant du prisme uniquement sportif, on se doutait que la situation financi\u00e8re \u00e9tait d\u00e9licate<\/a>. Car le pr\u00e9c\u00e9dent exercice avait fait mention d\u2019un solde d\u00e9ficitaire de 120\u00a0000\u00a0euros sur un budget affichant des recettes de l\u2019ordre de 760\u00a0000\u00a0euros. La mont\u00e9e en Saforelle Power Six \u00e9tait d\u2019ailleurs conditionn\u00e9e\u00a0au devoir de b\u00e9n\u00e9ficier d\u2019une bourse minimale d\u2019un million d\u2019euros.<\/p>\n","protected":false},"excerpt":{"rendered":"L\u2019organe charg\u00e9 d\u2019examiner les comptes des clubs \u00e9voluant dans les championnats professionnels de volley-ball n\u2019a pas \u00e9t\u00e9 tendre&hellip;\n","protected":false},"author":2,"featured_media":610126,"comment_status":"","ping_status":"","sticky":false,"template":"","format":"standard","meta":{"footnotes":""},"categories":[1417],"tags":[1799,107,1701,17649,1795,1011,27,8431,8275,8276,517,1700,60,1470,1632,1469],"class_list":{"0":"post-610125","1":"post","2":"type-post","3":"status-publish","4":"format-standard","5":"has-post-thumbnail","7":"category-volley","8":"tag-edition-saint-die","9":"tag-fil-info","10":"tag-fil-info-sport","11":"tag-fil-print","12":"tag-fil-web","13":"tag-fr","14":"tag-france","15":"tag-saint-die-volley","16":"tag-saint-die-des-vosges","17":"tag-saint-die-ville-88b","18":"tag-sport","19":"tag-sport-lorrain","20":"tag-sports","21":"tag-volley","22":"tag-volley-ball","23":"tag-volleyball"},"share_on_mastodon":{"url":"https:\/\/pubeurope.com\/@fr\/115747817093501617","error":""},"_links":{"self":[{"href":"https:\/\/www.europesays.com\/fr\/wp-json\/wp\/v2\/posts\/610125","targetHints":{"allow":["GET"]}}],"collection":[{"href":"https:\/\/www.europesays.com\/fr\/wp-json\/wp\/v2\/posts"}],"about":[{"href":"https:\/\/www.europesays.com\/fr\/wp-json\/wp\/v2\/types\/post"}],"author":[{"embeddable":true,"href":"https:\/\/www.europesays.com\/fr\/wp-json\/wp\/v2\/users\/2"}],"replies":[{"embeddable":true,"href":"https:\/\/www.europesays.com\/fr\/wp-json\/wp\/v2\/comments?post=610125"}],"version-history":[{"count":0,"href":"https:\/\/www.europesays.com\/fr\/wp-json\/wp\/v2\/posts\/610125\/revisions"}],"wp:featuredmedia":[{"embeddable":true,"href":"https:\/\/www.europesays.com\/fr\/wp-json\/wp\/v2\/media\/610126"}],"wp:attachment":[{"href":"https:\/\/www.europesays.com\/fr\/wp-json\/wp\/v2\/media?parent=610125"}],"wp:term":[{"taxonomy":"category","embeddable":true,"href":"https:\/\/www.europesays.com\/fr\/wp-json\/wp\/v2\/categories?post=610125"},{"taxonomy":"post_tag","embeddable":true,"href":"https:\/\/www.europesays.com\/fr\/wp-json\/wp\/v2\/tags?post=610125"}],"curies":[{"name":"wp","href":"https:\/\/api.w.org\/{rel}","templated":true}]}}