{"id":610133,"date":"2025-12-19T19:17:12","date_gmt":"2025-12-19T19:17:12","guid":{"rendered":"https:\/\/www.europesays.com\/fr\/610133\/"},"modified":"2025-12-19T19:17:12","modified_gmt":"2025-12-19T19:17:12","slug":"une-excellente-nouvelle-pour-le-psg-en-ligue-des-champions","status":"publish","type":"post","link":"https:\/\/www.europesays.com\/fr\/610133\/","title":{"rendered":"Une excellente nouvelle pour le PSG en Ligue des Champions"},"content":{"rendered":"<p><strong>Pour son coup de coude donn\u00e9 a Xavi Simons lors du match contre Tottenham, Lucas Hernandez avait \u00e9cop\u00e9 d\u2019une suspension de 3 matchs. Le Paris Saint-Germain a fait appel ensuite et a obtenu une r\u00e9duction d\u2019une rencontre pour son d\u00e9fenseur de 29 ans., comme le rapporte Le Parisien.<\/strong><\/p>\n<blockquote>\n<p>\u00ab\u00a0Finalement, l\u2019UEFA a revu la suspension du champion du monde 2018 \u00e0 la baisse. L\u2019appel du Paris Saint-Germain a port\u00e9 ses fruits. La commission de contr\u00f4le, d\u2019\u00e9thiques et de discipline de l\u2019instance europ\u00e9enne a all\u00e9g\u00e9 la sanction \u00e0 deux rencontres. Hernandez en a d\u00e9j\u00e0 purg\u00e9 un \u2013 face aux Basques \u2013 et il ne manquera plus que la partie face aux Lisbo\u00e8tes, alors que Paris est bien embarqu\u00e9 dans cette phase de ligue de C1.\u00a0\u00bb<\/p>\n<\/blockquote>\n<p>Hernandez, qui a d\u00e9j\u00e0 purg\u00e9 un match lors du nul 1-1 contre l\u2019Athletic Bilbao, manquera donc le voyage pour affronter le Sporting Portugal lors de la 7e journ\u00e9e mais pourra finalement participer \u00e0 la r\u00e9ception de Newcastle (8e journ\u00e9e). Des forces plus qui pourraient faire du bien dans un calendrier qui devrait encore charg\u00e9.<\/p>\n<p>\t\t\t\t\t\t\t\t\t\t\t\t\t\t\t\t\t\t\t\t\t\t\t<img decoding=\"async\" src=\"https:\/\/www.europesays.com\/fr\/wp-content\/uploads\/2025\/04\/ParisFans_Logo.png\"\/><\/p>\n","protected":false},"excerpt":{"rendered":"Pour son coup de coude donn\u00e9 a Xavi Simons lors du match contre Tottenham, Lucas Hernandez avait \u00e9cop\u00e9&hellip;\n","protected":false},"author":2,"featured_media":610134,"comment_status":"","ping_status":"","sticky":false,"template":"","format":"standard","meta":{"footnotes":""},"categories":[1410],"tags":[63,1011,27,17477,60,96],"class_list":{"0":"post-610133","1":"post","2":"type-post","3":"status-publish","4":"format-standard","5":"has-post-thumbnail","7":"category-football","8":"tag-football","9":"tag-fr","10":"tag-france","11":"tag-lucas-hernandez","12":"tag-sports","13":"tag-une"},"share_on_mastodon":{"url":"https:\/\/pubeurope.com\/@fr\/115747845310867428","error":""},"_links":{"self":[{"href":"https:\/\/www.europesays.com\/fr\/wp-json\/wp\/v2\/posts\/610133","targetHints":{"allow":["GET"]}}],"collection":[{"href":"https:\/\/www.europesays.com\/fr\/wp-json\/wp\/v2\/posts"}],"about":[{"href":"https:\/\/www.europesays.com\/fr\/wp-json\/wp\/v2\/types\/post"}],"author":[{"embeddable":true,"href":"https:\/\/www.europesays.com\/fr\/wp-json\/wp\/v2\/users\/2"}],"replies":[{"embeddable":true,"href":"https:\/\/www.europesays.com\/fr\/wp-json\/wp\/v2\/comments?post=610133"}],"version-history":[{"count":0,"href":"https:\/\/www.europesays.com\/fr\/wp-json\/wp\/v2\/posts\/610133\/revisions"}],"wp:featuredmedia":[{"embeddable":true,"href":"https:\/\/www.europesays.com\/fr\/wp-json\/wp\/v2\/media\/610134"}],"wp:attachment":[{"href":"https:\/\/www.europesays.com\/fr\/wp-json\/wp\/v2\/media?parent=610133"}],"wp:term":[{"taxonomy":"category","embeddable":true,"href":"https:\/\/www.europesays.com\/fr\/wp-json\/wp\/v2\/categories?post=610133"},{"taxonomy":"post_tag","embeddable":true,"href":"https:\/\/www.europesays.com\/fr\/wp-json\/wp\/v2\/tags?post=610133"}],"curies":[{"name":"wp","href":"https:\/\/api.w.org\/{rel}","templated":true}]}}