{"id":610139,"date":"2025-12-19T19:21:13","date_gmt":"2025-12-19T19:21:13","guid":{"rendered":"https:\/\/www.europesays.com\/fr\/610139\/"},"modified":"2025-12-19T19:21:13","modified_gmt":"2025-12-19T19:21:13","slug":"commission-denquete-sur-laudiovisuel-public-la-patronne-de-radio-france-denonce-les-deformations-de-ses-propos","status":"publish","type":"post","link":"https:\/\/www.europesays.com\/fr\/610139\/","title":{"rendered":"Commission d\u2019enqu\u00eate sur l\u2019audiovisuel public\u00a0: la patronne de Radio France d\u00e9nonce les \u00ab\u00a0d\u00e9formations\u00a0\u00bb de ses propos"},"content":{"rendered":"<p class=\"paragraph text_align_left lp-f-body-02\">Une derni\u00e8re lettre avant les vacances de No\u00ebl. Alors que ses travaux viennent de s\u2019interrompre pour une quinzaine de jours, le bureau de <a href=\"https:\/\/www.leparisien.fr\/culture-loisirs\/tv\/commission-denquete-sur-laudiovisuel-public-ce-quil-faut-retenir-des-auditions-de-patrick-cohen-et-thomas-legrand-18-12-2025-PB2JGAUBJNC5ZDZUWG67F7IWRI.php\" target=\"_blank\" rel=\"noreferrer noopener\">la Commission d\u2019enqu\u00eate sur la neutralit\u00e9 de l\u2019audiovisuel public<\/a> a re\u00e7u ce vendredi un courrier officiel doubl\u00e9 par des mails. L\u2019exp\u00e9diteur ? Sibyle Veil, la pr\u00e9sidente de Radio France, que le groupe de travail de l\u2019Assembl\u00e9e nationale a auditionn\u00e9 ce mercredi.<\/p>\n<p class=\"\">Si la dirigeante y \u00ab remercie \u00bb d\u2019abord les d\u00e9put\u00e9s pour leur \u00ab attention \u00bb et leurs \u00ab questions \u00bb, elle tient surtout \u00e0 se plaindre des publications sur le r\u00e9seau social X du rapporteur de la commission d\u2019enqu\u00eate, <a href=\"https:\/\/www.leparisien.fr\/politique\/commission-denquete-sur-laudiovisuel-public-charles-alloncle-le-depute-udr-qui-voudrait-crever-lecran-18-12-2025-4BUN3F3E35HCHFL7QVKUP4RHFI.php\" target=\"_blank\" rel=\"noreferrer noopener\">le d\u00e9put\u00e9 UDR Charles Alloncle<\/a>. \u00ab Il me para\u00eet essentiel que les propos tenus dans le cadre de ces auditions soient relay\u00e9s avec exactitude afin de ne pas alt\u00e9rer la compr\u00e9hension de nos concitoyens sur ce qu\u2019il s\u2019y dit \u00bb, \u00e9crit-elle dans ce texte envoy\u00e9 \u00e0 une dizaine d\u2019\u00e9lus (pr\u00e9sident, rapporteur, vice-pr\u00e9sidents, secr\u00e9taires), et que Le Parisien a pu consulter. Et de se plaindre de \u00ab plusieurs d\u00e9formations publiques \u00bb constat\u00e9es sur le compte X du parlementaire de l\u2019H\u00e9rault.<\/p>\n<p class=\"\">Sibyle Veil liste ensuite une s\u00e9rie de tweets r\u00e9cents de Charles Alloncle. Leur apportant des correctifs \u2014 \u00ab cette affirmation est fausse \u00bb \u2014, elle s\u2019\u00e9tonne qu\u2019ils aient parfois \u00e9t\u00e9 publi\u00e9s \u00ab en cours d\u2019audition \u00bb. Les posts concern\u00e9s touchent aussi bien au nombre de semaines de vacances des salari\u00e9s de son entreprise qu\u2019aux conditions du <a href=\"https:\/\/www.leparisien.fr\/culture-loisirs\/tv\/licenciement-de-jean-francois-achilli-le-patron-de-france-info-defend-une-decision-deontologique-29-04-2024-DSZVFFTUGRBKDJYSH7IVG4FHA4.php\" target=\"_blank\" rel=\"noreferrer noopener\">licenciement du journaliste Jean-Fran\u00e7ois Achilli<\/a>, en passant par un humoriste de France Inter pr\u00e9sent\u00e9 comme un \u00ab journaliste \u00bb dans un tweet du d\u00e9put\u00e9.<\/p>\n<p>\u00ab Je m\u2019interroge sur ce proc\u00e9d\u00e9 \u00bb<\/p>\n<p class=\"\">Sibyle Veil se dit aussi \u00ab interpell\u00e9e \u00bb par un message de Charles Alloncle sur le m\u00eame r\u00e9seau social. Le d\u00e9put\u00e9 y a \u00e9crit le 17 d\u00e9cembre : \u00ab Lors de son audition, Sibyle Veil, pr\u00e9sidente de Radio France, a qualifi\u00e9 l\u2019affaire Patrick Cohen\/Thomas Legrand de simple maladresse. Les faits sont pourtant d\u2019une extr\u00eame gravit\u00e9 : il s\u2019agit, je le rappelle, d\u2019un possible d\u00e9tournement de fonds publics \u00e0 des fins \u00e9lectorales \u00bb. Des accusations \u00ab d\u2019une extr\u00eame gravit\u00e9 \u00bb qui ne sont \u00ab \u00e9tay\u00e9es par aucun fait \u00bb, tacle Sibyle Veil. \u00ab Je m\u2019interroge sur ce proc\u00e9d\u00e9 alors qu\u2019aucun \u00e9change en commission ne s\u2019est tenu sur cette accusation pourtant grave \u00bb, conclut-elle.<\/p>\n<p class=\"\">Dans une interview mercredi sur France Inter, <a href=\"https:\/\/www.leparisien.fr\/politique\/commission-denquete-sur-laudiovisuel-public-le-vif-rappel-a-lordre-de-yael-braun-pivet-contre-charles-alloncle-17-12-2025-4P3NONOSBVBL7P2EIDZP2W4PZU.php\" target=\"_blank\" rel=\"noreferrer noopener\">la pr\u00e9sidente de l\u2019Assembl\u00e9e nationale, Ya\u00ebl Braun-Pivet<\/a>, avait affirm\u00e9 \u00eatre \u00ab en train de rappeler \u00e0 l\u2019ordre le rapporteur \u00bb de la commission d\u2019enqu\u00eate sur le respect des \u00ab r\u00e8gles \u00bb et des \u00ab usages \u00bb de la chambre, notamment sur les \u00ab live-tweet \u00bb (publications en direct sur les auditions) des d\u00e9put\u00e9s. \u00ab Une pr\u00e9sidente de l\u2019Assembl\u00e9e nationale ne devrait pas dire \u00e7a, avait r\u00e9torqu\u00e9 Charles Alloncle, droit dans ses bottes, sur X. Je m\u00e8nerai ma mission jusqu\u2019au bout, sans faillir et sans c\u00e9der \u00e0 la moindre intimidation \u00bb.<\/p>\n<p class=\"\">Contact\u00e9s, Radio France n\u2019a pas souhait\u00e9 faire de commentaire, tandis que le d\u00e9put\u00e9 Charles Alloncle n\u2019a pas r\u00e9pondu. Apr\u00e8s avoir auditionn\u00e9 jeudi les patrons des programmes de France Inter et France T\u00e9l\u00e9visions, mais aussi Patrick Cohen et Thomas Legrand, la commission d\u2019enqu\u00eate sur la neutralit\u00e9 de l\u2019audiovisuel public va suspendre ses travaux le temps de la tr\u00eave des confiseurs. Les auditions reprendront d\u00e9but janvier pour un rapport final attendu d\u2019ici d\u00e9but avril.<\/p>\n","protected":false},"excerpt":{"rendered":"Une derni\u00e8re lettre avant les vacances de No\u00ebl. Alors que ses travaux viennent de s\u2019interrompre pour une quinzaine&hellip;\n","protected":false},"author":2,"featured_media":610140,"comment_status":"","ping_status":"","sticky":false,"template":"","format":"standard","meta":{"footnotes":""},"categories":[1356],"tags":[872,58,59,1011,27,252,2205,1364],"class_list":{"0":"post-610139","1":"post","2":"type-post","3":"status-publish","4":"format-standard","5":"has-post-thumbnail","7":"category-television","8":"tag-culture-et-loisirs","9":"tag-divertissement","10":"tag-entertainment","11":"tag-fr","12":"tag-france","13":"tag-television","14":"tag-television-medias","15":"tag-tv"},"share_on_mastodon":{"url":"https:\/\/pubeurope.com\/@fr\/115747860303058859","error":""},"_links":{"self":[{"href":"https:\/\/www.europesays.com\/fr\/wp-json\/wp\/v2\/posts\/610139","targetHints":{"allow":["GET"]}}],"collection":[{"href":"https:\/\/www.europesays.com\/fr\/wp-json\/wp\/v2\/posts"}],"about":[{"href":"https:\/\/www.europesays.com\/fr\/wp-json\/wp\/v2\/types\/post"}],"author":[{"embeddable":true,"href":"https:\/\/www.europesays.com\/fr\/wp-json\/wp\/v2\/users\/2"}],"replies":[{"embeddable":true,"href":"https:\/\/www.europesays.com\/fr\/wp-json\/wp\/v2\/comments?post=610139"}],"version-history":[{"count":0,"href":"https:\/\/www.europesays.com\/fr\/wp-json\/wp\/v2\/posts\/610139\/revisions"}],"wp:featuredmedia":[{"embeddable":true,"href":"https:\/\/www.europesays.com\/fr\/wp-json\/wp\/v2\/media\/610140"}],"wp:attachment":[{"href":"https:\/\/www.europesays.com\/fr\/wp-json\/wp\/v2\/media?parent=610139"}],"wp:term":[{"taxonomy":"category","embeddable":true,"href":"https:\/\/www.europesays.com\/fr\/wp-json\/wp\/v2\/categories?post=610139"},{"taxonomy":"post_tag","embeddable":true,"href":"https:\/\/www.europesays.com\/fr\/wp-json\/wp\/v2\/tags?post=610139"}],"curies":[{"name":"wp","href":"https:\/\/api.w.org\/{rel}","templated":true}]}}