{"id":610151,"date":"2025-12-19T19:27:17","date_gmt":"2025-12-19T19:27:17","guid":{"rendered":"https:\/\/www.europesays.com\/fr\/610151\/"},"modified":"2025-12-19T19:27:17","modified_gmt":"2025-12-19T19:27:17","slug":"il-se-demarque-deja-avec-un-format-original-frandroid","status":"publish","type":"post","link":"https:\/\/www.europesays.com\/fr\/610151\/","title":{"rendered":"il se d\u00e9marque d\u00e9j\u00e0 avec un format original \u2014 Frandroid"},"content":{"rendered":"<p>Le design tr\u00e8s probable de l\u2019iPhone pliable se montre enfin et le format \u00e0 la sauce iPad mini lui permet d\u00e9j\u00e0 de se d\u00e9marquer.<\/p>\n<p><a href=\"https:\/\/images.frandroid.com\/wp-content\/uploads\/2025\/12\/iphone-pliable-apple.jpg\" target=\"_blank\" class=\"article-content__figure\" rel=\"noopener\"><img fetchpriority=\"high\" decoding=\"async\" loading=\"eager\" width=\"1200\" height=\"675\" src=\"https:\/\/www.europesays.com\/fr\/wp-content\/uploads\/2025\/12\/iphone-pliable-apple.jpg\" alt=\"\" class=\"wp-image-2916609 wp-image wp-image\"  \/><\/a>Rendu de l\u2019iPhone pliable \/\/ Source : iPhone-Ticker (montage Frandroid)<\/p>\n<p>Voici enfin un aper\u00e7u int\u00e9ressant de <a href=\"https:\/\/www.frandroid.com\/marques\/apple\/2739977_iphone-pliant-design-ergonomie-puissance-tout-ce-que-lon-sait-pour-le-moment\" target=\"_blank\" rel=\"noopener\">l\u2019iPhone pliant<\/a> ! Il nous vient <a target=\"_blank\" href=\"https:\/\/www.iphone-ticker.de\/apples-falt-iphone-im-detail-wir-haben-cad-zeichnungen-bekommen-270043\/\" rel=\"noopener\">du m\u00e9dia allemand iPhone-Ticker<\/a>. Ce dernier affirme avoir re\u00e7u des informations d\u00e9taill\u00e9es sur le futur <a href=\"https:\/\/www.frandroid.com\/guide-dachat\/smartphones\/332196_10-smartphones-attendus-debut-2016\" target=\"_blank\" rel=\"noopener\">smartphone<\/a> permettant de cr\u00e9er quelques maquettes. <\/p>\n<p>Les images ainsi partag\u00e9es montrent un format qui intrigue et qui pla\u00eet d\u00e9j\u00e0 \u00e0 plusieurs observateurs. Le designer <a target=\"_blank\" href=\"https:\/\/x.com\/BenGeskin\/status\/2001731536089952471\/photo\/2\">Ben Geskin<\/a>, lui, a m\u00eame imprim\u00e9 en 3D un mod\u00e8le factice.<\/p>\n<p>\t\t\t\t\t\t<a href=\"https:\/\/images.frandroid.com\/wp-content\/uploads\/2025\/12\/iphone-pliable-ben-geskin.jpg\" itemprop=\"url\" target=\"_blank\" rel=\"noopener\"><\/p>\n<p>\t\t\t\t\t\t\t<img decoding=\"async\" class=\"wp-image\" src=\"https:\/\/www.europesays.com\/fr\/wp-content\/uploads\/2025\/12\/iphone-pliable-ben-geskin.jpg\"  width=\"460\" height=\"613\" loading=\"lazy\" data-original-width=\"460\" data-original-height=\"613\" itemprop=\"http:\/\/schema.org\/image\" title=\"iPhone Pliable Ben Geskin\" alt=\"iPhone Pliable Ben Geskin\" style=\"width: 460px; height: 613px;\"\/><br \/>\n\t\t\t\t\t\t<\/a><\/p>\n<p>\t\t\t\t\t\t<a href=\"https:\/\/images.frandroid.com\/wp-content\/uploads\/2025\/12\/iphone-pliable-ben-geskin-fer.jpg\" itemprop=\"url\" target=\"_blank\" rel=\"noopener\"><\/p>\n<p>\t\t\t\t\t\t\t<img decoding=\"async\" class=\"wp-image\" src=\"https:\/\/www.europesays.com\/fr\/wp-content\/uploads\/2025\/12\/iphone-pliable-ben-geskin-fer.jpg\"  width=\"460\" height=\"613\" loading=\"lazy\" data-original-width=\"460\" data-original-height=\"613\" itemprop=\"http:\/\/schema.org\/image\" title=\"iPhone Pliable Ben Geskin fer\" alt=\"iPhone Pliable Ben Geskin fer\" style=\"width: 460px; height: 613px;\"\/><br \/>\n\t\t\t\t\t\t<\/a><\/p>\n<p>L\u2019iPhone pliable s\u2019ouvrirait ainsi \u00e0 la mani\u00e8re d\u2019un Fold (donc comme un livre), mais contrairement \u00e0 un <a href=\"https:\/\/www.frandroid.com\/marques\/samsung\/2732711_test-du-samsung-galaxy-z-fold-7\" target=\"_blank\" rel=\"noopener\">Galaxy Z Fold 7<\/a> de Samsung, par exemple, il ne chercherait pas \u00e0 imiter le format d\u2019un smartphone classique lorsque repli\u00e9.<\/p>\n<p>Un format assez large<\/p>\n<p>Ainsi, attendez-vous \u00e0 un format petit mais large. 83,8 mm de largeur lorsque repli\u00e9 pour 120,6 mm de hauteur et 9,6 mm d\u2019\u00e9paisseur. L\u2019\u00e9cran externe aurait une d\u00e9finition de 2088 x 1422 pixels pour une diagonale de 5,49 pouces.<\/p>\n<p>En \u00e9largissant ainsi le petit \u00e9cran externe destin\u00e9 \u00e0 l\u2019usage du smartphone ferm\u00e9, Apple proposerait des dimensions similaires \u00e0 celles d\u2019une petite <a href=\"https:\/\/www.frandroid.com\/guide-dachat\/guide-tablettes\/320702_guide-dachat-tablette-choisir-noel\" target=\"_blank\" rel=\"noopener\">tablette<\/a> lorsque l\u2019iPhone pliable serait ouvert. iPhone-Ticker explique d\u2019ailleurs qu\u2019il faut s\u2019attendre \u00e0 quelque chose d\u2019un petit peu plus petit que l\u2019<a href=\"https:\/\/www.frandroid.com\/produits\/tablettes-tactiles\/apple\/2372136-apple-ipad-mini-7-2024\" target=\"_blank\" rel=\"noopener\">iPad mini<\/a>.<\/p>\n<p>L\u2019iPhone pliable composerait ainsi avec une diagonale de 8,3 pouces sur le grand \u00e9cran interne avec une d\u00e9finition de 2713 \u00d7 1920 pixels. Quant aux mensurations, on partirait sur 195,4 x 134,8 mm. L\u2019\u00e9paisseur descendrait \u00e0 4,8 mm dans cette forme ouverte.<\/p>\n<p>L\u2019h\u00e9ritage de l\u2019iPhone Air<\/p>\n<p>Autre d\u00e9tail int\u00e9ressant : le module photo \u00e0 l\u2019arri\u00e8re. Le bloc loge deux cam\u00e9ras sur le rendu et les sch\u00e9mas et s\u2019\u00e9tend sur toute la largeur. Cette esth\u00e9tique n\u2019est pas sans rappeler celle de <a href=\"https:\/\/www.frandroid.com\/marques\/apple\/2806875_test-de-liphone-air-liphone-que-je-ne-veux-pas-quitter-mais-que-je-ne-vous-recommanderai-jamais\" target=\"_blank\" rel=\"noopener\">l\u2019iPhone Air<\/a>. Le smartphone ultra fin d\u2019Apple regroupe une tr\u00e8s grande partie de ses composants essentiels dans cette barre afin de laisser un maximum d\u2019espace \u00e0 la batterie.<\/p>\n<p class=\"shortcode-container see-more\">\n    \u00c0 lire aussi : <br \/><a href=\"https:\/\/www.frandroid.com\/guide-dachat\/smartphones\/705312_meilleur-iphone\" target=\"_blank\" rel=\"noopener\">Quel est le meilleur des iPhone : la s\u00e9lection 2025 des mod\u00e8les \u00e0 acheter (et ceux \u00e0 \u00e9viter)<\/a>\n<\/p>\n<p>Or, d\u2019aucuns voyaient <a href=\"https:\/\/www.frandroid.com\/marques\/apple\/2802811_une-prouesse-liphone-pliant-serait-lheritier-tout-naturel-de-liphone-air\" target=\"_blank\" rel=\"noopener\">l\u2019iPhone Air comme une sorte de laboratoire pour l\u2019iPhone pliant<\/a>. En adoptant une architecture similaire, Apple se laisserait assez de place pour mettre une batterie suffisamment grande pour un smartphone pliable dont le grand \u00e9cran n\u00e9cessite forc\u00e9ment une plus grande capacit\u00e9.<\/p>\n<p>Des r\u00e9actions positives<\/p>\n<p>Plusieurs observateurs ont d\u00e9j\u00e0 partag\u00e9 leur enthousiasme en d\u00e9couvrant ce design suppos\u00e9 de l\u2019iPhone pliable. <a target=\"_blank\" href=\"https:\/\/x.com\/LeakerApple\/status\/2001821066931638681\">AppleLeaker<\/a> se projette d\u00e9j\u00e0. \u00ab \u00c9cran externe : SMS, appels t\u00e9l\u00e9phoniques, navigation musicale. \u00c9cran interne : tout le reste \u00bb, \u00e9crit-il. <\/p>\n<p>L\u2019analyste <a href=\"https:\/\/x.com\/mweinbach\/status\/2001754519915385128\" target=\"_blank\">Max Weinbach<\/a> y va aussi de son commentaire. \u00ab Cela ne me d\u00e9range pas du tout. J\u2019aime bien. \u00bb Le c\u00e9l\u00e8bre leaker <a href=\"https:\/\/x.com\/evleaks\/status\/2001856890234360054\" target=\"_blank\">Evan Blass<\/a> estime que \u00ab c\u2019est certainement un format qui m\u00e9rite d\u2019\u00eatre examin\u00e9 plus en d\u00e9tail \u00bb.<\/p>\n","protected":false},"excerpt":{"rendered":"Le design tr\u00e8s probable de l\u2019iPhone pliable se montre enfin et le format \u00e0 la sauce iPad mini&hellip;\n","protected":false},"author":2,"featured_media":610152,"comment_status":"","ping_status":"","sticky":false,"template":"","format":"standard","meta":{"footnotes":""},"categories":[7],"tags":[1011,27,58499,43,40,41,39,9398,42,44],"class_list":{"0":"post-610151","1":"post","2":"type-post","3":"status-publish","4":"format-standard","5":"has-post-thumbnail","7":"category-sciences-et-technologies","8":"tag-fr","9":"tag-france","10":"tag-iphone-pliable","11":"tag-science","12":"tag-science-and-technology","13":"tag-sciences","14":"tag-sciences-et-technologies","15":"tag-smartphone-pliable","16":"tag-technologies","17":"tag-technology"},"share_on_mastodon":{"url":"https:\/\/pubeurope.com\/@fr\/115747885046319046","error":""},"_links":{"self":[{"href":"https:\/\/www.europesays.com\/fr\/wp-json\/wp\/v2\/posts\/610151","targetHints":{"allow":["GET"]}}],"collection":[{"href":"https:\/\/www.europesays.com\/fr\/wp-json\/wp\/v2\/posts"}],"about":[{"href":"https:\/\/www.europesays.com\/fr\/wp-json\/wp\/v2\/types\/post"}],"author":[{"embeddable":true,"href":"https:\/\/www.europesays.com\/fr\/wp-json\/wp\/v2\/users\/2"}],"replies":[{"embeddable":true,"href":"https:\/\/www.europesays.com\/fr\/wp-json\/wp\/v2\/comments?post=610151"}],"version-history":[{"count":0,"href":"https:\/\/www.europesays.com\/fr\/wp-json\/wp\/v2\/posts\/610151\/revisions"}],"wp:featuredmedia":[{"embeddable":true,"href":"https:\/\/www.europesays.com\/fr\/wp-json\/wp\/v2\/media\/610152"}],"wp:attachment":[{"href":"https:\/\/www.europesays.com\/fr\/wp-json\/wp\/v2\/media?parent=610151"}],"wp:term":[{"taxonomy":"category","embeddable":true,"href":"https:\/\/www.europesays.com\/fr\/wp-json\/wp\/v2\/categories?post=610151"},{"taxonomy":"post_tag","embeddable":true,"href":"https:\/\/www.europesays.com\/fr\/wp-json\/wp\/v2\/tags?post=610151"}],"curies":[{"name":"wp","href":"https:\/\/api.w.org\/{rel}","templated":true}]}}