{"id":610155,"date":"2025-12-19T19:29:34","date_gmt":"2025-12-19T19:29:34","guid":{"rendered":"https:\/\/www.europesays.com\/fr\/610155\/"},"modified":"2025-12-19T19:29:34","modified_gmt":"2025-12-19T19:29:34","slug":"la-turquie-envisage-de-rendre-ses-missiles-s-400-a-la-russie-pour-reintegrer-le-programme-americain-des-f-35","status":"publish","type":"post","link":"https:\/\/www.europesays.com\/fr\/610155\/","title":{"rendered":"La Turquie envisage de rendre ses missiles S-400\u00a0\u00e0 la Russie pour r\u00e9int\u00e9grer le programme am\u00e9ricain des F-35"},"content":{"rendered":"<p>                     <img loading=\"lazy\" decoding=\"async\" src=\"https:\/\/www.europesays.com\/fr\/wp-content\/uploads\/2025\/12\/bfe3fd3_upload-1-qhzz0jxj3kqh-861584.jpg\" alt=\"Le pr\u00e9sident russe Vladimir Poutine et le pr\u00e9sident turc Recep Tayyip Erdogan assistent \u00e0 une r\u00e9union en marge d\u2019un forum international \u00e0 Achgabat, au Turkm\u00e9nistan, le 12\u00a0d\u00e9cembre\u00a02025.\"   width=\"664\" height=\"443\"\/>    Le pr\u00e9sident russe Vladimir Poutine et le pr\u00e9sident turc Recep Tayyip Erdogan assistent \u00e0 une r\u00e9union en marge d\u2019un forum international \u00e0 Achgabat, au Turkm\u00e9nistan, le 12\u00a0d\u00e9cembre\u00a02025.  KRISTINA KORMILITSYNA \/ AP                 <\/p>\n<p class=\"article__paragraph  \">La Turquie serait sur le point de rendre \u00e0 la Russie quatre batteries de d\u00e9fense a\u00e9rienne de longue port\u00e9e S-400 afin de r\u00e9int\u00e9grer le programme d\u2019avions de chasse am\u00e9ricains de cinqui\u00e8me g\u00e9n\u00e9ration F-35, soulignant une volont\u00e9 de poursuivre un rapprochement avec les Etats-Unis. La restitution de ces syst\u00e8mes, les plus avanc\u00e9s dont dispose l\u2019arm\u00e9e russe, a \u00e9t\u00e9 l\u2019un des sujets de conversation entre les chefs d\u2019Etat Recep Tayyip Erdogan et Vladimir Poutine \u00e0 Achgabat (Turkm\u00e9nistan) vendredi 12\u00a0d\u00e9cembre, a r\u00e9v\u00e9l\u00e9 l\u2019agence Bloomberg le 17. Cette hypoth\u00e8se ne ferait pas les affaires de l\u2019Ukraine, alors que la guerre a\u00e9rienne s\u2019intensifie entre Kiev et Moscou.<\/p>\n<p>   Lire plus tard  <\/p>\n<p class=\"article__paragraph  \">Les S-400, qui permettent d\u2019abattre des avions de chasse et des missiles balistiques, sont complexes et co\u00fbteux \u00e0 produire. Sur le champ de bataille, l\u2019Ukraine est parvenue \u00e0 en d\u00e9truire, ouvrant des br\u00e8ches dans l\u2019espace a\u00e9rien russe. \u00ab\u00a0Quatre batteries de S-400, cela repr\u00e9sente peut-\u00eatre un cinqui\u00e8me de ce que la F\u00e9d\u00e9ration de Russie poss\u00e8de actuellement, en tenant compte des pertes, souligne l\u2019expert russe Nikola\u00ef Mitrokhine. La Russie peut les utiliser pour prot\u00e9ger les bases navales, les a\u00e9rodromes et les ports.\u00a0\u00bb Pour cet expert ind\u00e9pendant, sp\u00e9cialiste des questions de d\u00e9fense vivant hors de Russie, le d\u00e9ploiement g\u00e9ographique des S-400\u00a0pourrait intervenir \u00ab\u00a0probablement en Crim\u00e9e, o\u00f9 les<strong> <\/strong>S-400 sont le plus souvent frapp\u00e9s, ainsi qu\u2019\u00e0 Novorossi\u00efsk et Touaps\u00e9\u00a0\u00bb, deux ports de la mer Noire.<\/p>\n<p class=\"reading-mode-only \"><strong>Il vous reste 73.63% de cet article \u00e0 lire. La suite est r\u00e9serv\u00e9e aux abonn\u00e9s.<\/strong><\/p>\n","protected":false},"excerpt":{"rendered":"Le pr\u00e9sident russe Vladimir Poutine et le pr\u00e9sident turc Recep Tayyip Erdogan assistent \u00e0 une r\u00e9union en marge&hellip;\n","protected":false},"author":2,"featured_media":610156,"comment_status":"","ping_status":"","sticky":false,"template":"","format":"standard","meta":{"footnotes":""},"categories":[5],"tags":[11,1011,27,14,12,28],"class_list":{"0":"post-610155","1":"post","2":"type-post","3":"status-publish","4":"format-standard","5":"has-post-thumbnail","7":"category-international","8":"tag-actualites","9":"tag-fr","10":"tag-france","11":"tag-international","12":"tag-news","13":"tag-world"},"share_on_mastodon":{"url":"https:\/\/pubeurope.com\/@fr\/115747893486869869","error":""},"_links":{"self":[{"href":"https:\/\/www.europesays.com\/fr\/wp-json\/wp\/v2\/posts\/610155","targetHints":{"allow":["GET"]}}],"collection":[{"href":"https:\/\/www.europesays.com\/fr\/wp-json\/wp\/v2\/posts"}],"about":[{"href":"https:\/\/www.europesays.com\/fr\/wp-json\/wp\/v2\/types\/post"}],"author":[{"embeddable":true,"href":"https:\/\/www.europesays.com\/fr\/wp-json\/wp\/v2\/users\/2"}],"replies":[{"embeddable":true,"href":"https:\/\/www.europesays.com\/fr\/wp-json\/wp\/v2\/comments?post=610155"}],"version-history":[{"count":0,"href":"https:\/\/www.europesays.com\/fr\/wp-json\/wp\/v2\/posts\/610155\/revisions"}],"wp:featuredmedia":[{"embeddable":true,"href":"https:\/\/www.europesays.com\/fr\/wp-json\/wp\/v2\/media\/610156"}],"wp:attachment":[{"href":"https:\/\/www.europesays.com\/fr\/wp-json\/wp\/v2\/media?parent=610155"}],"wp:term":[{"taxonomy":"category","embeddable":true,"href":"https:\/\/www.europesays.com\/fr\/wp-json\/wp\/v2\/categories?post=610155"},{"taxonomy":"post_tag","embeddable":true,"href":"https:\/\/www.europesays.com\/fr\/wp-json\/wp\/v2\/tags?post=610155"}],"curies":[{"name":"wp","href":"https:\/\/api.w.org\/{rel}","templated":true}]}}