{"id":610161,"date":"2025-12-19T19:33:13","date_gmt":"2025-12-19T19:33:13","guid":{"rendered":"https:\/\/www.europesays.com\/fr\/610161\/"},"modified":"2025-12-19T19:33:13","modified_gmt":"2025-12-19T19:33:13","slug":"la-grand-rue-coupee-pendant-18-a-24-mois","status":"publish","type":"post","link":"https:\/\/www.europesays.com\/fr\/610161\/","title":{"rendered":"la Grand-Rue coup\u00e9e pendant 18 \u00e0 24 mois\u00a0?"},"content":{"rendered":"<p>C\u2019est une v\u00e9ritable bombe que Robert Karulak, membre du groupe d\u2019opposition Saint-\u00c9tienne avant tout, a l\u00e2ch\u00e9e lors du conseil municipal de ce vendredi 19\u00a0d\u00e9cembre.<\/p>\n<p>La Grand-Rue et des voies adjacentes \u00e9ventr\u00e9es<\/p>\n<p>\u00c0 l\u2019occasion du d\u00e9bat d\u2019orientation budg\u00e9taire, l\u2019\u00e9lu s\u2019est \u00e9tonn\u00e9 \u00ab\u00a0que pas une ligne ne mentionne les travaux obligatoires que la Ville va devoir engager avec Saint-\u00c9tienne M\u00e9tropole pour que le tram puisse continuer \u00e0 circuler\u00a0\u00bb.<\/p>\n<p>Selon Robert Karulak, la plateforme du tramway s\u2019affaisserait entre la place du Peuple et la place Carnot. \u00ab\u00a0 <a href=\"https:\/\/www.leprogres.fr\/economie\/2025\/10\/28\/fuite-d-eau-dans-la-grand-rue-un-chantier-complexe-de-quatre-semaines\" target=\"_blank\" rel=\"noopener\">L\u2019incident r\u00e9cent de la fuite d\u2019eau pr\u00e8s de l\u2019h\u00f4tel de ville<\/a> est un exemple bien malheureux de la situation et de ce qui attend les St\u00e9phanois.\u00a0\u00bb<\/p>\n<p>La ligne T1 du tram, pourtant <a href=\"https:\/\/www.leprogres.fr\/transport\/2025\/07\/17\/pas-de-tramway-entre-carnot-et-peuple-durant-15-jours-en-aout-comment-ca-va-se-passer\" target=\"_blank\" rel=\"noopener\">entretenue r\u00e9guli\u00e8rement<\/a> , devrait donc faire l\u2019objet de travaux&#8230;<\/p>\n","protected":false},"excerpt":{"rendered":"C\u2019est une v\u00e9ritable bombe que Robert Karulak, membre du groupe d\u2019opposition Saint-\u00c9tienne avant tout, a l\u00e2ch\u00e9e lors du&hellip;\n","protected":false},"author":2,"featured_media":610162,"comment_status":"","ping_status":"","sticky":false,"template":"","format":"standard","meta":{"footnotes":""},"categories":[9653],"tags":[1111,11,2430,1984,7539,1777,674,1011,27,3367,12,316,25,4001,7538],"class_list":{"0":"post-610161","1":"post","2":"type-post","3":"status-publish","4":"format-standard","5":"has-post-thumbnail","7":"category-saint-etienne","8":"tag-actu","9":"tag-actualites","10":"tag-auvergne-rhone-alpes","11":"tag-conseil-municipal","12":"tag-edition-loire-sud","13":"tag-eu","14":"tag-europe","15":"tag-fr","16":"tag-france","17":"tag-loire","18":"tag-news","19":"tag-politique","20":"tag-republique-francaise","21":"tag-saint-etienne","22":"tag-saint-etienne-ville"},"share_on_mastodon":{"url":"https:\/\/pubeurope.com\/@fr\/115747907543574866","error":""},"_links":{"self":[{"href":"https:\/\/www.europesays.com\/fr\/wp-json\/wp\/v2\/posts\/610161","targetHints":{"allow":["GET"]}}],"collection":[{"href":"https:\/\/www.europesays.com\/fr\/wp-json\/wp\/v2\/posts"}],"about":[{"href":"https:\/\/www.europesays.com\/fr\/wp-json\/wp\/v2\/types\/post"}],"author":[{"embeddable":true,"href":"https:\/\/www.europesays.com\/fr\/wp-json\/wp\/v2\/users\/2"}],"replies":[{"embeddable":true,"href":"https:\/\/www.europesays.com\/fr\/wp-json\/wp\/v2\/comments?post=610161"}],"version-history":[{"count":0,"href":"https:\/\/www.europesays.com\/fr\/wp-json\/wp\/v2\/posts\/610161\/revisions"}],"wp:featuredmedia":[{"embeddable":true,"href":"https:\/\/www.europesays.com\/fr\/wp-json\/wp\/v2\/media\/610162"}],"wp:attachment":[{"href":"https:\/\/www.europesays.com\/fr\/wp-json\/wp\/v2\/media?parent=610161"}],"wp:term":[{"taxonomy":"category","embeddable":true,"href":"https:\/\/www.europesays.com\/fr\/wp-json\/wp\/v2\/categories?post=610161"},{"taxonomy":"post_tag","embeddable":true,"href":"https:\/\/www.europesays.com\/fr\/wp-json\/wp\/v2\/tags?post=610161"}],"curies":[{"name":"wp","href":"https:\/\/api.w.org\/{rel}","templated":true}]}}