{"id":610166,"date":"2025-12-19T19:36:14","date_gmt":"2025-12-19T19:36:14","guid":{"rendered":"https:\/\/www.europesays.com\/fr\/610166\/"},"modified":"2025-12-19T19:36:14","modified_gmt":"2025-12-19T19:36:14","slug":"la-circulation-des-trains-paralysee-suite-a-un-accident-de-personne","status":"publish","type":"post","link":"https:\/\/www.europesays.com\/fr\/610166\/","title":{"rendered":"la circulation des trains paralys\u00e9e suite \u00e0 un accident de personne"},"content":{"rendered":"<p>Ce vendredi, aux alentours de 18\u00a0h, un accident impliquant une rame ferroviaire TER Fluo Strasbourg-Paris et une personne a fait un mort.<\/p>\n<p>Les faits se sont pass\u00e9s le long de l\u2019avenue du G\u00e9n\u00e9ral-de-Gaulle, \u00e0 Jarville-la-Malgrange, en contrebas du mus\u00e9e de l\u2019Histoire du fer.<\/p>\n<p>La victime, qui serait \u00e2g\u00e9e d\u2019une soixantaine d\u2019ann\u00e9es, a \u00e9t\u00e9 percut\u00e9e \u00e0 500 m\u00e8tres en amont du mus\u00e9e.<\/p>\n<p>La circulation des trains est interrompue ce vendredi en d\u00e9but de soir\u00e9e dans les deux sens, entre Nancy et les Vosges mais aussi l\u2019Alsace.<\/p>\n<p>M\u00eame si tout laisse \u00e0 penser \u00e0 un acte d\u00e9sesp\u00e9r\u00e9, la police technique et scientifique est arriv\u00e9e sur les lieux du drame pour proc\u00e9der aux diff\u00e9rentes constatations.<\/p>\n<p>Toujours \u00e0 bord du train, les passagers sont pris en charge par le personnel de la SNCF. Aucun n\u2019a \u00e9t\u00e9 bless\u00e9.<br \/>Quant au retour \u00e0 la normale, rien n\u2019a \u00e9t\u00e9 annonc\u00e9 en ce d\u00e9but de soir\u00e9e, 19\u00a0h.<\/p>\n<p><strong>Plus d\u2019informations \u00e0 venir.<\/strong><\/p>\n","protected":false},"excerpt":{"rendered":"Ce vendredi, aux alentours de 18\u00a0h, un accident impliquant une rame ferroviaire TER Fluo Strasbourg-Paris et une personne&hellip;\n","protected":false},"author":2,"featured_media":610167,"comment_status":"","ping_status":"","sticky":false,"template":"","format":"standard","meta":{"footnotes":""},"categories":[9635],"tags":[119,1111,11,1704,1777,674,274,1011,27,775,9648,9649,3457,1702,12,25],"class_list":{"0":"post-610166","1":"post","2":"type-post","3":"status-publish","4":"format-standard","5":"has-post-thumbnail","7":"category-nancy","8":"tag-accident","9":"tag-actu","10":"tag-actualites","11":"tag-edition-nancy-et-agglomeration","12":"tag-eu","13":"tag-europe","14":"tag-faits-divers-justice","15":"tag-fr","16":"tag-france","17":"tag-grand-est","18":"tag-jarville-la-malgrange","19":"tag-metropole-du-grand-nancy-54b2","20":"tag-meurthe-et-moselle","21":"tag-nancy","22":"tag-news","23":"tag-republique-francaise"},"share_on_mastodon":{"url":"https:\/\/pubeurope.com\/@fr\/115747919501092190","error":""},"_links":{"self":[{"href":"https:\/\/www.europesays.com\/fr\/wp-json\/wp\/v2\/posts\/610166","targetHints":{"allow":["GET"]}}],"collection":[{"href":"https:\/\/www.europesays.com\/fr\/wp-json\/wp\/v2\/posts"}],"about":[{"href":"https:\/\/www.europesays.com\/fr\/wp-json\/wp\/v2\/types\/post"}],"author":[{"embeddable":true,"href":"https:\/\/www.europesays.com\/fr\/wp-json\/wp\/v2\/users\/2"}],"replies":[{"embeddable":true,"href":"https:\/\/www.europesays.com\/fr\/wp-json\/wp\/v2\/comments?post=610166"}],"version-history":[{"count":0,"href":"https:\/\/www.europesays.com\/fr\/wp-json\/wp\/v2\/posts\/610166\/revisions"}],"wp:featuredmedia":[{"embeddable":true,"href":"https:\/\/www.europesays.com\/fr\/wp-json\/wp\/v2\/media\/610167"}],"wp:attachment":[{"href":"https:\/\/www.europesays.com\/fr\/wp-json\/wp\/v2\/media?parent=610166"}],"wp:term":[{"taxonomy":"category","embeddable":true,"href":"https:\/\/www.europesays.com\/fr\/wp-json\/wp\/v2\/categories?post=610166"},{"taxonomy":"post_tag","embeddable":true,"href":"https:\/\/www.europesays.com\/fr\/wp-json\/wp\/v2\/tags?post=610166"}],"curies":[{"name":"wp","href":"https:\/\/api.w.org\/{rel}","templated":true}]}}