{"id":610176,"date":"2025-12-19T19:42:15","date_gmt":"2025-12-19T19:42:15","guid":{"rendered":"https:\/\/www.europesays.com\/fr\/610176\/"},"modified":"2025-12-19T19:42:15","modified_gmt":"2025-12-19T19:42:15","slug":"edouard-philippe-remporte-une-premiere-manche-judiciaire-face-a-une-ancienne-salariee-de-la-communaute-urbaine-du-havre","status":"publish","type":"post","link":"https:\/\/www.europesays.com\/fr\/610176\/","title":{"rendered":"Edouard Philippe remporte une premi\u00e8re manche judiciaire face \u00e0 une ancienne salari\u00e9e de la communaut\u00e9 urbaine du\u00a0Havre"},"content":{"rendered":"<p>                     <img loading=\"lazy\" decoding=\"async\" src=\"https:\/\/www.europesays.com\/fr\/wp-content\/uploads\/2025\/12\/8279aa8_ftp-1-llej6cv6v5na-5634649-01-06.jpg\" alt=\"Le maire du Havre, Edouard Philippe, devant l\u2019h\u00f4tel Matignon, \u00e0 Paris, le 2\u00a0septembre 2025.\"   width=\"664\" height=\"443\"\/>    Le maire du Havre, Edouard Philippe, devant l\u2019h\u00f4tel Matignon, \u00e0 Paris, le 2\u00a0septembre 2025.  THOMAS SAMSON\/AFP                 <\/p>\n<p class=\"article__paragraph  \">Le tribunal administratif (TA) de Rouen a tranch\u00e9, 19\u00a0d\u00e9cembre, en faveur de la Communaut\u00e9 urbaine (CU) Le\u00a0Havre Seine M\u00e9tropole et de son pr\u00e9sident <a href=\"https:\/\/www.lemonde.fr\/edouard-philippe\/\" target=\"_blank\" rel=\"noopener\">Edouard Philippe<\/a> dans leur bras de fer avec Judith (elle a requis l\u2019anonymat), ex-directrice g\u00e9n\u00e9rale adjointe (2020-2023) de la collectivit\u00e9. Dans son jugement, la juridiction a rejet\u00e9 une requ\u00eate de la haut fonctionnaire, dans une proc\u00e9dure parall\u00e8le de la plainte p\u00e9nale d\u00e9pos\u00e9e en\u00a02023 contre M. Philippe et St\u00e9phanie de Bazelaire, son adjointe \u00e0 la mairie du\u00a0Havre charg\u00e9e de l\u2019innovation et du num\u00e9rique. Une enqu\u00eate pr\u00e9liminaire du Parquet national financier (PNF) a \u00e9t\u00e9 ouverte pour \u00ab\u00a0prise ill\u00e9gale d\u2019int\u00e9r\u00eats\u00a0\u00bb, \u00ab\u00a0d\u00e9tournement de fonds publics\u00a0\u00bb, \u00ab\u00a0favoritisme\u00a0\u00bb et \u00ab\u00a0harc\u00e8lement moral\u00a0\u00bb.<\/p>\n<p>   Lire plus tard  <\/p>\n<p class=\"article__paragraph  \">Dans sa requ\u00eate aupr\u00e8s du TA de Rouen, Judith contestait la d\u00e9cision de la CU, en avril\u00a02023, de ne pas lui octroyer la protection fonctionnelle \u2013\u00a0mesure de protection due par l\u2019administration aux agents publics dans le cadre de l\u2019exercice de leurs fonctions\u00a0\u2013 \u00e0 la suite des accusations de \u00ab\u00a0harc\u00e8lement moral\u00a0\u00bb qu\u2019elle a formul\u00e9es. Elle d\u00e9non\u00e7ait aussi le fait que son contrat \u00e0 dur\u00e9e d\u00e9termin\u00e9e n\u2019ait pas \u00e9t\u00e9 renouvel\u00e9 par M. Philippe, pr\u00e9tendument en raison d\u2019un d\u00e9faut d\u2019expertise et d\u2019implication.<\/p>\n<p class=\"reading-mode-only \"><strong>Il vous reste 77.24% de cet article \u00e0 lire. La suite est r\u00e9serv\u00e9e aux abonn\u00e9s.<\/strong><\/p>\n","protected":false},"excerpt":{"rendered":"Le maire du Havre, Edouard Philippe, devant l\u2019h\u00f4tel Matignon, \u00e0 Paris, le 2\u00a0septembre 2025. THOMAS SAMSON\/AFP Le tribunal&hellip;\n","protected":false},"author":2,"featured_media":610177,"comment_status":"","ping_status":"","sticky":false,"template":"","format":"standard","meta":{"footnotes":""},"categories":[9587],"tags":[1111,11,1777,674,1011,27,12,5161,25,9590],"class_list":{"0":"post-610176","1":"post","2":"type-post","3":"status-publish","4":"format-standard","5":"has-post-thumbnail","7":"category-rouen","8":"tag-actu","9":"tag-actualites","10":"tag-eu","11":"tag-europe","12":"tag-fr","13":"tag-france","14":"tag-news","15":"tag-normandie","16":"tag-republique-francaise","17":"tag-rouen"},"share_on_mastodon":{"url":"https:\/\/pubeurope.com\/@fr\/115747943595475979","error":""},"_links":{"self":[{"href":"https:\/\/www.europesays.com\/fr\/wp-json\/wp\/v2\/posts\/610176","targetHints":{"allow":["GET"]}}],"collection":[{"href":"https:\/\/www.europesays.com\/fr\/wp-json\/wp\/v2\/posts"}],"about":[{"href":"https:\/\/www.europesays.com\/fr\/wp-json\/wp\/v2\/types\/post"}],"author":[{"embeddable":true,"href":"https:\/\/www.europesays.com\/fr\/wp-json\/wp\/v2\/users\/2"}],"replies":[{"embeddable":true,"href":"https:\/\/www.europesays.com\/fr\/wp-json\/wp\/v2\/comments?post=610176"}],"version-history":[{"count":0,"href":"https:\/\/www.europesays.com\/fr\/wp-json\/wp\/v2\/posts\/610176\/revisions"}],"wp:featuredmedia":[{"embeddable":true,"href":"https:\/\/www.europesays.com\/fr\/wp-json\/wp\/v2\/media\/610177"}],"wp:attachment":[{"href":"https:\/\/www.europesays.com\/fr\/wp-json\/wp\/v2\/media?parent=610176"}],"wp:term":[{"taxonomy":"category","embeddable":true,"href":"https:\/\/www.europesays.com\/fr\/wp-json\/wp\/v2\/categories?post=610176"},{"taxonomy":"post_tag","embeddable":true,"href":"https:\/\/www.europesays.com\/fr\/wp-json\/wp\/v2\/tags?post=610176"}],"curies":[{"name":"wp","href":"https:\/\/api.w.org\/{rel}","templated":true}]}}