{"id":610178,"date":"2025-12-19T19:43:23","date_gmt":"2025-12-19T19:43:23","guid":{"rendered":"https:\/\/www.europesays.com\/fr\/610178\/"},"modified":"2025-12-19T19:43:23","modified_gmt":"2025-12-19T19:43:23","slug":"un-homme-entre-la-vie-et-la-mort-apres-un-accident-pres-dun-site-industriel-de-lagglomeration-de-rouen-ce-que-lon-sait","status":"publish","type":"post","link":"https:\/\/www.europesays.com\/fr\/610178\/","title":{"rendered":"Un homme entre la vie et la mort apr\u00e8s un accident pr\u00e8s d&rsquo;un site industriel de l&rsquo;agglom\u00e9ration de Rouen : ce que l&rsquo;on sait"},"content":{"rendered":"<p class=\"article__intro\">Un homme a \u00e9t\u00e9 victime de graves br\u00fblures lors du d\u00e9chargement d&rsquo;un navire amarr\u00e9 aux abords du site Lat Nitrogen du Grand-Quevilly (Seine-Maritime), ce vendredi 19 d\u00e9cembre 2025, t\u00f4t dans la matin\u00e9e. Il \u00e9t\u00e9 expos\u00e9 \u00e0 de l&rsquo;ammoniac.<\/p>\n<p>\n      L\u2019actu des r\u00e9gions\n    <\/p>\n<p>\n      Chaque jour, un tour d\u2019horizon des principales infos de toutes les r\u00e9gions.\n    <\/p>\n<p>    France T\u00e9l\u00e9visions utilise votre adresse e-mail afin de vous envoyer la newsletter \u00ab\u00a0L\u2019actu des r\u00e9gions\u00a0\u00bb. Vous pouvez vous d\u00e9sinscrire \u00e0 tout moment via le lien en bas de cette newsletter. <a target=\"_blank\" href=\"https:\/\/www.francetelevisions.fr\/groupe\/confidentialite\/politique-de-confidentialite\/politique-de-confidentialite-de-france-televisions-6503\" rel=\"noopener\">Notre politique de confidentialit\u00e9<\/a><\/p>\n<p>Les faits se sont produits aux alentours de 6h du matin, ce vendredi, \u00e0 bord d&rsquo;un navire \u00e9tranger en cours de d\u00e9chargement, \u00e0 proximit\u00e9 du site Lat Nitrogen du Grand-Quevilly, pr\u00e8s de Rouen. Alors qu&rsquo;il d\u00e9charge de l&rsquo;ammoniac, un marin est expos\u00e9 \u00e0 ce produit chimique et gravement br\u00fbl\u00e9.<\/p>\n<\/p>\n<p>G\u00e9rald Le Corre, repr\u00e9sentant de la CGT en Seine-Maritime, explique que le marin a \u00e9t\u00e9 pris en charge en urgence et transport\u00e9 au CHU, \u00ab\u00a0o\u00f9 il a \u00e9t\u00e9 intub\u00e9 et plac\u00e9 sous coma artificiel\u00a0\u00bb. Il a ensuite \u00e9t\u00e9 h\u00e9liport\u00e9 vers un centre pour grands br\u00fbl\u00e9s \u00e0 Paris en raison de son \u00e9tat, jug\u00e9 particuli\u00e8rement grave. \u00ab\u00a0Son pronostic vital est malheureusement engag\u00e9\u00a0\u00bb, d\u00e9plore-t-il.<\/p>\n<p>Dans un communiqu\u00e9 publi\u00e9 en d\u00e9but d&rsquo;apr\u00e8s-midi, la soci\u00e9t\u00e9 Lat Nitrogen a pr\u00e9cis\u00e9 que l&rsquo;\u00e9v\u00e9nement \u00e9tait \u00ab\u00a0ext\u00e9rieur (aux) installations\u00a0\u00bb du site industriel. \u00ab\u00a0Nos pompiers internes ont \u00e9t\u00e9 imm\u00e9diatement alert\u00e9s et sont intervenus sans d\u00e9lai. L\u2019intervention a ensuite \u00e9t\u00e9 renforc\u00e9e par les sapeurs-pompiers du SDIS 76 et le SMUR\u00a0\u00bb.<\/p>\n<blockquote class=\"ftvi_content_quote\">\n<p class=\"ftvi_citation_quote\">De nouvelles informations seront communiqu\u00e9es d\u00e8s que possible, dans un souci de transparence et de rigueur. Nous rappelons l\u2019importance du strict respect des consignes de s\u00e9curit\u00e9 et remercions l\u2019ensemble des \u00e9quipes mobilis\u00e9es pour leur professionnalisme et leur r\u00e9activit\u00e9.<\/p>\n<p>Lat Nitrogen<\/p>\n<p class=\"ftvi_citation_source\">dans un communiqu\u00e9<\/p>\n<\/blockquote>\n<p>La direction a \u00e9galement dit apporter sa \u00ab\u00a0pleine coop\u00e9ration aux autorit\u00e9s comp\u00e9tentes et aux parties concern\u00e9es dans l&rsquo;analyse approfondie des circonstances de l&rsquo;accident\u00a0\u00bb et penser \u00ab\u00a0en priorit\u00e9 au marin, \u00e0 sa famille et \u00e0 ses proches\u00a0\u00bb.<\/p>\n<p>\u00c0 l&rsquo;heure o\u00f9 nous \u00e9crivons ces lignes, les circonstances pr\u00e9cises de l&rsquo;accident sont inconnues. La pr\u00e9fecture de Seine-Maritime pr\u00e9cise n\u00e9anmoins qu&rsquo;il s&rsquo;agissait d&rsquo;une fuite d&rsquo;ammoniac et que cette derni\u00e8re a uniquement touch\u00e9 le navire \u00e0 bord duquel se trouvait la victime.<\/p>\n<p>Ainsi, \u00ab\u00a0il n&rsquo;y a pas de risque environnemental ou humain, \u00e0 l&rsquo;exception de la victime, \u00e0 proximit\u00e9 directe\u00a0\u00bb de ce produit chimique tr\u00e8s corrosif.<\/p>\n<p>Avec L\u00e9a Sombret.<\/p><\/p>\n","protected":false},"excerpt":{"rendered":"Un homme a \u00e9t\u00e9 victime de graves br\u00fblures lors du d\u00e9chargement d&rsquo;un navire amarr\u00e9 aux abords du site&hellip;\n","protected":false},"author":2,"featured_media":610179,"comment_status":"","ping_status":"","sticky":false,"template":"","format":"standard","meta":{"footnotes":""},"categories":[9587],"tags":[1111,11,1777,674,1011,27,12,5161,25,9590],"class_list":{"0":"post-610178","1":"post","2":"type-post","3":"status-publish","4":"format-standard","5":"has-post-thumbnail","7":"category-rouen","8":"tag-actu","9":"tag-actualites","10":"tag-eu","11":"tag-europe","12":"tag-fr","13":"tag-france","14":"tag-news","15":"tag-normandie","16":"tag-republique-francaise","17":"tag-rouen"},"share_on_mastodon":{"url":"https:\/\/pubeurope.com\/@fr\/115747946882400997","error":""},"_links":{"self":[{"href":"https:\/\/www.europesays.com\/fr\/wp-json\/wp\/v2\/posts\/610178","targetHints":{"allow":["GET"]}}],"collection":[{"href":"https:\/\/www.europesays.com\/fr\/wp-json\/wp\/v2\/posts"}],"about":[{"href":"https:\/\/www.europesays.com\/fr\/wp-json\/wp\/v2\/types\/post"}],"author":[{"embeddable":true,"href":"https:\/\/www.europesays.com\/fr\/wp-json\/wp\/v2\/users\/2"}],"replies":[{"embeddable":true,"href":"https:\/\/www.europesays.com\/fr\/wp-json\/wp\/v2\/comments?post=610178"}],"version-history":[{"count":0,"href":"https:\/\/www.europesays.com\/fr\/wp-json\/wp\/v2\/posts\/610178\/revisions"}],"wp:featuredmedia":[{"embeddable":true,"href":"https:\/\/www.europesays.com\/fr\/wp-json\/wp\/v2\/media\/610179"}],"wp:attachment":[{"href":"https:\/\/www.europesays.com\/fr\/wp-json\/wp\/v2\/media?parent=610178"}],"wp:term":[{"taxonomy":"category","embeddable":true,"href":"https:\/\/www.europesays.com\/fr\/wp-json\/wp\/v2\/categories?post=610178"},{"taxonomy":"post_tag","embeddable":true,"href":"https:\/\/www.europesays.com\/fr\/wp-json\/wp\/v2\/tags?post=610178"}],"curies":[{"name":"wp","href":"https:\/\/api.w.org\/{rel}","templated":true}]}}