{"id":610180,"date":"2025-12-19T19:44:14","date_gmt":"2025-12-19T19:44:14","guid":{"rendered":"https:\/\/www.europesays.com\/fr\/610180\/"},"modified":"2025-12-19T19:44:14","modified_gmt":"2025-12-19T19:44:14","slug":"deux-communes-interdisent-dacces-certains-itineraires-bis-vers-les-stations","status":"publish","type":"post","link":"https:\/\/www.europesays.com\/fr\/610180\/","title":{"rendered":"deux communes interdisent d\u2019acc\u00e8s certains itin\u00e9raires bis vers les stations"},"content":{"rendered":"<p>\u201cCela fait des ann\u00e9es que nous alertons l\u2019\u00c9tat \u00e0 ce sujet mais nous ne sommes pas entendus\u201d. La maire de Vizille, Catherine Troton, et celui du village voisin de Saint-Pierre-de-M\u00e9sage, Christian Masnada, viennent de signer\u00a0des arr\u00eat\u00e9s municipaux interdisant la circulation sur certaines voiries de leurs communes tous les week-ends des vacances de No\u00ebl et de f\u00e9vrier, du vendredi\u00a017 heures au dimanche\u00a020 heures. Les deux \u00e9lus veulent ainsi \u00e9viter \u00e0 leurs administr\u00e9s les <a href=\"https:\/\/www.ledauphine.com\/transport\/2025\/12\/17\/debut-des-vacances-de-noel-ce-que-prevoit-bison-fute\" target=\"_blank\" rel=\"nofollow noopener\">nuisances de bouchons monstres<\/a> dans leur secteur, un carrefour incontournable pour l\u2019acc\u00e8s aux stations de la Matheysine et de l\u2019Oisans.<\/p>\n<p>Les deux communes, situ\u00e9es au sud de Grenoble, voient en effet r\u00e9guli\u00e8rement d\u00e9filer des automobilistes qui empruntent des itin\u00e9raires bis, propos\u00e9s notamment par les applications de navigation automobile, via des voiries secondaires pour \u00e9viter\u00a0l\u2019axe Grenoble-Oisans qui m\u00e8ne aux stations de ski via la RN85 et la RD1091, tr\u00e8s souvent satur\u00e9. Des routes qui, pour les \u00e9lus, \u201cne sont pas adapt\u00e9es pour absorber des flux importants, cr\u00e9ant des engorgements \u00e0 la fois dangereux et probl\u00e9matiques pour les riverains\u201d.<\/p>\n<p>Une mesure qu\u2019ils avaient d\u00e9j\u00e0 <a href=\"https:\/\/www.ledauphine.com\/transport\/2025\/02\/07\/isere-on-a-des-cars-de-touristes-dans-nos-rues-deux-communes-bloquent-des-itineraires-bis-surfrequentes-vers-les-stations\" target=\"_blank\" rel=\"nofollow noopener\">prise en f\u00e9vrier dernier<\/a>. \u201cNous avions d\u00e9j\u00e0 test\u00e9 cette mesure l\u2019hiver dernier avec succ\u00e8s. Cela avait permis de lib\u00e9rer les rues du village\u201d, estime Christian Masnada qui d\u00e9nonce \u201cdes risques non n\u00e9gligeables de trouble \u00e0 l\u2019ordre public et une congestion de tout le village qui ne permet plus aux habitants et aux riverains de circuler sans danger sur le pont et ses abords\u201d.<\/p>\n<p>Sa coll\u00e8gue de Vizille, Catherine Troton, rappelle que \u201cla situation devient tr\u00e8s vite invivable et dangereuse pour les riverains. Les petites rues se retrouvent engorg\u00e9es, avec des v\u00e9hicules d\u00e9termin\u00e9s \u00e0 passer pour contourner les bouchons. Il ne s\u2019agit pas de mesures contre le tourisme. Le vrai probl\u00e8me, ce sont les bouchons qui congestionnent toute la commune et contraignent nos habitants \u00e0 rester chez eux\u201d.<\/p>\n<p>L\u2019interdiction s\u2019applique sur le pont qui relie les deux communes et sur une portion de la rue du pont c\u00f4t\u00e9 Saint-Pierre-de-M\u00e9sage, sauf riverains de cette rue.\u00a0\u00c0 Vizille, un sens interdit, sauf riverains, est mis en place chemin de la Paute, depuis son intersection avec le chemin Cavard menant \u00e0 la rue du Ch\u00e2teau du roi\u00a0; chemin du Prieur\u00e9, depuis son intersection avec le chemin du cimeti\u00e8re menant \u00e0 la rue du Ch\u00e2teau du roi\u00a0; et rue de la R\u00e9sistance, depuis la place Henri-Barbusse.<\/p>\n","protected":false},"excerpt":{"rendered":"\u201cCela fait des ann\u00e9es que nous alertons l\u2019\u00c9tat \u00e0 ce sujet mais nous ne sommes pas entendus\u201d. La&hellip;\n","protected":false},"author":2,"featured_media":610181,"comment_status":"","ping_status":"","sticky":false,"template":"","format":"standard","meta":{"footnotes":""},"categories":[9566],"tags":[1111,11,646,2430,3542,112,113,1777,674,1011,27,2731,2732,108,12,25,38262,602,2803,35595],"class_list":{"0":"post-610180","1":"post","2":"type-post","3":"status-publish","4":"format-standard","5":"has-post-thumbnail","7":"category-grenoble","8":"tag-actu","9":"tag-actualites","10":"tag-automobile","11":"tag-auvergne-rhone-alpes","12":"tag-circulation","13":"tag-edition-grenoble-agglomeration","14":"tag-edition-gresivaudan-oisans","15":"tag-eu","16":"tag-europe","17":"tag-fr","18":"tag-france","19":"tag-grenoble","20":"tag-grenoble-bassin","21":"tag-isere","22":"tag-news","23":"tag-republique-francaise","24":"tag-saint-pierre-de-mesage","25":"tag-tourisme","26":"tag-transport","27":"tag-vizille"},"share_on_mastodon":{"url":"https:\/\/pubeurope.com\/@fr\/115747951293840050","error":""},"_links":{"self":[{"href":"https:\/\/www.europesays.com\/fr\/wp-json\/wp\/v2\/posts\/610180","targetHints":{"allow":["GET"]}}],"collection":[{"href":"https:\/\/www.europesays.com\/fr\/wp-json\/wp\/v2\/posts"}],"about":[{"href":"https:\/\/www.europesays.com\/fr\/wp-json\/wp\/v2\/types\/post"}],"author":[{"embeddable":true,"href":"https:\/\/www.europesays.com\/fr\/wp-json\/wp\/v2\/users\/2"}],"replies":[{"embeddable":true,"href":"https:\/\/www.europesays.com\/fr\/wp-json\/wp\/v2\/comments?post=610180"}],"version-history":[{"count":0,"href":"https:\/\/www.europesays.com\/fr\/wp-json\/wp\/v2\/posts\/610180\/revisions"}],"wp:featuredmedia":[{"embeddable":true,"href":"https:\/\/www.europesays.com\/fr\/wp-json\/wp\/v2\/media\/610181"}],"wp:attachment":[{"href":"https:\/\/www.europesays.com\/fr\/wp-json\/wp\/v2\/media?parent=610180"}],"wp:term":[{"taxonomy":"category","embeddable":true,"href":"https:\/\/www.europesays.com\/fr\/wp-json\/wp\/v2\/categories?post=610180"},{"taxonomy":"post_tag","embeddable":true,"href":"https:\/\/www.europesays.com\/fr\/wp-json\/wp\/v2\/tags?post=610180"}],"curies":[{"name":"wp","href":"https:\/\/api.w.org\/{rel}","templated":true}]}}