{"id":610182,"date":"2025-12-19T19:45:21","date_gmt":"2025-12-19T19:45:21","guid":{"rendered":"https:\/\/www.europesays.com\/fr\/610182\/"},"modified":"2025-12-19T19:45:21","modified_gmt":"2025-12-19T19:45:21","slug":"cest-quoi-cette-idee-de-velos-voi-avec-porte-skis-a-grenoble","status":"publish","type":"post","link":"https:\/\/www.europesays.com\/fr\/610182\/","title":{"rendered":"C\u2019est quoi cette id\u00e9e de v\u00e9los Voi avec porte-skis \u00e0 Grenoble?"},"content":{"rendered":"<p>Aller skier sans voiture depuis la ville, c\u2019est l\u2019id\u00e9e derri\u00e8re l&rsquo;exp\u00e9rimentation de l&rsquo;op\u00e9rateur Voi, arriv\u00e9 depuis juillet 2025 \u00e0 Grenoble. D\u00e8s cette semaine, certains v\u00e9los en libre-service de la firme su\u00e9doise seront \u00e9quip\u00e9s de porte-skis. Un dispositif pens\u00e9 pour rejoindre les bus vers les stations (sans passer par la case embouteillages). On salue l&rsquo;initiative, m\u00eame si on se doute que le dispositif a plus une port\u00e9e symbolique qu&rsquo;autre chose.<\/p>\n<p>Des v\u00e9los Voi \u00e9quip\u00e9s de porte-skis test\u00e9s dans la m\u00e9tropole de Grenoble<\/p>\n<p>C&rsquo;est dans <a href=\"https:\/\/www.ledauphine.com\/transport\/2025\/12\/16\/metropole-de-grenoble-les-velos-en-libre-service-voi-vont-etre-dotes-de-porte-skis\" target=\"_blank\" rel=\"noopener\">un article<\/a> du Dauphin\u00e9 Lib\u00e9r\u00e9 que l&rsquo;on apprend que Voi a d\u00e9cid\u00e9 de tester ce concept : \u00e9quiper ses v\u00e9los en libre-service de porte-skis. Attention, l&rsquo;id\u00e9e ici n&rsquo;est pas de monter jusqu&rsquo;aux stations entourant la m\u00e9tropole (Chamrousse, Autrans ou les 7 Laux) ; simplement de rejoindre \u00e0 v\u00e9lo les lignes de bus qui montent vers ces stations.<\/p>\n<p><a href=\"https:\/\/www.europesays.com\/fr\/wp-content\/uploads\/2025\/12\/a748121.webp.webp\"><img loading=\"lazy\" decoding=\"async\" width=\"1280\" height=\"853\" src=\"data:image\/gif;base64,R0lGODlhAQABAIAAAAAAAP\/\/\/yH5BAEAAAAALAAAAAABAAEAAAIBRAA7\" data-lazy-type=\"image\" data-lazy-src=\"https:\/\/www.europesays.com\/fr\/wp-content\/uploads\/2025\/12\/a748121.webp.webp\" alt=\"\" class=\"lazy lazy-hidden wp-image-70948\" data-lazy- data-lazy-\/><\/a>\u00a9 Voi<\/p>\n<p>Pas question ici de p\u00e9daler jusqu\u2019aux pistes, mais plut\u00f4t de proposer une solution bas carbone, \u00e0 la fois pour les habitants locaux, mais \u00e9galement les touristes arrivant \u00e0 Grenoble par le train avec leur mat\u00e9riel.<\/p>\n<p><a href=\"https:\/\/www.lessentiel.fr\/grenoble\/entreprises\/2025-12-18\/100-velos-en-libre-service-pares-pour-le-transport-de-skis-grenoble\" target=\"_blank\" rel=\"noopener\">D&rsquo;apr\u00e8s<\/a> un autre m\u00e9dia, d\u00e8s la fin de semaine, une centaine de v\u00e9los Voi d\u00e9ploy\u00e9s dans la m\u00e9tropole grenobloise seront donc dot\u00e9s de porte-skis. Ils auront un marquage sp\u00e9cifique sur l&rsquo;application mobile, afin qu&rsquo;on puisse plus facilement les trouver.<\/p>\n<p>Selon l\u2019op\u00e9rateur, il s\u2019agit d\u2019une premi\u00e8re en France, voire au niveau mondial. Une innovation d\u00e9velopp\u00e9e par une firme suisse et adapt\u00e9e pour Voi \u00e0 Grenoble, et qui n\u2019existe m\u00eame pas dans d&rsquo;autres villes op\u00e9r\u00e9es par Voi, y compris en Su\u00e8de.<\/p>\n<p>Aller au ski sans voiture : une vraie alternative, vraiment ?<\/p>\n<p>Sur le principe, l\u2019id\u00e9e est coh\u00e9rente. Elle s\u2019inscrit dans une logique d\u2019intermodalit\u00e9 d\u00e9j\u00e0 bien ancr\u00e9e \u00e0 Grenoble : v\u00e9lo + tram, v\u00e9lo + train, v\u00e9lo + bus. Ajouter le ski \u00e0 l\u2019\u00e9quation ne para\u00eet pas totalement incongru.<\/p>\n<p><a href=\"https:\/\/www.europesays.com\/fr\/wp-content\/uploads\/2025\/12\/il-fullxfull.5521793827-73ok.webp.webp\"><img loading=\"lazy\" decoding=\"async\" width=\"823\" height=\"617\" data-id=\"70950\" src=\"data:image\/gif;base64,R0lGODlhAQABAIAAAAAAAP\/\/\/yH5BAEAAAAALAAAAAABAAEAAAIBRAA7\" data-lazy-type=\"image\" data-lazy-src=\"https:\/\/www.europesays.com\/fr\/wp-content\/uploads\/2025\/12\/il-fullxfull.5521793827-73ok.webp.webp\" alt=\"Sur ces v\u00e9los Voi, il s'agit d'une adaptation d'un dispositif de porte-skis d\u00e9velopp\u00e9 par la compagnie suisse Nanka Creative\" class=\"lazy lazy-hidden wp-image-70950\" data-lazy- data-lazy-\/><\/a><br \/>\n<a href=\"https:\/\/www.europesays.com\/fr\/wp-content\/uploads\/2025\/12\/il-fullxfull.2147019758-n3p8.webp.webp\"><img loading=\"lazy\" decoding=\"async\" width=\"823\" height=\"1097\" data-id=\"70949\" src=\"data:image\/gif;base64,R0lGODlhAQABAIAAAAAAAP\/\/\/yH5BAEAAAAALAAAAAABAAEAAAIBRAA7\" data-lazy-type=\"image\" data-lazy-src=\"https:\/\/www.europesays.com\/fr\/wp-content\/uploads\/2025\/12\/il-fullxfull.2147019758-n3p8.webp.webp\" alt=\"\" class=\"lazy lazy-hidden wp-image-70949\" data-lazy- data-lazy-\/><\/a><br \/>\n<a href=\"https:\/\/www.europesays.com\/fr\/wp-content\/uploads\/2025\/12\/il-fullxfull.2147019514-q2gh.webp.webp\"><img loading=\"lazy\" decoding=\"async\" width=\"823\" height=\"617\" data-id=\"70951\" src=\"data:image\/gif;base64,R0lGODlhAQABAIAAAAAAAP\/\/\/yH5BAEAAAAALAAAAAABAAEAAAIBRAA7\" data-lazy-type=\"image\" data-lazy-src=\"https:\/\/www.europesays.com\/fr\/wp-content\/uploads\/2025\/12\/il-fullxfull.2147019514-q2gh.webp.webp\" alt=\"\" class=\"lazy lazy-hidden wp-image-70951\" data-lazy- data-lazy-\/><\/a><br \/>\nSur ces v\u00e9los Voi, il s&rsquo;agit d&rsquo;une adaptation d&rsquo;un dispositif de porte-skis d\u00e9velopp\u00e9 par la compagnie suisse <a href=\"https:\/\/nankacreative.com\/collections\/outdoor-gear\" target=\"_blank\" rel=\"noopener\">Nanka Creative<\/a><\/p>\n<p>Dans la r\u00e9alit\u00e9, l\u2019usage restera sans doute marginal (bien que certains <a href=\"https:\/\/weelz.ouest-france.fr\/ride-to-ski-du-velo-gravel-de-la-neige-et-un-soupcon-de-girl-power\/\" target=\"_blank\" rel=\"noopener\">l&rsquo;aient d\u00e9j\u00e0 fait<\/a>). Transporter des skis \u00e0 v\u00e9lo suppose une certaine habitude, une m\u00e9t\u00e9o compatible, un minimum de prudence et une distance raisonnable.<\/p>\n<p>On voit mal des flottes enti\u00e8res de skieurs urbains se ruer sur les v\u00e9los Voi chaque week-end de poudreuse. Soyons honn\u00eates : ces v\u00e9los Voi \u00e9quip\u00e9s de porte-skis ne vont pas d\u00e9sengorger \u00e0 eux seuls les acc\u00e8s aux stations. Mais ce n\u2019est sans doute pas l\u2019objectif. Le message est ailleurs.<\/p>\n<p><strong>Vous avez aim\u00e9 cet article ?<\/strong> N&rsquo;h\u00e9sitez-pas \u00e0 <a href=\"https:\/\/weelz.ouest-france.fr\/newsletter-velo\/\" target=\"_blank\" rel=\"noopener\">vous abonner \u00e0 notre newsletter<\/a>. Vous pouvez aussi nous ajouter en favoris directement dans <a href=\"https:\/\/news.google.com\/publications\/CAAqBwgKMJ3Eugswqt_RAw?hl=fr&amp;gl=FR&amp;ceid=FR%3Afr\" rel=\"external noopener\" target=\"_blank\">Google News<\/a> ou via <a href=\"https:\/\/profile.google.com\/cp\/Cg0vZy8xMXpobF9jZmdj\" rel=\"external noopener\" target=\"_blank\">notre profil Google<\/a>. Une question, une remarque ? <a href=\"https:\/\/weelz.ouest-france.fr\/contacter-weelz\/\" target=\"_blank\" rel=\"noopener\">Contactez-nous<\/a>.<\/p>\n","protected":false},"excerpt":{"rendered":"Aller skier sans voiture depuis la ville, c\u2019est l\u2019id\u00e9e derri\u00e8re l&rsquo;exp\u00e9rimentation de l&rsquo;op\u00e9rateur Voi, arriv\u00e9 depuis juillet 2025&hellip;\n","protected":false},"author":2,"featured_media":610183,"comment_status":"","ping_status":"","sticky":false,"template":"","format":"standard","meta":{"footnotes":""},"categories":[9566],"tags":[1111,11,2430,1777,674,1011,27,2731,6736,10584,12,25,4129,69828],"class_list":{"0":"post-610182","1":"post","2":"type-post","3":"status-publish","4":"format-standard","5":"has-post-thumbnail","7":"category-grenoble","8":"tag-actu","9":"tag-actualites","10":"tag-auvergne-rhone-alpes","11":"tag-eu","12":"tag-europe","13":"tag-fr","14":"tag-france","15":"tag-grenoble","16":"tag-hiver","17":"tag-neige","18":"tag-news","19":"tag-republique-francaise","20":"tag-ski","21":"tag-velo-libre-service"},"share_on_mastodon":{"url":"https:\/\/pubeurope.com\/@fr\/115747954753941087","error":""},"_links":{"self":[{"href":"https:\/\/www.europesays.com\/fr\/wp-json\/wp\/v2\/posts\/610182","targetHints":{"allow":["GET"]}}],"collection":[{"href":"https:\/\/www.europesays.com\/fr\/wp-json\/wp\/v2\/posts"}],"about":[{"href":"https:\/\/www.europesays.com\/fr\/wp-json\/wp\/v2\/types\/post"}],"author":[{"embeddable":true,"href":"https:\/\/www.europesays.com\/fr\/wp-json\/wp\/v2\/users\/2"}],"replies":[{"embeddable":true,"href":"https:\/\/www.europesays.com\/fr\/wp-json\/wp\/v2\/comments?post=610182"}],"version-history":[{"count":0,"href":"https:\/\/www.europesays.com\/fr\/wp-json\/wp\/v2\/posts\/610182\/revisions"}],"wp:featuredmedia":[{"embeddable":true,"href":"https:\/\/www.europesays.com\/fr\/wp-json\/wp\/v2\/media\/610183"}],"wp:attachment":[{"href":"https:\/\/www.europesays.com\/fr\/wp-json\/wp\/v2\/media?parent=610182"}],"wp:term":[{"taxonomy":"category","embeddable":true,"href":"https:\/\/www.europesays.com\/fr\/wp-json\/wp\/v2\/categories?post=610182"},{"taxonomy":"post_tag","embeddable":true,"href":"https:\/\/www.europesays.com\/fr\/wp-json\/wp\/v2\/tags?post=610182"}],"curies":[{"name":"wp","href":"https:\/\/api.w.org\/{rel}","templated":true}]}}