{"id":610184,"date":"2025-12-19T19:46:16","date_gmt":"2025-12-19T19:46:16","guid":{"rendered":"https:\/\/www.europesays.com\/fr\/610184\/"},"modified":"2025-12-19T19:46:16","modified_gmt":"2025-12-19T19:46:16","slug":"en-ille-et-vilaine-le-depute-europeen-rn-gilles-pennelle-attaque-jean-luc-chenut","status":"publish","type":"post","link":"https:\/\/www.europesays.com\/fr\/610184\/","title":{"rendered":"En Ille-et-Vilaine, le d\u00e9put\u00e9 europ\u00e9en RN Gilles Pennelle attaque Jean-Luc Chenut"},"content":{"rendered":"<p>                    Par<br \/>\n        <strong><br \/>\n            <a href=\"https:\/\/actu.fr\/auteur\/celestin-deseguier\" title=\"Consulter tous les articles de Celestin de S\u00e9guier\" target=\"_blank\" rel=\"noopener\">Celestin de S\u00e9guier<\/a><br \/>\n                    <\/strong><\/p>\n<p>        Publi\u00e9 le<\/p>\n<p>            19 d\u00e9c. 2025 \u00e0 19h06        <\/p>\n<p>C\u2019est une courte lettre accusatrice que le d\u00e9put\u00e9 Rassemblement national Gilles Pennelle a fait parvenir au pr\u00e9sident du conseil d\u00e9partemental Jean-Luc Chenut et \u00e0 la presse, vendredi 19 d\u00e9cembre 2025. Le d\u00e9put\u00e9 europ\u00e9en accuse le pr\u00e9sident du conseil d\u00e9partemental d\u2019Ille-et-Vilaine \u00ab\u00a0d\u2019\u00eatre intervenu personnellement\u00a0\u00bb afin qu\u2019il ne soit pas invit\u00e9 \u00e0 la comm\u00e9moration de la Sainte-Barbe du centre d\u2019incendie et de secours de <a href=\"https:\/\/actu.fr\/bretagne\/val-couesnon_35004\" target=\"_blank\" rel=\"noopener\">Val-Couesnon<\/a> <b>(Ille-et-Vilaine)<\/b>, le 6 d\u00e9cembre dernier.<\/p>\n<p>\u00ab\u00a0Attitude sectaire\u00a0\u00bb<\/p>\n<p class=\" wall-content\">\u00ab\u00a0Cette attitude sectaire de votre part a suscit\u00e9 dans la commune une large r\u00e9probation\u00a0\u00bb, insiste le proche de Marine Le Pen. \u00ab\u00a0A quel titre un parlementaire et conseiller r\u00e9gional devrait-il \u00eatre \u00e9cart\u00e9 de cette c\u00e9r\u00e9monie ?\u00a0\u00bb\u00a0<\/p>\n<p class=\" wall-content\">Le d\u00e9put\u00e9 fait part de \u00ab\u00a0sa condamnation la plus ferme\u00a0\u00bb vis \u00e0 vis d\u2019une d\u00e9cision jug\u00e9e \u00ab\u00a0incompatible avec les traditions r\u00e9publicaine.\u00a0\u00bb<\/p>\n<p class=\" wall-content\">Personnalisez votre actualit\u00e9 en ajoutant vos villes et m\u00e9dias en favori avec <a href=\"https:\/\/moncompte.actu.fr\" title=\"D\u00e9couvez Mon Actu\" rel=\"nofollow noopener\" data-trk=\"{&quot;cta&quot;:{&quot;action&quot;:&quot;https:\\\/\\\/moncompte.actu.fr&quot;,&quot;category&quot;:&quot;mon compte&quot;,&quot;from&quot;:&quot;article footer&quot;,&quot;name&quot;:&quot;Mon actu&quot;,&quot;type&quot;:&quot;cta&quot;}}\" target=\"_blank\">Mon Actu<\/a>.<\/p>\n","protected":false},"excerpt":{"rendered":"Par Celestin de S\u00e9guier Publi\u00e9 le 19 d\u00e9c. 2025 \u00e0 19h06 C\u2019est une courte lettre accusatrice que le&hellip;\n","protected":false},"author":2,"featured_media":610185,"comment_status":"","ping_status":"","sticky":false,"template":"","format":"standard","meta":{"footnotes":""},"categories":[2821],"tags":[1111,11,829,1777,674,1011,27,12,584,25,104],"class_list":{"0":"post-610184","1":"post","2":"type-post","3":"status-publish","4":"format-standard","5":"has-post-thumbnail","7":"category-rennes","8":"tag-actu","9":"tag-actualites","10":"tag-bretagne","11":"tag-eu","12":"tag-europe","13":"tag-fr","14":"tag-france","15":"tag-news","16":"tag-rennes","17":"tag-republique-francaise","18":"tag-societe"},"share_on_mastodon":{"url":"https:\/\/pubeurope.com\/@fr\/115747958674171423","error":""},"_links":{"self":[{"href":"https:\/\/www.europesays.com\/fr\/wp-json\/wp\/v2\/posts\/610184","targetHints":{"allow":["GET"]}}],"collection":[{"href":"https:\/\/www.europesays.com\/fr\/wp-json\/wp\/v2\/posts"}],"about":[{"href":"https:\/\/www.europesays.com\/fr\/wp-json\/wp\/v2\/types\/post"}],"author":[{"embeddable":true,"href":"https:\/\/www.europesays.com\/fr\/wp-json\/wp\/v2\/users\/2"}],"replies":[{"embeddable":true,"href":"https:\/\/www.europesays.com\/fr\/wp-json\/wp\/v2\/comments?post=610184"}],"version-history":[{"count":0,"href":"https:\/\/www.europesays.com\/fr\/wp-json\/wp\/v2\/posts\/610184\/revisions"}],"wp:featuredmedia":[{"embeddable":true,"href":"https:\/\/www.europesays.com\/fr\/wp-json\/wp\/v2\/media\/610185"}],"wp:attachment":[{"href":"https:\/\/www.europesays.com\/fr\/wp-json\/wp\/v2\/media?parent=610184"}],"wp:term":[{"taxonomy":"category","embeddable":true,"href":"https:\/\/www.europesays.com\/fr\/wp-json\/wp\/v2\/categories?post=610184"},{"taxonomy":"post_tag","embeddable":true,"href":"https:\/\/www.europesays.com\/fr\/wp-json\/wp\/v2\/tags?post=610184"}],"curies":[{"name":"wp","href":"https:\/\/api.w.org\/{rel}","templated":true}]}}