{"id":610186,"date":"2025-12-19T19:47:14","date_gmt":"2025-12-19T19:47:14","guid":{"rendered":"https:\/\/www.europesays.com\/fr\/610186\/"},"modified":"2025-12-19T19:47:14","modified_gmt":"2025-12-19T19:47:14","slug":"incertitude-autour-de-lavenir-de-ludovic-blas","status":"publish","type":"post","link":"https:\/\/www.europesays.com\/fr\/610186\/","title":{"rendered":"incertitude autour de l\u2019avenir de Ludovic Blas"},"content":{"rendered":"<p>Actuellement <a href=\"https:\/\/www.footmercato.net\/france\/ligue-1\/classement\" target=\"_blank\" rel=\"noopener\">positionn\u00e9 \u00e0 la 6e place de Ligue 1<\/a>, le Stade Rennais abordera le mercato d\u2019hiver 2026 avec prudence, beaucoup moins actif que lors de l\u2019hiver pr\u00e9c\u00e9dent. Les arriv\u00e9es seront conditionn\u00e9es aux d\u00e9parts, Kamara, Nagida et potentiellement <a href=\"https:\/\/www.footmercato.net\/joueur\/ludovic-blas\/\" target=\"_blank\" rel=\"noopener\">Ludovic Blas<\/a> \u00e9tant les principaux concern\u00e9s. Lo\u00efc D\u00e9sir\u00e9, directeur sportif du club, pr\u00e9cise d\u2019apr\u00e8s <a href=\"https:\/\/www.ouest-france.fr\/sport\/football\/stade-rennais\/stade-rennais-au-mercato-dhiver-un-profil-creatif-et-un-excentre-droit-envisages-en-renfort-dd21408a-dc21-11f0-9747-9a2b95e61f84\" target=\"_blank\" rel=\"noopener\">Ouest-France<\/a> : \u00ab malgr\u00e9 les choix qui ont \u00e9t\u00e9 faits par le coach, ce groupe vit bien, et c\u2019est pr\u00e9cieux. Certains ont \u00e9t\u00e9 piqu\u00e9s, d\u2019autres reviennent peu \u00e0 peu, mais une \u00e9mulation s\u2019est install\u00e9e, et on veut la garder. \u00bb <a href=\"https:\/\/www.footmercato.net\/club\/stade-rennais-fc\/\" target=\"_blank\" rel=\"noopener\">Rennes<\/a> reste donc attentif aux opportunit\u00e9s pour renforcer son milieu et le flanc droit de sa d\u00e9fense, tout en conservant ses jeunes talents comme Jacquet afin d\u2019atteindre l\u2019objectif europ\u00e9en en fin de saison.<\/p>\n<p>            La suite apr\u00e8s cette publicit\u00e9<\/p>\n<p>Concernant Ludovic Blas (27 ans), D\u00e9sir\u00e9 a soulign\u00e9 l\u2019importance de ce profil cr\u00e9atif au sein de l\u2019\u00e9quipe : \u00ab on reste vigilant sur ce type de joueur en cas de d\u00e9part. Ciss\u00e9 peut aussi compenser pour jouer un peu plus bas, (Chibuike) Ugochukwu arrivera \u00e9galement. \u00bb Il pr\u00e9cise que le milieu offensif est encore pr\u00e9sent et sera \u00e9valu\u00e9 d\u00e9but janvier : \u00ab Ludo est encore l\u00e0 et il va nous apporter. On n\u2019a pas \u00e9voqu\u00e9 son avenir encore, on fera un point en d\u00e9but d\u2019ann\u00e9e. \u00bb Parall\u00e8lement, le club r\u00e9fl\u00e9chit \u00e0 un renfort sur le flanc droit pour concurrencer Frankowski si Nagida venait \u00e0 partir. \u00ab On prendra peut-\u00eatre un droitier plut\u00f4t qu\u2019un gaucher, pour amener un peu de concurrence et avoir une solution de rechange \u00bb, conclut D\u00e9sir\u00e9, r\u00e9affirmant la volont\u00e9 de garder ses meilleurs jeunes pour <a href=\"https:\/\/www.footmercato.net\/a5711208444590846383-loic-desire-sait-quand-la-bascule-a-eu-lieu-au-stade-rennais\" target=\"_blank\" rel=\"noopener\">garantir la continuit\u00e9 du projet<\/a>. <\/p>\n<p>\n    Pub. le 19\/12\/2025 20:41<br \/>\n            &#8211; MAJ le 19\/12\/2025 20:43\n    <\/p>\n","protected":false},"excerpt":{"rendered":"Actuellement positionn\u00e9 \u00e0 la 6e place de Ligue 1, le Stade Rennais abordera le mercato d\u2019hiver 2026 avec&hellip;\n","protected":false},"author":2,"featured_media":610187,"comment_status":"","ping_status":"","sticky":false,"template":"","format":"standard","meta":{"footnotes":""},"categories":[2821],"tags":[1111,11,829,1777,674,1011,27,12,584,25],"class_list":{"0":"post-610186","1":"post","2":"type-post","3":"status-publish","4":"format-standard","5":"has-post-thumbnail","7":"category-rennes","8":"tag-actu","9":"tag-actualites","10":"tag-bretagne","11":"tag-eu","12":"tag-europe","13":"tag-fr","14":"tag-france","15":"tag-news","16":"tag-rennes","17":"tag-republique-francaise"},"share_on_mastodon":{"url":"https:\/\/pubeurope.com\/@fr\/115747962521747097","error":""},"_links":{"self":[{"href":"https:\/\/www.europesays.com\/fr\/wp-json\/wp\/v2\/posts\/610186","targetHints":{"allow":["GET"]}}],"collection":[{"href":"https:\/\/www.europesays.com\/fr\/wp-json\/wp\/v2\/posts"}],"about":[{"href":"https:\/\/www.europesays.com\/fr\/wp-json\/wp\/v2\/types\/post"}],"author":[{"embeddable":true,"href":"https:\/\/www.europesays.com\/fr\/wp-json\/wp\/v2\/users\/2"}],"replies":[{"embeddable":true,"href":"https:\/\/www.europesays.com\/fr\/wp-json\/wp\/v2\/comments?post=610186"}],"version-history":[{"count":0,"href":"https:\/\/www.europesays.com\/fr\/wp-json\/wp\/v2\/posts\/610186\/revisions"}],"wp:featuredmedia":[{"embeddable":true,"href":"https:\/\/www.europesays.com\/fr\/wp-json\/wp\/v2\/media\/610187"}],"wp:attachment":[{"href":"https:\/\/www.europesays.com\/fr\/wp-json\/wp\/v2\/media?parent=610186"}],"wp:term":[{"taxonomy":"category","embeddable":true,"href":"https:\/\/www.europesays.com\/fr\/wp-json\/wp\/v2\/categories?post=610186"},{"taxonomy":"post_tag","embeddable":true,"href":"https:\/\/www.europesays.com\/fr\/wp-json\/wp\/v2\/tags?post=610186"}],"curies":[{"name":"wp","href":"https:\/\/api.w.org\/{rel}","templated":true}]}}