{"id":610194,"date":"2025-12-19T19:51:20","date_gmt":"2025-12-19T19:51:20","guid":{"rendered":"https:\/\/www.europesays.com\/fr\/610194\/"},"modified":"2025-12-19T19:51:20","modified_gmt":"2025-12-19T19:51:20","slug":"une-dizaine-dabsents-avant-daffronter-nice-en-coupe-une-dizaine-dabsents-avant-daffronter-nice-en-coupe","status":"publish","type":"post","link":"https:\/\/www.europesays.com\/fr\/610194\/","title":{"rendered":"Une dizaine d\u2019absents avant d\u2019affronter Nice en Coupe. Une dizaine d\u2019absents avant d\u2019affronter Nice en Coupe"},"content":{"rendered":"<p>Encore un. C\u2019est le seul constat que pouvait faire Eirik Horneland ce vendredi en conf\u00e9rence de presse au moment d\u2019\u00e9num\u00e9rer les absents avant d\u2019affronter Nice ce dimanche en Coupe de France (14\u00a0h\u00a045).<\/p>\n<p>\u00ab\u00a0Batubinsika est en s\u00e9lection, Cardona, Moueffek, Lamba, Traor\u00e9, Ferreira, Annan et Duffus sont out, a pr\u00e9cis\u00e9 le technicien. N\u2019Guessan sera test\u00e9 une derni\u00e8re fois ce samedi.\u00a0\u00bb<\/p>\n<p>Autant dire que l\u2019effectif st\u00e9phanois sera d\u00e9cim\u00e9 pour d\u00e9fier des Ni\u00e7ois \u00e9galement mal en point. Devant comme derri\u00e8re, Eirik Horneland sera certainement contraint aux&#8230;<\/p>\n","protected":false},"excerpt":{"rendered":"Encore un. C\u2019est le seul constat que pouvait faire Eirik Horneland ce vendredi en conf\u00e9rence de presse au&hellip;\n","protected":false},"author":2,"featured_media":610195,"comment_status":"","ping_status":"","sticky":false,"template":"","format":"standard","meta":{"footnotes":""},"categories":[2819],"tags":[1111,11,1777,674,1011,27,12,2401,882,25],"class_list":{"0":"post-610194","1":"post","2":"type-post","3":"status-publish","4":"format-standard","5":"has-post-thumbnail","7":"category-nice","8":"tag-actu","9":"tag-actualites","10":"tag-eu","11":"tag-europe","12":"tag-fr","13":"tag-france","14":"tag-news","15":"tag-nice","16":"tag-provence-alpes-cote-dazur","17":"tag-republique-francaise"},"share_on_mastodon":{"url":"https:\/\/pubeurope.com\/@fr\/115747978637195602","error":""},"_links":{"self":[{"href":"https:\/\/www.europesays.com\/fr\/wp-json\/wp\/v2\/posts\/610194","targetHints":{"allow":["GET"]}}],"collection":[{"href":"https:\/\/www.europesays.com\/fr\/wp-json\/wp\/v2\/posts"}],"about":[{"href":"https:\/\/www.europesays.com\/fr\/wp-json\/wp\/v2\/types\/post"}],"author":[{"embeddable":true,"href":"https:\/\/www.europesays.com\/fr\/wp-json\/wp\/v2\/users\/2"}],"replies":[{"embeddable":true,"href":"https:\/\/www.europesays.com\/fr\/wp-json\/wp\/v2\/comments?post=610194"}],"version-history":[{"count":0,"href":"https:\/\/www.europesays.com\/fr\/wp-json\/wp\/v2\/posts\/610194\/revisions"}],"wp:featuredmedia":[{"embeddable":true,"href":"https:\/\/www.europesays.com\/fr\/wp-json\/wp\/v2\/media\/610195"}],"wp:attachment":[{"href":"https:\/\/www.europesays.com\/fr\/wp-json\/wp\/v2\/media?parent=610194"}],"wp:term":[{"taxonomy":"category","embeddable":true,"href":"https:\/\/www.europesays.com\/fr\/wp-json\/wp\/v2\/categories?post=610194"},{"taxonomy":"post_tag","embeddable":true,"href":"https:\/\/www.europesays.com\/fr\/wp-json\/wp\/v2\/tags?post=610194"}],"curies":[{"name":"wp","href":"https:\/\/api.w.org\/{rel}","templated":true}]}}