{"id":61020,"date":"2025-04-29T05:21:25","date_gmt":"2025-04-29T05:21:25","guid":{"rendered":"https:\/\/www.europesays.com\/fr\/61020\/"},"modified":"2025-04-29T05:21:25","modified_gmt":"2025-04-29T05:21:25","slug":"fete-douverture-fiesta-photos-videos-fiesta-saison-2025-de-lille3000-les-grands-evenements-que-faire-a-lille","status":"publish","type":"post","link":"https:\/\/www.europesays.com\/fr\/61020\/","title":{"rendered":"F\u00eate d&rsquo;ouverture Fiesta : photos \/ vid\u00e9os \/ Fiesta, saison 2025 de lille3000 \/ Les grands \u00e9v\u00e9nements \/ Que faire \u00e0 Lille ?"},"content":{"rendered":"<p>lille3000 a lanc\u00e9 sa nouvelle saison th\u00e9matique Fiesta par une f\u00eate d\u2019ouverture \u00e0 Lille, le 26 avril. Retour en images.<\/p>\n<p>            <img loading=\"lazy\" decoding=\"async\" src=\"\/var\/www\/storage\/images\/mediatheque\/mairie-de-lille\/actualites\/images\/2025\/avril\/parade-d-ouverture-fiesta\/3748619-2-fre-FR\/Parade-d-ouverture-FIESTA_news_image_top.jpg\" width=\"779\" height=\"519\" alt=\"\"\/><br \/>\n    \tParade d&rsquo;ouverture de Fiesta (26 avril 2025).<\/p>\n<p>En 2004, Lille devenait Capitale Europ\u00e9enne de la Culture.\u00a0Cet \u00e9v\u00e9nement hors normes a durablement chang\u00e9 la ville, la r\u00e9gion et son dynamisme culturel.\u00a0Depuis 2006, lille3000 poursuit le travail engag\u00e9 en 2004 avec ses grandes \u00e9ditions th\u00e9matiques.<\/p>\n<p>Apr\u00e8s\u00a0Bombaysers de Lille (2006), Europe XXL (2009), Fantastic (2012), Renaissance (2015), Eldorado (2019) et Utopia (2022), place \u00e0 une septi\u00e8me \u00e9dition : <strong>FIESTA<\/strong> !<\/p>\n<p><strong>Samedi 26 avril, parade d&rsquo;ouverture<\/strong>\t<\/p>\n<ul>\n<li style=\"background-image: url(\" data-galerie-slide=\"\">\n\t\t\t\t\t\t\t\t\t\t\tFiesta, parade d&rsquo;ouverture, 26 avril 2025. Photo TLP &#8211; Ville de Lille<\/p>\n<\/li>\n<li style=\"background-image: url(\" data-galerie-slide=\"\">\n\t\t\t\t\t\t\t\t\t\t\tFiesta, parade d&rsquo;ouverture, 26 avril 2025 : Grand&rsquo;Place<\/p>\n<\/li>\n<li style=\"background-image: url(\" data-galerie-slide=\"\">\n\t\t\t\t\t\t\t\t\t\t\tFiesta, parade d&rsquo;ouverture, 26 avril 2025 : rue Faidherbe<\/p>\n<\/li>\n<li style=\"background-image: url(\" data-galerie-slide=\"\">\n\t\t\t\t\t\t\t\t\t\t\tFiesta, parade d&rsquo;ouverture, 26 avril 2025 (photo TLP &#8211; Ville de Lille)<\/p>\n<\/li>\n<li style=\"background-image: url(\" data-galerie-slide=\"\">\n\t\t\t\t\t\t\t\t\t\t\tFiesta, parade d&rsquo;ouverture, 26 avril 2025 (photo TLP &#8211; Ville de Lille)<\/p>\n<\/li>\n<li style=\"background-image: url(\" data-galerie-slide=\"\">\n\t\t\t\t\t\t\t\t\t\t\tFiesta, parade d&rsquo;ouverture, 26 avril 2025 (photo Dan R &#8211; Ville de Lille)<\/p>\n<\/li>\n<li style=\"background-image: url(\" data-galerie-slide=\"\">\n\t\t\t\t\t\t\t\t\t\t\tF\u00eate d&rsquo;ouverture Fiesta : secteur Gare. Photo GF &#8211; Ville de Lille<\/p>\n<\/li>\n<li style=\"background-image: url(\" data-galerie-slide=\"\">\n\t\t\t\t\t\t\t\t\t\t\tF\u00eate d&rsquo;ouverture Fiesta. Photo GF &#8211; Ville de Lille<\/p>\n<\/li>\n<li style=\"background-image: url(\" data-galerie-slide=\"\">\n\t\t\t\t\t\t\t\t\t\t\tF\u00eate d&rsquo;ouverture Fiesta : rue Faidherbe. Photo GF &#8211; Ville de Lille<\/p>\n<\/li>\n<li style=\"background-image: url(\" data-galerie-slide=\"\">\n\t\t\t\t\t\t\t\t\t\t\tF\u00eate d&rsquo;ouverture Fiesta : rue Faidherbe. Photo TLP &#8211; Ville de Lille<\/p>\n<\/li>\n<li style=\"background-image: url(\" data-galerie-slide=\"\">\n\t\t\t\t\t\t\t\t\t\t\tF\u00eate d&rsquo;ouverture Fiesta : rue Faidherbe. Photo TLP &#8211; Ville de Lille<\/p>\n<\/li>\n<li style=\"background-image: url(\" data-galerie-slide=\"\">\n\t\t\t\t\t\t\t\t\t\t\tF\u00eate d&rsquo;ouverture Fiesta : place du Th\u00e9\u00e2tre. Photo TLP &#8211; Ville de Lille<\/p>\n<\/li>\n<li style=\"background-image: url(\" data-galerie-slide=\"\">\n\t\t\t\t\t\t\t\t\t\t\tF\u00eate d&rsquo;ouverture Fiesta : Grand&rsquo;Place. Photo TLP &#8211; Ville de Lille<\/p>\n<\/li>\n<li style=\"background-image: url(\" data-galerie-slide=\"\">\n\t\t\t\t\t\t\t\t\t\t\tF\u00eate d&rsquo;ouverture Fiesta : place du Th\u00e9\u00e2tre. Photo GF &#8211; Ville de Lille<\/p>\n<\/li>\n<li style=\"background-image: url(\" data-galerie-slide=\"\">\n\t\t\t\t\t\t\t\t\t\t\tF\u00eate d&rsquo;ouverture Fiesta : place du Th\u00e9\u00e2tre. Photo TLP &#8211; Ville de Lille<\/p>\n<\/li>\n<li style=\"background-image: url(\" data-galerie-slide=\"\">\n\t\t\t\t\t\t\t\t\t\t\tF\u00eate d&rsquo;ouverture Fiesta : feu d&rsquo;artifice au Champ de Mars. Photo GF &#8211; Ville de Lille<\/p>\n<\/li>\n<\/ul>\n","protected":false},"excerpt":{"rendered":"lille3000 a lanc\u00e9 sa nouvelle saison th\u00e9matique Fiesta par une f\u00eate d\u2019ouverture \u00e0 Lille, le 26 avril. Retour&hellip;\n","protected":false},"author":2,"featured_media":61021,"comment_status":"","ping_status":"","sticky":false,"template":"","format":"standard","meta":{"footnotes":""},"categories":[2815],"tags":[1111,11,4763,1777,674,1011,27,811,1307,5415,12,25],"class_list":{"0":"post-61020","1":"post","2":"type-post","3":"status-publish","4":"format-standard","5":"has-post-thumbnail","7":"category-lille","8":"tag-actu","9":"tag-actualites","10":"tag-agenda","11":"tag-eu","12":"tag-europe","13":"tag-fr","14":"tag-france","15":"tag-hauts-de-france","16":"tag-lille","17":"tag-mairie","18":"tag-news","19":"tag-republique-francaise"},"share_on_mastodon":{"url":"https:\/\/pubeurope.com\/@fr\/114419576596829219","error":""},"_links":{"self":[{"href":"https:\/\/www.europesays.com\/fr\/wp-json\/wp\/v2\/posts\/61020","targetHints":{"allow":["GET"]}}],"collection":[{"href":"https:\/\/www.europesays.com\/fr\/wp-json\/wp\/v2\/posts"}],"about":[{"href":"https:\/\/www.europesays.com\/fr\/wp-json\/wp\/v2\/types\/post"}],"author":[{"embeddable":true,"href":"https:\/\/www.europesays.com\/fr\/wp-json\/wp\/v2\/users\/2"}],"replies":[{"embeddable":true,"href":"https:\/\/www.europesays.com\/fr\/wp-json\/wp\/v2\/comments?post=61020"}],"version-history":[{"count":0,"href":"https:\/\/www.europesays.com\/fr\/wp-json\/wp\/v2\/posts\/61020\/revisions"}],"wp:featuredmedia":[{"embeddable":true,"href":"https:\/\/www.europesays.com\/fr\/wp-json\/wp\/v2\/media\/61021"}],"wp:attachment":[{"href":"https:\/\/www.europesays.com\/fr\/wp-json\/wp\/v2\/media?parent=61020"}],"wp:term":[{"taxonomy":"category","embeddable":true,"href":"https:\/\/www.europesays.com\/fr\/wp-json\/wp\/v2\/categories?post=61020"},{"taxonomy":"post_tag","embeddable":true,"href":"https:\/\/www.europesays.com\/fr\/wp-json\/wp\/v2\/tags?post=61020"}],"curies":[{"name":"wp","href":"https:\/\/api.w.org\/{rel}","templated":true}]}}