{"id":610212,"date":"2025-12-19T20:00:15","date_gmt":"2025-12-19T20:00:15","guid":{"rendered":"https:\/\/www.europesays.com\/fr\/610212\/"},"modified":"2025-12-19T20:00:15","modified_gmt":"2025-12-19T20:00:15","slug":"le-mouvement-de-greve-chez-arkema-a-marseille-poursuivent-leur-mouvement-lusine-reste-a-larret","status":"publish","type":"post","link":"https:\/\/www.europesays.com\/fr\/610212\/","title":{"rendered":"Le mouvement de gr\u00e8ve chez Arkema \u00e0 Marseille poursuivent leur mouvement, l&rsquo;usine reste \u00e0 l&rsquo;arr\u00eat"},"content":{"rendered":"<p>Situation \u00ab\u00a0explosive\u00a0\u00bb \u00e0 l\u2019<a href=\"https:\/\/www.laprovence.com\/article\/ecoplanete\/4013320229981514\/l-usine-arkema-suspectee-de-trop-puiser-dans-les-nappes-de-l-huveaune-apres-des-assecs-preoccupants\" target=\"_blank\" rel=\"noopener\">usine Arkema de Saint-Menet<\/a> (11e). Depuis le 11\u00a0d\u00e9cembre, les salari\u00e9s du site marseillais du <a href=\"https:\/\/www.laprovence.com\/article\/faits-divers-justice\/458348170323414\/d-ou-viennent-les-odeurs-nauseabondes-qui-planent-depuis-trois-semaines-a-sisteron-et-dans-le-val-de-durance\" target=\"_blank\" rel=\"noopener\">groupe chimique fran\u00e7ais<\/a> ont cess\u00e9 le travail pour peser sur les n\u00e9gociations annuelles obligatoires (NAO). Alors que la CGT, organisation largement majoritaire chez les travailleurs, demande une augmentation de \u00ab\u00a0160\u00a0\u20ac bruts, sur le salaire\u00a0\u00bb, la direction reste sur ses positions avec une \u00e9volution de 1,2% accompagn\u00e9e de primes \u00e9ventuelles. Les discussions sont aujourd\u2019hui \u00ab\u00a0au point mort\u00a0\u00bb d\u00e9plorent les repr\u00e9sentants syndicaux, alors que l\u2019ensemble des sites fran\u00e7ais du groupe sont aujourd\u2019hui \u00e0 l\u2019arr\u00eat. Jeudi 18\u00a0d\u00e9cembre, un <a href=\"https:\/\/www.laprovence.com\/article\/economie\/2579913082156615\/le-role-essentiel-du-cse-dans-le-bien-etre-des-employes\" target=\"_blank\" rel=\"noopener\">Comit\u00e9 social et \u00e9conomique (CSE)<\/a> extraordinaire devait permettre de dessiner une sortie de crise mais la s\u00e9ance s\u2019est finalement d\u00e9roul\u00e9e \u00ab\u00a0dans une ambiance tendue\u00a0\u00bb.<\/p>\n<p>\u00ab\u00a0Des miettes pour les travailleurs\u00a0\u00bb<\/p>\n<p>\u00ab\u00a0La direction reste camp\u00e9e sur ces positions et n\u2019accorde que des miettes aux travailleurs, estime R\u00e9my Thuaire, d\u00e9l\u00e9gu\u00e9 syndical CGT du site. Le groupe va verser plus de 267\u00a0millions d\u2019euros de dividendes \u00e0 ces actionnaires et n\u2019accorde \u00e0 ses salari\u00e9s qu\u2019une augmentation de 1,2% sur leur salaire et une augmentation plancher de 35\u00a0\u20ac. Pour faire fa&#8230;<\/p>\n","protected":false},"excerpt":{"rendered":"Situation \u00ab\u00a0explosive\u00a0\u00bb \u00e0 l\u2019usine Arkema de Saint-Menet (11e). Depuis le 11\u00a0d\u00e9cembre, les salari\u00e9s du site marseillais du groupe&hellip;\n","protected":false},"author":2,"featured_media":610213,"comment_status":"","ping_status":"","sticky":false,"template":"","format":"standard","meta":{"footnotes":""},"categories":[2814],"tags":[17,1111,11,18874,3530,1777,674,1011,27,6151,3289,884,15777,12,18074,882,25,104],"class_list":{"0":"post-610212","1":"post","2":"type-post","3":"status-publish","4":"format-standard","5":"has-post-thumbnail","7":"category-marseille","8":"tag-17","9":"tag-actu","10":"tag-actualites","11":"tag-arkema","12":"tag-chez","13":"tag-eu","14":"tag-europe","15":"tag-fr","16":"tag-france","17":"tag-greve","18":"tag-leur","19":"tag-marseille","20":"tag-mouvement","21":"tag-news","22":"tag-poursuivent","23":"tag-provence-alpes-cote-dazur","24":"tag-republique-francaise","25":"tag-societe"},"share_on_mastodon":{"url":"https:\/\/pubeurope.com\/@fr\/115748013562608911","error":""},"_links":{"self":[{"href":"https:\/\/www.europesays.com\/fr\/wp-json\/wp\/v2\/posts\/610212","targetHints":{"allow":["GET"]}}],"collection":[{"href":"https:\/\/www.europesays.com\/fr\/wp-json\/wp\/v2\/posts"}],"about":[{"href":"https:\/\/www.europesays.com\/fr\/wp-json\/wp\/v2\/types\/post"}],"author":[{"embeddable":true,"href":"https:\/\/www.europesays.com\/fr\/wp-json\/wp\/v2\/users\/2"}],"replies":[{"embeddable":true,"href":"https:\/\/www.europesays.com\/fr\/wp-json\/wp\/v2\/comments?post=610212"}],"version-history":[{"count":0,"href":"https:\/\/www.europesays.com\/fr\/wp-json\/wp\/v2\/posts\/610212\/revisions"}],"wp:featuredmedia":[{"embeddable":true,"href":"https:\/\/www.europesays.com\/fr\/wp-json\/wp\/v2\/media\/610213"}],"wp:attachment":[{"href":"https:\/\/www.europesays.com\/fr\/wp-json\/wp\/v2\/media?parent=610212"}],"wp:term":[{"taxonomy":"category","embeddable":true,"href":"https:\/\/www.europesays.com\/fr\/wp-json\/wp\/v2\/categories?post=610212"},{"taxonomy":"post_tag","embeddable":true,"href":"https:\/\/www.europesays.com\/fr\/wp-json\/wp\/v2\/tags?post=610212"}],"curies":[{"name":"wp","href":"https:\/\/api.w.org\/{rel}","templated":true}]}}