{"id":61022,"date":"2025-04-29T05:22:08","date_gmt":"2025-04-29T05:22:08","guid":{"rendered":"https:\/\/www.europesays.com\/fr\/61022\/"},"modified":"2025-04-29T05:22:08","modified_gmt":"2025-04-29T05:22:08","slug":"a-marseille-le-parquet-entend-sonner-le-glas-du-petit-bar","status":"publish","type":"post","link":"https:\/\/www.europesays.com\/fr\/61022\/","title":{"rendered":"\u00c0 Marseille, le parquet entend \u00ab\u00a0sonner le glas du Petit Bar\u00a0\u00bb"},"content":{"rendered":"<p>\u00ab\u00a0Il y a toujours une fin \u00e0 l\u2019histoire\u00a0\u00bb. Avant d\u2019\u00eatre cit\u00e9s par la procureure Isabelle Candau, ce lundi, ces mots ont \u00e9t\u00e9 prononc\u00e9s par <a href=\"https:\/\/www.laprovence.com\/article\/faits-divers-justice\/1421676010291614\/jacques-santoni-patron-tout-puissant-et-grand-absent-du-proces-du-petit-bar\" target=\"_blank\" rel=\"nofollow noopener\">Jacques Santoni, \u00ab\u00a0patron\u00a0\u00bb autoproclam\u00e9 de la bande criminelle corse du Petit Bar<\/a>, et capt\u00e9s au travers d\u2019\u00e9coutes polici\u00e8res. \u00ab\u00a0Il faut se r\u00e9veiller. Tous les gens autour, femmes, enfants, ennemis, amis, policiers, juges, magistrats, qu\u2019ils prient tous le Seigneur que le sommeil dure le plus longtemps possible parce que le jour o\u00f9 on va se r\u00e9veiller, il va y en avoir pour le tout le monde\u00a0\u00bb, dit encore celui que la magistrate qualifie de \u00ab\u00a0parrainvisible\u00a0\u00bb, tant son absence p\u00e8se sur ce proc\u00e8s-fleuve, entam\u00e9 le 24\u00a0f\u00e9vrier et portant sur les finances occultes de l\u2019organisation criminelle. \u00ab\u00a0Va-t-on assister au r\u00e9veil du Petit Bar ou sonner le glas de ce clan\u00a0?\u00a0\u00bb, lance Isabelle Candau \u00e0 l\u2019attention du tribunal, pr\u00e9sid\u00e9 par Patricia Krummenacker.<\/p>\n","protected":false},"excerpt":{"rendered":"\u00ab\u00a0Il y a toujours une fin \u00e0 l\u2019histoire\u00a0\u00bb. Avant d\u2019\u00eatre cit\u00e9s par la procureure Isabelle Candau, ce lundi,&hellip;\n","protected":false},"author":2,"featured_media":61023,"comment_status":"","ping_status":"","sticky":false,"template":"","format":"standard","meta":{"footnotes":""},"categories":[2814],"tags":[17,1111,11,9732,15861,1777,674,274,1011,27,15863,884,12,15860,15864,882,25,15862],"class_list":{"0":"post-61022","1":"post","2":"type-post","3":"status-publish","4":"format-standard","5":"has-post-thumbnail","7":"category-marseille","8":"tag-17","9":"tag-actu","10":"tag-actualites","11":"tag-bar","12":"tag-entend","13":"tag-eu","14":"tag-europe","15":"tag-faits-divers-justice","16":"tag-fr","17":"tag-france","18":"tag-glas","19":"tag-marseille","20":"tag-news","21":"tag-parquet","22":"tag-petit","23":"tag-provence-alpes-cote-dazur","24":"tag-republique-francaise","25":"tag-sonner"},"share_on_mastodon":{"url":"https:\/\/pubeurope.com\/@fr\/114419580457715592","error":""},"_links":{"self":[{"href":"https:\/\/www.europesays.com\/fr\/wp-json\/wp\/v2\/posts\/61022","targetHints":{"allow":["GET"]}}],"collection":[{"href":"https:\/\/www.europesays.com\/fr\/wp-json\/wp\/v2\/posts"}],"about":[{"href":"https:\/\/www.europesays.com\/fr\/wp-json\/wp\/v2\/types\/post"}],"author":[{"embeddable":true,"href":"https:\/\/www.europesays.com\/fr\/wp-json\/wp\/v2\/users\/2"}],"replies":[{"embeddable":true,"href":"https:\/\/www.europesays.com\/fr\/wp-json\/wp\/v2\/comments?post=61022"}],"version-history":[{"count":0,"href":"https:\/\/www.europesays.com\/fr\/wp-json\/wp\/v2\/posts\/61022\/revisions"}],"wp:featuredmedia":[{"embeddable":true,"href":"https:\/\/www.europesays.com\/fr\/wp-json\/wp\/v2\/media\/61023"}],"wp:attachment":[{"href":"https:\/\/www.europesays.com\/fr\/wp-json\/wp\/v2\/media?parent=61022"}],"wp:term":[{"taxonomy":"category","embeddable":true,"href":"https:\/\/www.europesays.com\/fr\/wp-json\/wp\/v2\/categories?post=61022"},{"taxonomy":"post_tag","embeddable":true,"href":"https:\/\/www.europesays.com\/fr\/wp-json\/wp\/v2\/tags?post=61022"}],"curies":[{"name":"wp","href":"https:\/\/api.w.org\/{rel}","templated":true}]}}