{"id":610230,"date":"2025-12-19T20:11:15","date_gmt":"2025-12-19T20:11:15","guid":{"rendered":"https:\/\/www.europesays.com\/fr\/610230\/"},"modified":"2025-12-19T20:11:15","modified_gmt":"2025-12-19T20:11:15","slug":"comment-les-armees-europeennes-preparent-les-scenarios-dun-choc-avec-la-russie","status":"publish","type":"post","link":"https:\/\/www.europesays.com\/fr\/610230\/","title":{"rendered":"Comment les arm\u00e9es europ\u00e9ennes pr\u00e9parent les sc\u00e9narios d\u2019un choc avec la Russie"},"content":{"rendered":"<p>\n    <strong>D\u00c9CRYPTAGE &#8211; <\/strong>Pour \u00e9chafauder les hypoth\u00e8ses d\u2019une confrontation \u00ab\u00a0dans trois ou quatre ans\u00a0\u00bb, les \u00e9tats-majors s\u2019appuient sur des cellules de planification et d\u2019anticipation.<\/p>\n<p class=\"fig-paragraph\">Avertir ne suffit plus. Il faut se pr\u00e9parer. Tout en esp\u00e9rant encore pouvoir dissuader Vladimir Poutine, les Europ\u00e9ens ont pris acte de la menace que repr\u00e9sente la\u00a0<a href=\"http:\/\/www.lefigaro.fr\/international\/dossier\/tensions-entre-la-russie-et-l-ukraine-tout-comprendre-a-la-menace-d-une-invasion-russe\" data-fig-type=\"Topic\" data-gtm-custom-categorie=\"navigation\" data-gtm-custom-action=\"crossclick\" data-gtm-custom-label=\"Contextuel\" data-gtm-event=\"customEventSPE\" data-fig-domain=\"LEFIGARO\" target=\"_blank\" rel=\"noopener\">Russie\u00a0<\/a>\u00e0 court terme pour la s\u00e9curit\u00e9 du continent. \u00ab\u00a0Nous devons nous pr\u00e9parer \u00e0 une guerre d\u2019une ampleur comparable \u00e0 celle qu\u2019ont connue nos grands-parents ou nos arri\u00e8re-grands-parents\u00a0\u00bb,\u00a0<a href=\"http:\/\/www.lefigaro.fr\/international\/nous-devons-nous-preparer-a-l-ampleur-de-la-guerre-que-nos-grands-parents-et-arriere-grands-parents-ont-connue-avertit-le-chef-de-l-otan-20251212\" data-fig-type=\"NewsFlash\" data-gtm-custom-categorie=\"navigation\" data-gtm-custom-action=\"crossclick\" data-gtm-custom-label=\"Contextuel\" data-gtm-event=\"customEventSPE\" data-fig-domain=\"LEFIGARO\" target=\"_blank\" rel=\"noopener\">a mis en garde le secr\u00e9taire g\u00e9n\u00e9ral de l\u2019Otan<\/a>, Mark Rutte, mi-d\u00e9cembre. Pr\u00e8s de quatre ans apr\u00e8s l\u2019invasion de l\u2019Ukraine, Moscou poursuit une strat\u00e9gie toujours plus\u00a0<a href=\"http:\/\/www.lefigaro.fr\/international\/actions-preventives-operations-de-surveillance-riposte-cyber-face-a-l-agressivite-russe-l-otan-se-veut-plus-offensive-20251202\" data-fig-type=\"Article\" data-gtm-custom-categorie=\"navigation\" data-gtm-custom-action=\"crossclick\" data-gtm-custom-label=\"Contextuel\" data-gtm-event=\"customEventSPE\" data-fig-domain=\"LEFIGARO\" target=\"_blank\" rel=\"noopener\">agressive<\/a>. \u00ab\u00a0Imaginez un conflit touchant chaque foyer, chaque lieu de travail, entra\u00eenant destruction, mobilisation massive, des millions de personnes d\u00e9plac\u00e9es, des souffrances partout et des pertes extr\u00eames\u00a0\u00bb, a ajout\u00e9 Rutte. Il faut frapper les esprits.<\/p>\n<p class=\"fig-paragraph\">La r\u00e9flexion a gagn\u00e9 tous les cercles de pouvoir &#8211; chercheurs dans les think-tanks, planificateurs militaires, services de renseignements, responsables politiques\u2026 L\u2019anticipation strat\u00e9gique a repris des lettres\u2026<\/p>\n<p class=\"fig-premium-paywall__infos\">\n        Cet article est r\u00e9serv\u00e9 aux abonn\u00e9s.        Il vous reste 90% \u00e0 d\u00e9couvrir.\n    <\/p>\n<p>                <img  data- alt=\"Le Figaro\" class=\"fig-img--complete fig-img\"\/><\/p>\n<p class=\"fig-premium-paywall__title\">Vous avez envie de lire la suite ?<\/p>\n<p class=\"fig-premium-paywall__subtitle\">D\u00e9bloquez tous les articles imm\u00e9diatement.<\/p>\n<p class=\"fig-premium-paywall__connect\">\n                D\u00e9j\u00e0 abonn\u00e9\u00a0?                <a class=\"fig-premium-paywall__connect-link\" href=\"https:\/\/connect.lefigaro.fr\/login?client=horizon_web&amp;type=main&amp;redirect_uri=https%3A%2F%2Fwww.lefigaro.fr%2Finternational%2Fcomment-les-armees-europeennes-preparent-les-scenarios-d-un-choc-avec-la-russie-20251219\" data-js-gtm=\"{&quot;customCategorie&quot;: &quot;conversion&quot;, &quot;customAction&quot;: &quot;before_Landing_Connexion_paywall_auto&quot;, &quot;customLabel&quot;: &quot;bGVmaWdhcm8uZnJfXzFmMGRjYzQwLTU2MWEtNmIxZS1iZjQ5LWRkZGYxMGUzMmJhMl9fQXJ0aWNsZQ==_Comment les arm\u00e9es europ\u00e9ennes pr\u00e9parent les sc\u00e9narios d\u2019un choc avec la Russie_210&quot;, &quot;customIDSPE&quot;: &quot;bGVmaWdhcm8uZnJfXzFmMGRjYzQwLTU2MWEtNmIxZS1iZjQ5LWRkZGYxMGUzMmJhMl9fQXJ0aWNsZQ==&quot;, &quot;event&quot;: &quot;customEventSPE&quot;}\" target=\"_blank\" rel=\"noopener\"><br \/>\n                    Connectez-vous<br \/>\n                <\/a>\n            <\/p>\n","protected":false},"excerpt":{"rendered":"D\u00c9CRYPTAGE &#8211; Pour \u00e9chafauder les hypoth\u00e8ses d\u2019une confrontation \u00ab\u00a0dans trois ou quatre ans\u00a0\u00bb, les \u00e9tats-majors s\u2019appuient sur des&hellip;\n","protected":false},"author":2,"featured_media":610231,"comment_status":"","ping_status":"","sticky":false,"template":"","format":"standard","meta":{"footnotes":""},"categories":[1591],"tags":[11,674,1887,1146,12,1885,1886,132],"class_list":{"0":"post-610230","1":"post","2":"type-post","3":"status-publish","4":"format-standard","5":"has-post-thumbnail","7":"category-russie","8":"tag-actualites","9":"tag-europe","10":"tag-federation-de-russie","11":"tag-guerre","12":"tag-news","13":"tag-russia","14":"tag-russian-federation","15":"tag-russie"},"share_on_mastodon":{"url":"https:\/\/pubeurope.com\/@fr\/115748056835283381","error":""},"_links":{"self":[{"href":"https:\/\/www.europesays.com\/fr\/wp-json\/wp\/v2\/posts\/610230","targetHints":{"allow":["GET"]}}],"collection":[{"href":"https:\/\/www.europesays.com\/fr\/wp-json\/wp\/v2\/posts"}],"about":[{"href":"https:\/\/www.europesays.com\/fr\/wp-json\/wp\/v2\/types\/post"}],"author":[{"embeddable":true,"href":"https:\/\/www.europesays.com\/fr\/wp-json\/wp\/v2\/users\/2"}],"replies":[{"embeddable":true,"href":"https:\/\/www.europesays.com\/fr\/wp-json\/wp\/v2\/comments?post=610230"}],"version-history":[{"count":0,"href":"https:\/\/www.europesays.com\/fr\/wp-json\/wp\/v2\/posts\/610230\/revisions"}],"wp:featuredmedia":[{"embeddable":true,"href":"https:\/\/www.europesays.com\/fr\/wp-json\/wp\/v2\/media\/610231"}],"wp:attachment":[{"href":"https:\/\/www.europesays.com\/fr\/wp-json\/wp\/v2\/media?parent=610230"}],"wp:term":[{"taxonomy":"category","embeddable":true,"href":"https:\/\/www.europesays.com\/fr\/wp-json\/wp\/v2\/categories?post=610230"},{"taxonomy":"post_tag","embeddable":true,"href":"https:\/\/www.europesays.com\/fr\/wp-json\/wp\/v2\/tags?post=610230"}],"curies":[{"name":"wp","href":"https:\/\/api.w.org\/{rel}","templated":true}]}}