{"id":610234,"date":"2025-12-19T20:13:17","date_gmt":"2025-12-19T20:13:17","guid":{"rendered":"https:\/\/www.europesays.com\/fr\/610234\/"},"modified":"2025-12-19T20:13:17","modified_gmt":"2025-12-19T20:13:17","slug":"etats-unis-linfluence-grandissante-de-la-pop-chretienne-regarder-lemission-complete","status":"publish","type":"post","link":"https:\/\/www.europesays.com\/fr\/610234\/","title":{"rendered":"Etats-Unis : l&rsquo;influence grandissante de la pop chr\u00e9tienne &#8211; Regarder l\u2019\u00e9mission compl\u00e8te"},"content":{"rendered":"<p>Alors que l\u2019industrie musicale globale est en repli, un genre cartonne. La nouvelle pop chr\u00e9tienne a vu ses \u00e9coutes num\u00e9riques augmenter de 44 % en 2024. Parmi ses nouveaux fans : des femmes et un tiers de millennials qui semblent chercher un sens \u00e0 leur vie. Cette musique remplit des stades, cartonne sur Spotify et influence la culture mainstream. Mais derri\u00e8re les tubes feel-good se profile un imaginaire o\u00f9 foi et patriotisme se m\u00e9langent, illustrant le retour en force des valeurs conservatrices.<\/p>\n","protected":false},"excerpt":{"rendered":"Alors que l\u2019industrie musicale globale est en repli, un genre cartonne. La nouvelle pop chr\u00e9tienne a vu ses&hellip;\n","protected":false},"author":2,"featured_media":610235,"comment_status":"","ping_status":"","sticky":false,"template":"","format":"standard","meta":{"footnotes":""},"categories":[1589],"tags":[11,73,1866,12,1864,1865,1863,308],"class_list":{"0":"post-610234","1":"post","2":"type-post","3":"status-publish","4":"format-standard","5":"has-post-thumbnail","7":"category-etats-unis","8":"tag-actualites","9":"tag-etats-unis","10":"tag-etats-unis-damerique","11":"tag-news","12":"tag-united-states","13":"tag-united-states-of-america","14":"tag-us","15":"tag-usa"},"share_on_mastodon":{"url":"https:\/\/pubeurope.com\/@fr\/115748065006115833","error":""},"_links":{"self":[{"href":"https:\/\/www.europesays.com\/fr\/wp-json\/wp\/v2\/posts\/610234","targetHints":{"allow":["GET"]}}],"collection":[{"href":"https:\/\/www.europesays.com\/fr\/wp-json\/wp\/v2\/posts"}],"about":[{"href":"https:\/\/www.europesays.com\/fr\/wp-json\/wp\/v2\/types\/post"}],"author":[{"embeddable":true,"href":"https:\/\/www.europesays.com\/fr\/wp-json\/wp\/v2\/users\/2"}],"replies":[{"embeddable":true,"href":"https:\/\/www.europesays.com\/fr\/wp-json\/wp\/v2\/comments?post=610234"}],"version-history":[{"count":0,"href":"https:\/\/www.europesays.com\/fr\/wp-json\/wp\/v2\/posts\/610234\/revisions"}],"wp:featuredmedia":[{"embeddable":true,"href":"https:\/\/www.europesays.com\/fr\/wp-json\/wp\/v2\/media\/610235"}],"wp:attachment":[{"href":"https:\/\/www.europesays.com\/fr\/wp-json\/wp\/v2\/media?parent=610234"}],"wp:term":[{"taxonomy":"category","embeddable":true,"href":"https:\/\/www.europesays.com\/fr\/wp-json\/wp\/v2\/categories?post=610234"},{"taxonomy":"post_tag","embeddable":true,"href":"https:\/\/www.europesays.com\/fr\/wp-json\/wp\/v2\/tags?post=610234"}],"curies":[{"name":"wp","href":"https:\/\/api.w.org\/{rel}","templated":true}]}}