{"id":610238,"date":"2025-12-19T20:15:23","date_gmt":"2025-12-19T20:15:23","guid":{"rendered":"https:\/\/www.europesays.com\/fr\/610238\/"},"modified":"2025-12-19T20:15:23","modified_gmt":"2025-12-19T20:15:23","slug":"en-allemagne-cette-condamnation-de-justice-rappelle-etrangement-laffaire-mazan","status":"publish","type":"post","link":"https:\/\/www.europesays.com\/fr\/610238\/","title":{"rendered":"En Allemagne, cette condamnation de justice rappelle \u00e9trangement l\u2019affaire Mazan"},"content":{"rendered":"<p>        <img decoding=\"async\" loading=\"lazy\" src=\"https:\/\/www.europesays.com\/fr\/wp-content\/uploads\/2025\/12\/1be7199_upload-1-ftqthryljblr-2025-12-19t092316z-1766136192-dpaf251219x99x971049-rtrfipp-4-crime-pro.jpeg\"  width=\"728\" height=\"409\" alt=\"L\u2019accus\u00e9 lors de son entr\u00e9e dans la salle d\u2019audience du tribunal r\u00e9gional de Rh\u00e9nanie-du-Nord-Westphalie ce vendredi 19\u00a0d\u00e9cembre pour conna\u00eetre le verdict de son proc\u00e8s.\"\/>  <\/p>\n<p>Rolf Vennenbernd \/ Rolf Vennenbernd\/dpa<\/p>\n<p>L\u2019accus\u00e9 lors de son entr\u00e9e dans la salle d\u2019audience du tribunal r\u00e9gional de Rh\u00e9nanie-du-Nord-Westphalie ce vendredi 19\u00a0d\u00e9cembre pour conna\u00eetre le verdict de son proc\u00e8s.<\/p>\n<p class=\"asset asset-text\">Comme un air de d\u00e9j\u00e0-vu, mais cette fois de l\u2019autre c\u00f4t\u00e9 du Rhin. En Allemagne, un homme de 61\u00a0ans a \u00e9t\u00e9 condamn\u00e9 par la justice ce vendredi 19\u00a0d\u00e9cembre \u00e0 huit ans et demi de prison dans une affaire rappelant par de nombreux aspects <a href=\"https:\/\/www.huffingtonpost.fr\/medias\/article\/gisele-pelicot-parmi-les-femmes-de-l-annee-2025-pour-le-magazine-time_246494.html\" target=\"_blank\" rel=\"noopener\">l\u2019affaire des viols de Mazan<\/a> en France.<\/p>\n<p class=\"asset asset-text\">M\u00eame <a href=\"https:\/\/edition.cnn.com\/2025\/12\/19\/europe\/german-pelicot-case-verdict-latam-intl\" target=\"_blank\" rel=\"noopener\" title=\"Nouvelle fen\u00eatre\">CNN<\/a> osait ce vendredi la comparaison entre cet  Allemand condamn\u00e9 pour des viols r\u00e9p\u00e9t\u00e9s de sa femme, dont il a diffus\u00e9 les vid\u00e9os sur internet, et l\u2019affaire qui a abouti l\u2019ann\u00e9e derni\u00e8re \u00e0 la condamnation \u00e0 20\u00a0ans r\u00e9clusion criminelle pour <a href=\"https:\/\/www.huffingtonpost.fr\/france\/article\/dominique-pelicot-a-ecrit-un-livre-mais-ne-sait-pas-encore-s-il-sera-publie_257637.html\" target=\"_blank\" rel=\"noopener\" title=\"Nouvelle fen\u00eatre\">Dominique Pelicot<\/a>, ex-mari de <a href=\"https:\/\/www.huffingtonpost.fr\/justice\/article\/le-policier-qui-a-decouvert-l-affaire-des-viols-de-mazan-se-confie-pour-la-premiere-fois-je-n-oublierai-jamais_255943.html\" target=\"_blank\" rel=\"noopener\" title=\"Nouvelle fen\u00eatre\">Gis\u00e8le Pelicot<\/a>, qu\u2019il livrait \u00e0 des inconnus recrut\u00e9s sur internet apr\u00e8s l\u2019avoir pr\u00e9alablement drogu\u00e9e.<\/p>\n<p class=\"asset asset-text\">Avec des titres comme \u00ab\u00a0Pelicot de Aix-la-Chappelle\u00a0?\u00a0\u00bb, la presse allemande a elle aussi \u00e9tabli un parall\u00e8le \u00e9vident avec l\u2019affaire fran\u00e7aise des viols de Mazan. L\u2019accus\u00e9 condamn\u00e9 ce vendredi et identifi\u00e9 comme Fernando P. \u00e9tait poursuivi pour avoir, entre 2018 et 2024, administr\u00e9 \u00ab\u00a0\u00e0 plusieurs reprise\u00a0\u00bb des s\u00e9datifs \u00e0 son \u00e9pouse \u00e0 son insu avant de la violer, a d\u00e9clar\u00e9 le tribunal d\u2019Aix-la-Chapelle dans un communiqu\u00e9.<\/p>\n<p class=\"asset asset-text\">L\u2019homme \u00e9tait \u00e9galement accus\u00e9 d\u2019avoir \u00ab\u00a0film\u00e9 les faits et mis \u00e0 disposition les vid\u00e9os dans des groupes de discussion et sur des plateformes internet\u00a0\u00bb, a expliqu\u00e9 \u00e0 la presse une porte-parole du tribunal apr\u00e8s l\u2019\u00e9nonc\u00e9 du verdict. Il a finalement \u00e9t\u00e9 reconnu coupable \u00ab\u00a0de viol aggrav\u00e9, de coups et blessures graves et d\u2019atteinte \u00e0 la vie priv\u00e9e par la prise d\u2019images\u00a0\u00bb, a-t-elle ajout\u00e9.<\/p>\n<p class=\"asset asset-text\">Sa peine est toutefois moins lourde que les dix ans requis par le minist\u00e8re public.<\/p>\n<p>    Un proc\u00e8s presque enti\u00e8rement \u00e0 huis clos    <\/p>\n<p class=\"asset asset-text\">N\u00e9 en Espagne, l\u2019homme travaillait comme concierge jusqu\u2019\u00e0 son incarc\u00e9ration en f\u00e9vrier dernier. Au d\u00e9part, la police allemande avait \u00e9t\u00e9 alert\u00e9e sur ses agissements par des internautes qui enqu\u00eataient sur des \u00e9changes dans des groupes de discussion d\u2019une messagerie en ligne, a \u00e9galement expliqu\u00e9 la porte-parole du tribunal.<\/p>\n<p class=\"asset asset-text\">Dans cette affaire, la messagerie en question avait accept\u00e9 de fournir des informations sur ses utilisateurs, permettant \u00e0 la police d\u2019identifier l\u2019accus\u00e9.<\/p>\n<p class=\"asset asset-text\">La victime \u00ab\u00a0a pu s\u2019exprimer\u00a0\u00bb et \u00ab\u00a0faire part de ses sentiments\u00a0\u00bb, a comment\u00e9 son avocate face aux journalistes. Mais contrairement \u00e0 l\u2019affaire des viols de Mazan et <a href=\"https:\/\/www.huffingtonpost.fr\/medias\/article\/gisele-pelicot-est-la-femme-la-plus-influente-de-2025-selon-le-journal-britannique-the-independent_247186.html\" target=\"_blank\" rel=\"noopener\">son \u00e9cho international<\/a>, ce proc\u00e8s a fait bien moins de bruit en Allemagne que le dossier Pelicot en France. Celui-ci est d\u2019ailleurs devenu un symbole mondial des violences faites aux femmes quand Gis\u00e8le Pelicot a refus\u00e9 que les audiences se tiennent \u00e0 huis clos, afin que \u00ab\u00a0la honte change de camp\u00a0\u00bb.<\/p>\n<p class=\"asset asset-text\">Ce qui n\u2019\u00e9tait pas le cas dans le cas pr\u00e9sent puisque le proc\u00e8s, ouvert en novembre, s\u2019est tenu en grande partie \u00e0 huis clos, \u00ab\u00a0pour prot\u00e9ger les int\u00e9r\u00eats de la victime\u00a0\u00bb.<\/p>\n","protected":false},"excerpt":{"rendered":"Rolf Vennenbernd \/ Rolf Vennenbernd\/dpa L\u2019accus\u00e9 lors de son entr\u00e9e dans la salle d\u2019audience du tribunal r\u00e9gional de&hellip;\n","protected":false},"author":2,"featured_media":610239,"comment_status":"","ping_status":"","sticky":false,"template":"","format":"standard","meta":{"footnotes":""},"categories":[1587],"tags":[11,672,1804,1805,1803,1777,674,1801,14,12,2694,11218,1802,1265],"class_list":{"0":"post-610238","1":"post","2":"type-post","3":"status-publish","4":"format-standard","5":"has-post-thumbnail","7":"category-allemagne","8":"tag-actualites","9":"tag-allemagne","10":"tag-bundesrepublik-deutschland","11":"tag-de","12":"tag-deutschland","13":"tag-eu","14":"tag-europe","15":"tag-germany","16":"tag-international","17":"tag-news","18":"tag-proces","19":"tag-proces-des-viols-de-mazan","20":"tag-republique-federale-dallemagne","21":"tag-viol"},"share_on_mastodon":{"url":"https:\/\/pubeurope.com\/@fr\/115748073364274462","error":""},"_links":{"self":[{"href":"https:\/\/www.europesays.com\/fr\/wp-json\/wp\/v2\/posts\/610238","targetHints":{"allow":["GET"]}}],"collection":[{"href":"https:\/\/www.europesays.com\/fr\/wp-json\/wp\/v2\/posts"}],"about":[{"href":"https:\/\/www.europesays.com\/fr\/wp-json\/wp\/v2\/types\/post"}],"author":[{"embeddable":true,"href":"https:\/\/www.europesays.com\/fr\/wp-json\/wp\/v2\/users\/2"}],"replies":[{"embeddable":true,"href":"https:\/\/www.europesays.com\/fr\/wp-json\/wp\/v2\/comments?post=610238"}],"version-history":[{"count":0,"href":"https:\/\/www.europesays.com\/fr\/wp-json\/wp\/v2\/posts\/610238\/revisions"}],"wp:featuredmedia":[{"embeddable":true,"href":"https:\/\/www.europesays.com\/fr\/wp-json\/wp\/v2\/media\/610239"}],"wp:attachment":[{"href":"https:\/\/www.europesays.com\/fr\/wp-json\/wp\/v2\/media?parent=610238"}],"wp:term":[{"taxonomy":"category","embeddable":true,"href":"https:\/\/www.europesays.com\/fr\/wp-json\/wp\/v2\/categories?post=610238"},{"taxonomy":"post_tag","embeddable":true,"href":"https:\/\/www.europesays.com\/fr\/wp-json\/wp\/v2\/tags?post=610238"}],"curies":[{"name":"wp","href":"https:\/\/api.w.org\/{rel}","templated":true}]}}