{"id":610240,"date":"2025-12-19T20:16:16","date_gmt":"2025-12-19T20:16:16","guid":{"rendered":"https:\/\/www.europesays.com\/fr\/610240\/"},"modified":"2025-12-19T20:16:16","modified_gmt":"2025-12-19T20:16:16","slug":"defense-energie-biotechs-les-secteurs-qui-vont-profiter-de-la-quete-de-souverainete-en-europe","status":"publish","type":"post","link":"https:\/\/www.europesays.com\/fr\/610240\/","title":{"rendered":"D\u00e9fense, \u00e9nergie, biotechs&#8230; Les secteurs qui vont profiter de la qu\u00eate de souverainet\u00e9 en Europe"},"content":{"rendered":"<p>\n    <strong>ANALYSE<\/strong> &#8211; Des plans d\u2019envergure se d\u00e9ploient dans toute l\u2019Europe pour renforcer la comp\u00e9titivit\u00e9, la s\u00e9curit\u00e9 et l\u2019autonomie du continent.<\/p>\n<p class=\"fig-paragraph\">L\u2019Europe a amorc\u00e9 un virage majeur pour tenter de restaurer sa souverainet\u00e9. Le Covid a r\u00e9v\u00e9l\u00e9 au grand jour la fragilit\u00e9 de nos cha\u00eenes d\u2019approvisionnement et notre d\u00e9pendance dans de nombreux domaines strat\u00e9giques (la p\u00e9nurie de masques est encore dans toutes les m\u00e9moires). La guerre en Ukraine a ensuite mis en \u00e9vidence\u00a0<a href=\"http:\/\/www.lefigaro.fr\/vox\/economie\/sebastien-martin-pour-sauver-l-industrie-francaise-portons-la-preference-europeenne-20251201\" data-fig-type=\"Article\" data-gtm-custom-categorie=\"navigation\" data-gtm-custom-action=\"crossclick\" data-gtm-custom-label=\"Contextuel\" data-gtm-event=\"customEventSPE\" data-fig-domain=\"LEFIGARO\" target=\"_blank\" rel=\"noopener\">la n\u00e9cessit\u00e9 de renforcer notre autonomie en mati\u00e8re de d\u00e9fense\u00a0et d\u2019\u00e9nergie<\/a>. Plus r\u00e9cemment, l\u2019offensive commerciale engag\u00e9e par Donald Trump a point\u00e9 nos faiblesses vis-\u00e0-vis du g\u00e9ant am\u00e9ricain mais aussi de l\u2019ogre chinois qui s\u2019est ru\u00e9 sur l\u2019Europe pour y d\u00e9verser ses exc\u00e9dents de production.\u00a0<a href=\"http:\/\/www.lefigaro.fr\/vox\/societe\/nicolas-baverez-mario-draghi-un-plaidoyer-pour-le-reveil-de-l-europe-20240916\" data-fig-type=\"Article\" data-gtm-custom-categorie=\"navigation\" data-gtm-custom-action=\"crossclick\" data-gtm-custom-label=\"Contextuel\" data-gtm-event=\"customEventSPE\" data-fig-domain=\"LEFIGARO\" target=\"_blank\" rel=\"noopener\">Dans un rapport d\u00e9voil\u00e9 en septembre 2024, Mario Draghi<\/a>, l\u2019ancien pr\u00e9sident de la BCE s\u2019est alarm\u00e9 du d\u00e9crochage europ\u00e9en, particuli\u00e8rement dans les hautes technologies (import\u00e9es \u00e0 80\u00a0%) et dans la transition \u00e9nerg\u00e9tique.\u00a0Il a \u00e9valu\u00e9 les investissements \u00e0 fournir pour combler ce retard \u00e0 800\u00a0milliards d\u2019euros par an.<\/p>\n<p class=\"fig-paragraph\">Les pays de l\u2019Union ont commenc\u00e9 \u00e0 bouger.\u00a0<a href=\"http:\/\/www.lefigaro.fr\/international\/jean-louis-thieriot-nous-avons-besoin-de-depenser-plus-pour-notre-defense-mais-sans-alourdir-notre-endettement-20251203\" data-fig-type=\"Article\" data-gtm-custom-categorie=\"navigation\" data-gtm-custom-action=\"crossclick\" data-gtm-custom-label=\"Contextuel\" data-gtm-event=\"customEventSPE\" data-fig-domain=\"LEFIGARO\" target=\"_blank\" rel=\"noopener\">Le programme commun\u2026<\/a><\/p>\n<p class=\"fig-premium-paywall__infos\">\n        Cet article est r\u00e9serv\u00e9 aux abonn\u00e9s.        Il vous reste 79% \u00e0 d\u00e9couvrir.\n    <\/p>\n<p>                <img  data- alt=\"Le Figaro\" class=\"fig-img--complete fig-img\"\/><\/p>\n<p class=\"fig-premium-paywall__title\">Vous avez envie de lire la suite ?<\/p>\n<p class=\"fig-premium-paywall__subtitle\">D\u00e9bloquez tous les articles imm\u00e9diatement.<\/p>\n<p class=\"fig-premium-paywall__connect\">\n                D\u00e9j\u00e0 abonn\u00e9\u00a0?                <a class=\"fig-premium-paywall__connect-link\" href=\"https:\/\/connect.lefigaro.fr\/login?client=horizon_web&amp;type=main&amp;redirect_uri=https%3A%2F%2Fwww.lefigaro.fr%2Fsocietes%2Fdefense-energie-biotechs-les-secteurs-qui-vont-profiter-de-la-quete-de-souverainete-en-europe-20251219\" data-js-gtm=\"{&quot;customCategorie&quot;: &quot;conversion&quot;, &quot;customAction&quot;: &quot;before_Landing_Connexion_paywall_auto&quot;, &quot;customLabel&quot;: &quot;bGVmaWdhcm8uZnJfXzFmMGRjYjRhLWQxMDAtNmU3ZS05NTlhLTM5M2UwMDAxZjFhYl9fQXJ0aWNsZQ==_D\u00e9fense, \u00e9nergie, biotechs... Les secteurs qui vont profiter de la qu\u00eate de souverainet\u00e9 en Europe_60&quot;, &quot;customIDSPE&quot;: &quot;bGVmaWdhcm8uZnJfXzFmMGRjYjRhLWQxMDAtNmU3ZS05NTlhLTM5M2UwMDAxZjFhYl9fQXJ0aWNsZQ==&quot;, &quot;event&quot;: &quot;customEventSPE&quot;}\" target=\"_blank\" rel=\"noopener\"><br \/>\n                    Connectez-vous<br \/>\n                <\/a>\n            <\/p>\n","protected":false},"excerpt":{"rendered":"ANALYSE &#8211; Des plans d\u2019envergure se d\u00e9ploient dans toute l\u2019Europe pour renforcer la comp\u00e9titivit\u00e9, la s\u00e9curit\u00e9 et l\u2019autonomie&hellip;\n","protected":false},"author":2,"featured_media":610241,"comment_status":"","ping_status":"","sticky":false,"template":"","format":"standard","meta":{"footnotes":""},"categories":[1586],"tags":[11,343,1777,51604,674,1011,27,2112,12,25],"class_list":{"0":"post-610240","1":"post","2":"type-post","3":"status-publish","4":"format-standard","5":"has-post-thumbnail","7":"category-europe","8":"tag-actualites","9":"tag-cac-40","10":"tag-eu","11":"tag-euronext","12":"tag-europe","13":"tag-fr","14":"tag-france","15":"tag-marches-financiers","16":"tag-news","17":"tag-republique-francaise"},"share_on_mastodon":{"url":"https:\/\/pubeurope.com\/@fr\/115748076681842384","error":""},"_links":{"self":[{"href":"https:\/\/www.europesays.com\/fr\/wp-json\/wp\/v2\/posts\/610240","targetHints":{"allow":["GET"]}}],"collection":[{"href":"https:\/\/www.europesays.com\/fr\/wp-json\/wp\/v2\/posts"}],"about":[{"href":"https:\/\/www.europesays.com\/fr\/wp-json\/wp\/v2\/types\/post"}],"author":[{"embeddable":true,"href":"https:\/\/www.europesays.com\/fr\/wp-json\/wp\/v2\/users\/2"}],"replies":[{"embeddable":true,"href":"https:\/\/www.europesays.com\/fr\/wp-json\/wp\/v2\/comments?post=610240"}],"version-history":[{"count":0,"href":"https:\/\/www.europesays.com\/fr\/wp-json\/wp\/v2\/posts\/610240\/revisions"}],"wp:featuredmedia":[{"embeddable":true,"href":"https:\/\/www.europesays.com\/fr\/wp-json\/wp\/v2\/media\/610241"}],"wp:attachment":[{"href":"https:\/\/www.europesays.com\/fr\/wp-json\/wp\/v2\/media?parent=610240"}],"wp:term":[{"taxonomy":"category","embeddable":true,"href":"https:\/\/www.europesays.com\/fr\/wp-json\/wp\/v2\/categories?post=610240"},{"taxonomy":"post_tag","embeddable":true,"href":"https:\/\/www.europesays.com\/fr\/wp-json\/wp\/v2\/tags?post=610240"}],"curies":[{"name":"wp","href":"https:\/\/api.w.org\/{rel}","templated":true}]}}