{"id":61025,"date":"2025-04-29T05:24:16","date_gmt":"2025-04-29T05:24:16","guid":{"rendered":"https:\/\/www.europesays.com\/fr\/61025\/"},"modified":"2025-04-29T05:24:16","modified_gmt":"2025-04-29T05:24:16","slug":"la7-coupee-entre-lyon-et-valence","status":"publish","type":"post","link":"https:\/\/www.europesays.com\/fr\/61025\/","title":{"rendered":"l&rsquo;A7 coup\u00e9e entre Lyon et Valence"},"content":{"rendered":"<p>Un poids lourd a pris feu apr\u00e8s un accident survenu sur l&rsquo;autoroute A7, ce mardi \u00e0 4h40. L&rsquo;incident, qui a eu lieu \u00e0 hauteur de la sortie Tain-l&rsquo;Hermitage (n\u00b0 13), dans la Dr\u00f4me, en direction de Marseille, \u00e9tait toujours en cours \u00e0 7 heures.<\/p>\n<p>L&rsquo;accident et les op\u00e9rations de secours qui en d\u00e9coulent entra\u00eenent la coupure totale de la circulation en direction du Sud, entre Vienne et Valence.<\/p>\n<p>Des itin\u00e9raires de substitution<\/p>\n<p>Ainsi, Bison fut\u00e9 demande aux automobilistes d&rsquo;\u00e9viter ce secteur. Il faut suivre l&rsquo;itin\u00e9raire autoroutier alternatif signal\u00e9 par panneaux lumineux \u00e0 partir des entr\u00e9es de Lyon qui permet de rejoindre l&rsquo;A7 \u00e0 Valence.<\/p>\n<p>Ce contenu est bloqu\u00e9 car vous n&rsquo;avez pas accept\u00e9 les cookies et autres traceurs.<\/p>\n<p>En cliquant sur \u00ab J\u2019accepte \u00bb, les cookies et autres traceurs seront d\u00e9pos\u00e9s et vous pourrez visualiser les contenus  (<a href=\"\" class=\"consentModule_policy\" target=\"_blank\" title=\"Consulter la politique de protection des donn\u00e9es du fournisseur\">plus d&rsquo;informations<\/a>).<\/p>\n<p>En cliquant sur \u00ab J\u2019accepte tous les cookies \u00bb, vous autorisez des d\u00e9p\u00f4ts de cookies et autres traceurs pour le stockage de vos donn\u00e9es sur nos sites et applications \u00e0 des fins de personnalisation et de ciblage publicitaire.<\/p>\n<p class=\"consentModule_secondaryText\">Vous gardez la possibilit\u00e9 de retirer votre consentement \u00e0 tout moment en consultant notre <a href=\"https:\/\/www.leprogres.fr\/protection-des-donnees\" target=\"_blank\" title=\"Consulter notre politique de protection des donn\u00e9es\" rel=\"nofollow noopener\">politique de protection des donn\u00e9es<\/a>. <br \/>&#13;<br \/>\n            <a href=\"https:\/\/www.leprogres.fr\/transport\/2025\/04\/29\/javascript:Didomi.notice.show()\" class=\"consentModule_cmp\" rel=\"nofollow noopener\" target=\"_blank\">G\u00e9rer mes choix<\/a>&#13;\n        <\/p>\n<p>&#13;<br \/>\n                        J&rsquo;accepte&#13;<br \/>\n            J&rsquo;accepte tous les cookies&#13;\n        <\/p>\n<p>  Un allongement de 20 km<\/p>\n<p>Pour cela, il faut quitter l\u2019A7 \u00e0 la sortie 9 de Vienne et longer l\u2019autoroute en empruntant l\u2019itin\u00e9raire Bis signal\u00e9 via Beaurepaire. Arriv\u00e9e sur l\u2019A49 \u00e0 hauteur de Romans-sur-Is\u00e8re, suivre la direction de Marseille, pour reprendre l\u2019A7 au sud de Valence. Cet itin\u00e9raire g\u00e9n\u00e8re un allongement de l\u2019ordre de 20 km.<\/p>\n<p>On ignore pour l&rsquo;heure quand la circulation sera r\u00e9tablie.<\/p>\n<p>        &#13;<br \/>\n          <a href=\"https:\/\/cdn-s-www.leprogres.fr\/images\/28b0f6f1-b74c-43ee-9c58-06acb0af68ba\/NW_raw\/photo-dir-centre-est-1745903758.jpg\" title=\"Photo DIR-Centre-Est\" class=\"chocolat-image GA-tracking\" data-ga_type=\"click\" data-ga_category=\"D\u00e9tail\" data-ga_action=\"zoomer\" data-ga_label=\"agrandir image\" rel=\"nofollow noopener\" target=\"_blank\">&#13;<br \/>\n            <img loading=\"lazy\" decoding=\"async\" src=\"https:\/\/www.europesays.com\/fr\/wp-content\/uploads\/2025\/04\/photo-dir-centre-est-1745903758.jpg\" alt=\"Photo DIR-Centre-Est\"\/>&#13;<br \/>\n          <\/a>&#13;<br \/>\n          &#13;<\/p>\n<p class=\"insetTitle\">L&rsquo;A7 \u00e9galement ferm\u00e9e de ce mardi soir \u00e0 dimanche<\/p>\n<p>Si vous empruntez l&rsquo;A7 r\u00e9guli\u00e8rement, pensez \u00e9galement \u00e0 anticiper vos d\u00e9placements \u00e0 partir de ce mardi soir. La r\u00e9novation des viaducs de Pierre-B\u00e9nite sur l\u2019A7 va entra\u00eener quatre fermetures compl\u00e8tes de l\u2019autoroute, dans le sens Marseille-Lyon, entre fin avril et d\u00e9but juin\u00a02025. La premi\u00e8re partie des travaux d\u00e9bute ce mardi soir et se poursuit jusqu&rsquo;\u00e0 dimanche.<\/p>\n<p><strong><a href=\"https:\/\/www.leprogres.fr\/economie\/2025\/04\/28\/l-a7-totalement-fermee-dans-un-sens-pendant-quatre-week-ends-attention-ca-commence-ce-mardi\" target=\"_blank\" rel=\"nofollow noopener\">\u27a1\ufe0f Lire l&rsquo;article complet<\/a><\/strong><\/p>\n","protected":false},"excerpt":{"rendered":"Un poids lourd a pris feu apr\u00e8s un accident survenu sur l&rsquo;autoroute A7, ce mardi \u00e0 4h40. L&rsquo;incident,&hellip;\n","protected":false},"author":2,"featured_media":61026,"comment_status":"","ping_status":"","sticky":false,"template":"","format":"standard","meta":{"footnotes":""},"categories":[1889],"tags":[1111,11,2430,3542,3152,2757,3154,1777,674,274,107,1011,27,2428,12,25,2429,1097,1584],"class_list":{"0":"post-61025","1":"post","2":"type-post","3":"status-publish","4":"format-standard","5":"has-post-thumbnail","7":"category-lyon","8":"tag-actu","9":"tag-actualites","10":"tag-auvergne-rhone-alpes","11":"tag-circulation","12":"tag-edition-est-lyonnais","13":"tag-edition-lyon-villeurbanne","14":"tag-edition-sud-lyonnais","15":"tag-eu","16":"tag-europe","17":"tag-faits-divers-justice","18":"tag-fil-info","19":"tag-fr","20":"tag-france","21":"tag-lyon","22":"tag-news","23":"tag-republique-francaise","24":"tag-rhone","25":"tag-trafic","26":"tag-vienne"},"share_on_mastodon":{"url":"https:\/\/pubeurope.com\/@fr\/114419588375407944","error":""},"_links":{"self":[{"href":"https:\/\/www.europesays.com\/fr\/wp-json\/wp\/v2\/posts\/61025","targetHints":{"allow":["GET"]}}],"collection":[{"href":"https:\/\/www.europesays.com\/fr\/wp-json\/wp\/v2\/posts"}],"about":[{"href":"https:\/\/www.europesays.com\/fr\/wp-json\/wp\/v2\/types\/post"}],"author":[{"embeddable":true,"href":"https:\/\/www.europesays.com\/fr\/wp-json\/wp\/v2\/users\/2"}],"replies":[{"embeddable":true,"href":"https:\/\/www.europesays.com\/fr\/wp-json\/wp\/v2\/comments?post=61025"}],"version-history":[{"count":0,"href":"https:\/\/www.europesays.com\/fr\/wp-json\/wp\/v2\/posts\/61025\/revisions"}],"wp:featuredmedia":[{"embeddable":true,"href":"https:\/\/www.europesays.com\/fr\/wp-json\/wp\/v2\/media\/61026"}],"wp:attachment":[{"href":"https:\/\/www.europesays.com\/fr\/wp-json\/wp\/v2\/media?parent=61025"}],"wp:term":[{"taxonomy":"category","embeddable":true,"href":"https:\/\/www.europesays.com\/fr\/wp-json\/wp\/v2\/categories?post=61025"},{"taxonomy":"post_tag","embeddable":true,"href":"https:\/\/www.europesays.com\/fr\/wp-json\/wp\/v2\/tags?post=61025"}],"curies":[{"name":"wp","href":"https:\/\/api.w.org\/{rel}","templated":true}]}}