{"id":610255,"date":"2025-12-19T20:28:15","date_gmt":"2025-12-19T20:28:15","guid":{"rendered":"https:\/\/www.europesays.com\/fr\/610255\/"},"modified":"2025-12-19T20:28:15","modified_gmt":"2025-12-19T20:28:15","slug":"en-sang-apres-une-chute-vollering-remercie-ironiquement-les-automobilistes-sports","status":"publish","type":"post","link":"https:\/\/www.europesays.com\/fr\/610255\/","title":{"rendered":"En sang apr\u00e8s une chute, Vollering remercie ironiquement les automobilistes : Sports"},"content":{"rendered":"<p class=\"date\">\n                                                            Mathieu Warnier, Media365 : publi\u00e9 le vendredi 19 d\u00e9cembre 2025 \u00e0 20h35\n                                                    <\/p>\n<p>Non sans humour, Demi Vollering est revenue via les r\u00e9seaux sociaux sur la chute dont elle a \u00e9t\u00e9 victime ce jeudi lors d&rsquo;une sortie d&rsquo;entra\u00eenement, se montrant notamment critique vis-\u00e0-vis des automobilistes<\/p>\n<p>C&rsquo;est une m\u00e9saventure qui arrive \u00e0 toujours plus de cyclistes. Et elle aurait pu avoir des cons\u00e9quences bien plus grave si l&rsquo;accident n&rsquo;avait pas \u00e9t\u00e9 finalement anodin. Alors qu&rsquo;elle est en pleine pr\u00e9paration de la saison 2026 avec son \u00e9quipe FDJ United-Suez lors d&rsquo;un stage organis\u00e9 en Espagne, Demi Vollering a \u00e9t\u00e9 victime d&rsquo;une chute. Un incident que <a href=\"https:\/\/sports.orange.fr\/cyclisme\/article\/championnats-d-europe-f-vollering-decroche-son-premier-titre-europeen-CNT000002l34qH.html\" target=\"_blank\" rel=\"noopener\">la championne d&rsquo;Europe en titre<\/a> a confirm\u00e9 par l&rsquo;interm\u00e9diaire des r\u00e9seaux sociaux, montrant ses blessures au niveau du menton et de la main gauche, cette derni\u00e8re \u00e9tant passablement ensanglant\u00e9e. Voulant visiblement d\u00e9dramatiser la situation, la N\u00e9erlandaise n&rsquo;a pas h\u00e9sit\u00e9 \u00e0 manier l&rsquo;humour dans son message.<\/p>\n<p>Vollering : \u00ab\u00a0Cela me redonne foi en l&rsquo;humanit\u00e9\u00a0\u00bb<\/p>\n<p>\u00ab\u00a0La journ\u00e9e s&rsquo;est mal termin\u00e9e. J&rsquo;ai essay\u00e9 d&#8217;embrasser l&rsquo;asphalte, a-t-elle confi\u00e9 sur Instagram. Et je peux vous dire\u00a0: n&rsquo;essayez m\u00eame pas\u00a0!\u00a0\u00bb Assurant \u00eatre \u00ab\u00a0tr\u00e8s reconnaissante envers cette cycliste qui s&rsquo;est arr\u00eat\u00e9e pour prendre de (ses) nouvelles\u00a0\u00bb, <a href=\"https:\/\/sports.orange.fr\/cyclisme\/tour-de-france\/article\/tour-de-france-f-vollering-fiere-de-son-poids-CNT000002jSeus.html\" target=\"_blank\" rel=\"noopener\">Demi Vollering<\/a> s&rsquo;est montr\u00e9 bien moins indulgentes avec les automobilistes qui ont assist\u00e9 \u00e0 la sc\u00e8ne sans prendre le temps d&rsquo;agir pour lui porter assistance. \u00ab\u00a0Merci aux trois voitures qui m&rsquo;ont vu sans m\u00eame me demander si j&rsquo;allais bien.\u00a0Cela me redonne foi en l&rsquo;humanit\u00e9, a-t-elle lanc\u00e9 de mani\u00e8re pour le moins ironique.\u00a0Cela me rappelle que beaucoup de gens sont absorb\u00e9s par leurs propres pr\u00e9occupations.\u00a0\u00bb<\/p>\n<p>Plus de peur que de mal pour Vollering<\/p>\n<p>Au-del\u00e0 de cette cycliste anonyme, l&rsquo;encadrement de l&rsquo;\u00e9quipe FDJ United-Suez a \u00e9galement pu intervenir, \u00e9tant \u00ab\u00a0arriv\u00e9e au plus vite\u00a0\u00bb selon Demi Vollering. Pris\u00e9e des cyclistes dans ces quelques semaines de pr\u00e9paration intensive pr\u00e9alable au lancement de la saison, les routes espagnoles sont malgr\u00e9 tout le t\u00e9moin de plusieurs incidents mais sans que les cons\u00e9quences soient importantes pour les professionnels. Ambitieuse pour les mois \u00e0 venir, elle qui entend renouer avec la victoire sur le Tour de France apr\u00e8s <a href=\"https:\/\/sports.orange.fr\/cyclisme\/tour-de-france\/resultats\/article\/tour-de-france-f-e8-vollering-remporte-son-premier-tour-reusser-s-adjuge-la-derniere-etape-CNT000002619fi.html\" target=\"_blank\" rel=\"noopener\">avoir remport\u00e9 l&rsquo;\u00e9preuve en 2023<\/a>, la native de Pijnacker va pouvoir reprendre tr\u00e8s vite l&rsquo;entra\u00eenement, n&rsquo;ayant pas de s\u00e9quelles li\u00e9es \u00e0 cette chute.<\/p>\n","protected":false},"excerpt":{"rendered":"Mathieu Warnier, Media365 : publi\u00e9 le vendredi 19 d\u00e9cembre 2025 \u00e0 20h35 Non sans humour, Demi Vollering est&hellip;\n","protected":false},"author":2,"featured_media":610256,"comment_status":"","ping_status":"","sticky":false,"template":"","format":"standard","meta":{"footnotes":""},"categories":[1411],"tags":[1154,207,1011,27,60],"class_list":{"0":"post-610255","1":"post","2":"type-post","3":"status-publish","4":"format-standard","5":"has-post-thumbnail","7":"category-cyclisme","8":"tag-cycling","9":"tag-cyclisme","10":"tag-fr","11":"tag-france","12":"tag-sports"},"share_on_mastodon":{"url":"https:\/\/pubeurope.com\/@fr\/115748123800020216","error":""},"_links":{"self":[{"href":"https:\/\/www.europesays.com\/fr\/wp-json\/wp\/v2\/posts\/610255","targetHints":{"allow":["GET"]}}],"collection":[{"href":"https:\/\/www.europesays.com\/fr\/wp-json\/wp\/v2\/posts"}],"about":[{"href":"https:\/\/www.europesays.com\/fr\/wp-json\/wp\/v2\/types\/post"}],"author":[{"embeddable":true,"href":"https:\/\/www.europesays.com\/fr\/wp-json\/wp\/v2\/users\/2"}],"replies":[{"embeddable":true,"href":"https:\/\/www.europesays.com\/fr\/wp-json\/wp\/v2\/comments?post=610255"}],"version-history":[{"count":0,"href":"https:\/\/www.europesays.com\/fr\/wp-json\/wp\/v2\/posts\/610255\/revisions"}],"wp:featuredmedia":[{"embeddable":true,"href":"https:\/\/www.europesays.com\/fr\/wp-json\/wp\/v2\/media\/610256"}],"wp:attachment":[{"href":"https:\/\/www.europesays.com\/fr\/wp-json\/wp\/v2\/media?parent=610255"}],"wp:term":[{"taxonomy":"category","embeddable":true,"href":"https:\/\/www.europesays.com\/fr\/wp-json\/wp\/v2\/categories?post=610255"},{"taxonomy":"post_tag","embeddable":true,"href":"https:\/\/www.europesays.com\/fr\/wp-json\/wp\/v2\/tags?post=610255"}],"curies":[{"name":"wp","href":"https:\/\/api.w.org\/{rel}","templated":true}]}}