{"id":610257,"date":"2025-12-19T20:29:19","date_gmt":"2025-12-19T20:29:19","guid":{"rendered":"https:\/\/www.europesays.com\/fr\/610257\/"},"modified":"2025-12-19T20:29:19","modified_gmt":"2025-12-19T20:29:19","slug":"la-suspension-de-lucas-hernandez-reduite-par-luefa","status":"publish","type":"post","link":"https:\/\/www.europesays.com\/fr\/610257\/","title":{"rendered":"La suspension de Lucas Hernandez r\u00e9duite par l\u2019UEFA &#8211;"},"content":{"rendered":"<p><img width=\"700\" height=\"350\" src=\"https:\/\/www.europesays.com\/fr\/wp-content\/uploads\/2025\/11\/Hernandez-.jpg\" class=\"attachment-jannah-image-post size-jannah-image-post wp-post-image\" alt=\"Hernandez\" is_main_img=\"1\" decoding=\"async\" fetchpriority=\"high\"  \/><br \/>\n Image : AFP\/Franck<br \/>\nFife<\/p>\n<p>En fin de match contre Tottenham, Lucas Hernandez avait \u00e9t\u00e9<br \/>\nexpuls\u00e9 pour un coup de coude sur Xavi Simons. Le num\u00e9ro 21 du PSG<br \/>\navait \u00e9cop\u00e9 de trois matches de suspension. L\u2019UEFA a finalement<br \/>\nr\u00e9duit sa sanction.<\/p>\n<p>Doublure de <strong><a href=\"https:\/\/canal-supporters.com\/mendes-matvey-safonov-est-une-personne-incroyable\/\" title=\"\" target=\"_blank\" rel=\"noopener\">Nuno Mendes<\/a><\/strong>, <strong>Lucas Hernandez<\/strong><br \/>\njoue assez r\u00e9guli\u00e8rement avec le turnover instaur\u00e9 par <strong>Luis<br \/>\nEnrique<\/strong>. L\u2019international fran\u00e7ais a particip\u00e9 \u00e0 18 matches<br \/>\ntoutes comp\u00e9titions confondues (10 titularisations, 974 minutes de<br \/>\ntemps de jeu). Rempla\u00e7ant au coup d\u2019envoi de la rencontre de la<br \/>\ncinqui\u00e8me journ\u00e9e de la phase de ligue de la <strong>Ligue des<br \/>\nchampions<\/strong> contre <strong>Tottenham<\/strong>, il avait<br \/>\nremplac\u00e9 <strong>Nuno Mendes<\/strong> \u00e0 la mi-temps, qui s\u2019\u00e9tait<br \/>\nbless\u00e9. Auteur d\u2019une bonne prestation, il avait vrill\u00e9 en toute fin<br \/>\nde rencontre en ass\u00e9nant un coup de coude \u00e0 <strong>Xavi<br \/>\nSimons<\/strong> alors qu\u2019il n\u2019y avait pas de danger.<\/p>\n<p><a href=\"https:\/\/x.com\/CanalSupporters\" target=\"_blank\" rel=\"noopener\" title=\"\">canalsupporters.com<\/a><\/p>\n<p>Il pourra jouer<br \/>\ncontre Newcastle<\/p>\n<p>Apr\u00e8s avoir \u00e9t\u00e9 appel\u00e9 par la <strong>VAR<\/strong>, l\u2019arbitre de<br \/>\nla rencontre avait d\u00e9cid\u00e9 d\u2019exclure le num\u00e9ro 21 du<br \/>\n<strong>PSG<\/strong>. Quelques jours plus tard, la commission de<br \/>\ndiscipline de l\u2019<strong>UEFA<\/strong> avait inflig\u00e9 <a href=\"https:\/\/canal-supporters.com\/lucas-hernandez-ne-rejouera-pas-lors-de-la-phase-de-ligue-de-la-ligue-des-champions\/\" title=\"\" target=\"_blank\" rel=\"noopener\">trois matches<\/a> de suspension ferme contre<br \/>\nl\u2019international fran\u00e7ais. Le <strong>PSG<\/strong> avait fait appel<br \/>\nde la sanction. Ce vendredi, la commission de contr\u00f4le, d\u2019\u00e9thique<br \/>\net de discipline de l\u2019instance europ\u00e9enne a all\u00e9g\u00e9 la sanction \u00e0<br \/>\ndeux rencontres, rapporte <a href=\"https:\/\/www.leparisien.fr\/sports\/football\/psg\/psg-luefa-reduit-la-suspension-de-lucas-hernandez-de-trois-a-deux-matchs-en-ligue-des-champions-19-12-2025-XENT4OFNCFCD5E3AKUQC35CV6A.php\" target=\"_blank\" rel=\"noopener\" title=\"\">Le Parisien<\/a>. Il<br \/>\npourra donc retrouver la comp\u00e9tition avant la phase finale de la<br \/>\n<strong>Champions League<\/strong>. Apr\u00e8s avoir purg\u00e9 son premier<br \/>\nmatch de suspension contre l\u2019<strong>Athletic Club<\/strong> (0-0),<br \/>\nil manquera \u00e9galement le d\u00e9placement au<strong>Sporting<\/strong> le<br \/>\n20 janvier prochain. Mais il fera son retour pour le dernier match<br \/>\nde la phase de ligue contre <strong>Newcastle<\/strong> \u2013 au<br \/>\n<strong>Parc des Princes<\/strong> \u2013 le 28 janvier prochain.<\/p><\/p>\n","protected":false},"excerpt":{"rendered":"Image : AFP\/Franck Fife En fin de match contre Tottenham, Lucas Hernandez avait \u00e9t\u00e9 expuls\u00e9 pour un coup&hellip;\n","protected":false},"author":2,"featured_media":566104,"comment_status":"","ping_status":"","sticky":false,"template":"","format":"standard","meta":{"footnotes":""},"categories":[1410],"tags":[786,81,37379,448,72125,72126,72127,63,1011,27,37380,789,447,17477,626,91,92,93,60,927,455,796,96],"class_list":{"0":"post-610257","1":"post","2":"type-post","3":"status-publish","4":"format-standard","5":"has-post-thumbnail","7":"category-football","8":"tag-c1","9":"tag-canal-supporters","10":"tag-carton-rouge","11":"tag-champions-league","12":"tag-commission-de-controle","13":"tag-dethique-et-de-discipline","14":"tag-dethique-et-de-discipline-uefa","15":"tag-football","16":"tag-fr","17":"tag-france","18":"tag-hernandez","19":"tag-ldc","20":"tag-ligue-des-champions","21":"tag-lucas-hernandez","22":"tag-paris","23":"tag-paris-saint-germain","24":"tag-paris-sg","25":"tag-psg","26":"tag-sports","27":"tag-suspension","28":"tag-uefa","29":"tag-uefa-champions-league","30":"tag-une"},"share_on_mastodon":{"url":"https:\/\/pubeurope.com\/@fr\/115748128519776162","error":""},"_links":{"self":[{"href":"https:\/\/www.europesays.com\/fr\/wp-json\/wp\/v2\/posts\/610257","targetHints":{"allow":["GET"]}}],"collection":[{"href":"https:\/\/www.europesays.com\/fr\/wp-json\/wp\/v2\/posts"}],"about":[{"href":"https:\/\/www.europesays.com\/fr\/wp-json\/wp\/v2\/types\/post"}],"author":[{"embeddable":true,"href":"https:\/\/www.europesays.com\/fr\/wp-json\/wp\/v2\/users\/2"}],"replies":[{"embeddable":true,"href":"https:\/\/www.europesays.com\/fr\/wp-json\/wp\/v2\/comments?post=610257"}],"version-history":[{"count":0,"href":"https:\/\/www.europesays.com\/fr\/wp-json\/wp\/v2\/posts\/610257\/revisions"}],"wp:featuredmedia":[{"embeddable":true,"href":"https:\/\/www.europesays.com\/fr\/wp-json\/wp\/v2\/media\/566104"}],"wp:attachment":[{"href":"https:\/\/www.europesays.com\/fr\/wp-json\/wp\/v2\/media?parent=610257"}],"wp:term":[{"taxonomy":"category","embeddable":true,"href":"https:\/\/www.europesays.com\/fr\/wp-json\/wp\/v2\/categories?post=610257"},{"taxonomy":"post_tag","embeddable":true,"href":"https:\/\/www.europesays.com\/fr\/wp-json\/wp\/v2\/tags?post=610257"}],"curies":[{"name":"wp","href":"https:\/\/api.w.org\/{rel}","templated":true}]}}