{"id":610258,"date":"2025-12-19T20:30:18","date_gmt":"2025-12-19T20:30:18","guid":{"rendered":"https:\/\/www.europesays.com\/fr\/610258\/"},"modified":"2025-12-19T20:30:18","modified_gmt":"2025-12-19T20:30:18","slug":"apres-avoir-ete-moquee-pour-sa-moustache-selena-gomez-revele-souffrir-dun-melasma","status":"publish","type":"post","link":"https:\/\/www.europesays.com\/fr\/610258\/","title":{"rendered":"Apr\u00e8s avoir \u00e9t\u00e9 moqu\u00e9e pour sa moustache, Selena Gomez r\u00e9v\u00e8le souffrir d\u2019un m\u00e9lasma"},"content":{"rendered":"<p>\n    Harcel\u00e9e sur sa pr\u00e9sum\u00e9e moustache, la chanteuse et actrice am\u00e9ricaine a confi\u00e9 r\u00e9cemment sur Instagram souffrir en r\u00e9alit\u00e9 d\u2019un m\u00e9lasma, une affection cutan\u00e9e touchant principalement les femmes. Explications.<\/p>\n<p class=\"fig-paragraph\">\u00abComment fais-tu pour te raser la moustache\u00a0?\u00bb Voici une question, parmi tant d\u2019autres, que re\u00e7oit r\u00e9guli\u00e8rement\u00a0<a href=\"https:\/\/madame.lefigaro.fr\/tag\/selena-gomez\" target=\"_blank\" data-fig-type=\"Keyword\" rel=\"sponsored noopener\" data-gtm-custom-categorie=\"navigation\" data-gtm-custom-action=\"crossclick\" data-gtm-custom-label=\"Contextuel\" data-gtm-event=\"customEventSPE\" data-fig-domain=\"MADAME\">Selena Gomez\u00a0<\/a>sur son compte Instagram. Loin de se vexer, la chanteuse et actrice de 33 ans a d\u00e9cid\u00e9 de remettre les pendules \u00e0 l\u2019heure aupr\u00e8s de ses abonn\u00e9s en leur donnant une le\u00e7on dermatologique dans une story, publi\u00e9e ce mardi 16 d\u00e9cembre. \u00abC\u2019est mon m\u00e9lasma. J\u2019en prends soin et je le traite, mais oui, il est l\u00e0\u00bb, r\u00e9v\u00e8le-t-elle, avant de pr\u00e9ciser que cette affection cutan\u00e9e est li\u00e9e au soleil et surtout au manque de protection solaire.<\/p>\n<p class=\"fig-body-link&#10;    \">\n            \u00c0 lire aussi<br \/>\n        <a class=\"fig-body-link__link\" href=\"http:\/\/madame.lefigaro.fr\/beaute\/taches-cutanees-les-vraies-strategies-d-expert-pour-s-en-debarrasser-20251129\" data-fig-type=\"Article\" data-gtm-custom-categorie=\"navigation\" data-gtm-custom-action=\"crossclick\" data-gtm-custom-label=\"Contextuel\" data-gtm-event=\"customEventSPE\" data-fig-domain=\"MADAME\" target=\"_blank\" rel=\"noopener\"><br \/>\n        Taches cutan\u00e9es\u00a0: les vraies strat\u00e9gies d\u2019experts pour s\u2019en d\u00e9barrasser<\/a>\n<\/p>\n<p>                                                                Une influence hormonale mais pas que<\/p>\n<p class=\"fig-paragraph\">Isabelle Rousseaux, dermatologue et vice-pr\u00e9sidente du Syndicat national des dermatologues et v\u00e9n\u00e9rologues, se f\u00e9licite de cette prise de parole publique sur cette probl\u00e9matique de peau souvent mal comprise et parfois source de complexes. \u00abLe m\u00e9lasma fait partie de la famille\u00a0<a href=\"https:\/\/madame.lefigaro.fr\/beaute\/comment-eviter-ou-effacer-des-taches-brunes-010115-1182\" data-fig-type=\"Article\" data-gtm-custom-categorie=\"navigation\" data-gtm-custom-action=\"crossclick\" data-gtm-custom-label=\"Contextuel\" data-gtm-event=\"customEventSPE\" data-fig-domain=\"MADAME\" target=\"_blank\" rel=\"noopener\">des taches pigmentaires<\/a>, explique-t-elle. Contrairement aux taches de vieillesse qui peuvent appara\u00eetre n\u2019importe o\u00f9, sa particularit\u00e9 est de survenir certaines zones de la peau dites hormonod\u00e9pendantes &#8211; le milieu du visage, le front, la l\u00e8vre sup\u00e9rieure\u00bb.<\/p>\n<p>                                                                <a class=\"fig-a11y-skip\" href=\"#fig-a11y-skip-main-inarticle\" data-module=\"a11y-skip\" data-context=\"was @visible\"><br \/>\n    Passer la publicit\u00e9<br \/>\n<\/a>            <\/p>\n<p class=\"fig-paragraph\">L\u2019origine de cette affection cutan\u00e9e est avant tout hormonale.\u00a0<a href=\"https:\/\/madame.lefigaro.fr\/beaute\/creme-solaire-femmes-enceintes-quel-produit-choisir-150617-132774\" data-fig-type=\"Article\" data-gtm-custom-categorie=\"navigation\" data-gtm-custom-action=\"crossclick\" data-gtm-custom-label=\"Contextuel\" data-gtm-event=\"customEventSPE\" data-fig-domain=\"MADAME\" target=\"_blank\" rel=\"noopener\">Grossesse<\/a>, pilule contraceptive, traitements hormonaux \u2014 y compris certains protocoles de fertilit\u00e9 \u2014 peuvent suffire \u00e0 d\u00e9clencher le ph\u00e9nom\u00e8ne. \u00abL\u2019influence hormonale suractive les m\u00e9lanocytes, ces cellules qui fabriquent la m\u00e9lanine, le pigment de notre peau. Et plus il y a de pigments, plus cela va favoriser l\u2019apparition de taches\u00bb, r\u00e9sume la dermatologue.<\/p>\n<p class=\"fig-paragraph\">Pourquoi certaines femmes sont-elles plus touch\u00e9es que d\u2019autres par ce ph\u00e9nom\u00e8ne\u00a0? Selon le Dr Isabelle Rousseaux, il n\u2019y a pas encore d\u2019explication \u00e9tablie \u00e0 ce jour. \u00abLes recherches pointent toutefois plusieurs facteurs de risque\u00a0: une pr\u00e9disposition familiale, une peau mate \u00e0 fonc\u00e9e, et une sensibilit\u00e9 accrue \u00e0 la lumi\u00e8re, y compris la lumi\u00e8re visible, pas seulement les UV\u00bb, rapporte la professionnelle de sant\u00e9.<\/p>\n<p>                                                                \u00c0 chaque m\u00e9lasma, son traitement adapt\u00e9<\/p>\n<p class=\"fig-paragraph\">Sur le plan m\u00e9dical, tous les m\u00e9lasmas ne se valent pas. Le m\u00e9lasma superficiel, situ\u00e9 dans les couches sup\u00e9rieures de la peau, est g\u00e9n\u00e9ralement brun et peut r\u00e9pondre facilement aux traitements. \u00abGr\u00e2ce \u00e0 des\u00a0<a href=\"https:\/\/madame.lefigaro.fr\/beaute\/le-peeling-mode-demploi-risques-resultats-peau-rides-160318-147877\" data-fig-type=\"Article\" data-gtm-custom-categorie=\"navigation\" data-gtm-custom-action=\"crossclick\" data-gtm-custom-label=\"Contextuel\" data-gtm-event=\"customEventSPE\" data-fig-domain=\"MADAME\" target=\"_blank\" rel=\"noopener\">peelings<\/a>\u00a0ou du laser superficiel, on peut r\u00e9aliser une exfoliation douce de l\u2019\u00e9piderme et \u00e9liminer progressivement le pigment\u00bb, mentionne le Dr Isabelle Rousseaux. La dermatologue souligne \u00e9galement l\u2019efficacit\u00e9 des cr\u00e8mes \u00e0 base de cysteamine.<\/p>\n<p class=\"fig-paragraph\">Lorsque le m\u00e9lasma est plus profond, log\u00e9 dans le derme, il prend une teinte plus gris\u00e2tre et s\u2019av\u00e8re beaucoup plus r\u00e9sistant \u00e0 ce type de traitement. \u00abQuand il est profond, c\u2019est tr\u00e8s compliqu\u00e9. \u00c0 chaque petite exposition au soleil, cela recommence\u00bb, signale le Dr Isabelle Rousseaux. Selon la dermatologue, l\u2019un des espoirs actuels repose sur l\u2019acide tranexamique, un m\u00e9dicament initialement utilis\u00e9 pour les<a href=\"http:\/\/madame.lefigaro.fr\/bien-etre\/regles-abondantes-ce-qu-elles-peuvent-cacher-20220520\" data-fig-type=\"Article\" data-gtm-custom-categorie=\"navigation\" data-gtm-custom-action=\"crossclick\" data-gtm-custom-label=\"Contextuel\" data-gtm-event=\"customEventSPE\" data-fig-domain=\"MADAME\" target=\"_blank\" rel=\"noopener\">\u00a0troubles de la coagulation\u00a0<\/a>et administr\u00e9 par voie orale. \u00abIl limite l\u2019inflammation et emp\u00eache les m\u00e9lanocytes de produire trop de m\u00e9lanine\u00bb, pr\u00e9cise-t-elle. Bon \u00e0 noter en revanche, ce traitement, prescrit imp\u00e9rativement par un dermatologue, doit faire l\u2019objet d\u2019une surveillance m\u00e9dicale, en raison de ses contre-indications.<\/p>\n<p class=\"fig-paragraph\">D\u2019autres traitements autrefois populaires comme le soin d\u00e9pigmentant trio de Kligman, m\u00e9lange d\u2019hydroquinone, d\u2019hydrocortisone et d\u2019acide r\u00e9tino\u00efque, doivent \u00e9galement \u00eatre utilis\u00e9s avec beaucoup plus de prudence. \u00abOn s\u2019est rendu compte que c\u2019\u00e9tait souvent trop irritant et que cela pouvait aggraver l\u2019hyperpigmentation\u00bb, avertit le Dr Isabelle Rousseaux.<\/p>\n<p>                                                                <a class=\"fig-a11y-skip\" href=\"#fig-a11y-skip-main-inarticle_mtf\" data-module=\"a11y-skip\" data-context=\"was @visible\"><br \/>\n    Passer la publicit\u00e9<br \/>\n<\/a>            <\/p>\n<p>                                                                Attention aux gommages et au soleil<\/p>\n<p class=\"fig-paragraph\">Certains gestes quotidiens peuvent aussi \u00eatre contre-productifs. C\u2019est le cas des gommages \u00e0 r\u00e9p\u00e9tition. \u00abD\u00e8s qu\u2019on irrite la peau, elle a tendance \u00e0 pigmenter derri\u00e8re\u00bb, pr\u00e9vient la dermatologue. Les\u00a0masques LED\u00a0doivent \u00eatre \u00e9galement choisis avec prudence. \u00abOn \u00e9vitera surtout les mod\u00e8les avec une lumi\u00e8re bleue qui active la s\u00e9cr\u00e9tion de la m\u00e9lanine, et ceux infrarouges, qui chauffent l\u2019\u00e9piderme\u00bb, cite le Dr Isabelle Rousseaux.<\/p>\n<p class=\"fig-paragraph\">En parall\u00e8le d\u2019un passage chez le dermatologue, la r\u00e8gle d\u2019or reste\u00a0<a href=\"https:\/\/madame.lefigaro.fr\/tag\/hydratation\" target=\"_blank\" data-fig-type=\"Keyword\" rel=\"sponsored noopener\" data-gtm-custom-categorie=\"navigation\" data-gtm-custom-action=\"crossclick\" data-gtm-custom-label=\"Contextuel\" data-gtm-event=\"customEventSPE\" data-fig-domain=\"MADAME\">l\u2019hydratation r\u00e9guli\u00e8re\u00a0<\/a>et une protection solaire adapt\u00e9e, renouvel\u00e9e plusieurs fois en journ\u00e9e, mais seulement. \u00abLa cr\u00e8me solaire ne fait pas tout, nuance la dermatologue. Il faut aussi chercher l\u2019ombre le plus possible\u00bb.<\/p>\n","protected":false},"excerpt":{"rendered":"Harcel\u00e9e sur sa pr\u00e9sum\u00e9e moustache, la chanteuse et actrice am\u00e9ricaine a confi\u00e9 r\u00e9cemment sur Instagram souffrir en r\u00e9alit\u00e9&hellip;\n","protected":false},"author":2,"featured_media":610259,"comment_status":"","ping_status":"","sticky":false,"template":"","format":"standard","meta":{"footnotes":""},"categories":[1359],"tags":[58,59,1011,27,9854,973,71,8831,72128,4904],"class_list":{"0":"post-610258","1":"post","2":"type-post","3":"status-publish","4":"format-standard","5":"has-post-thumbnail","7":"category-people","8":"tag-divertissement","9":"tag-entertainment","10":"tag-fr","11":"tag-france","12":"tag-peau","13":"tag-people","14":"tag-sante","15":"tag-selena-gomez","16":"tag-soins-visage","17":"tag-soleil"},"share_on_mastodon":{"url":"https:\/\/pubeurope.com\/@fr\/115748131624801409","error":""},"_links":{"self":[{"href":"https:\/\/www.europesays.com\/fr\/wp-json\/wp\/v2\/posts\/610258","targetHints":{"allow":["GET"]}}],"collection":[{"href":"https:\/\/www.europesays.com\/fr\/wp-json\/wp\/v2\/posts"}],"about":[{"href":"https:\/\/www.europesays.com\/fr\/wp-json\/wp\/v2\/types\/post"}],"author":[{"embeddable":true,"href":"https:\/\/www.europesays.com\/fr\/wp-json\/wp\/v2\/users\/2"}],"replies":[{"embeddable":true,"href":"https:\/\/www.europesays.com\/fr\/wp-json\/wp\/v2\/comments?post=610258"}],"version-history":[{"count":0,"href":"https:\/\/www.europesays.com\/fr\/wp-json\/wp\/v2\/posts\/610258\/revisions"}],"wp:featuredmedia":[{"embeddable":true,"href":"https:\/\/www.europesays.com\/fr\/wp-json\/wp\/v2\/media\/610259"}],"wp:attachment":[{"href":"https:\/\/www.europesays.com\/fr\/wp-json\/wp\/v2\/media?parent=610258"}],"wp:term":[{"taxonomy":"category","embeddable":true,"href":"https:\/\/www.europesays.com\/fr\/wp-json\/wp\/v2\/categories?post=610258"},{"taxonomy":"post_tag","embeddable":true,"href":"https:\/\/www.europesays.com\/fr\/wp-json\/wp\/v2\/tags?post=610258"}],"curies":[{"name":"wp","href":"https:\/\/api.w.org\/{rel}","templated":true}]}}