{"id":610260,"date":"2025-12-19T20:31:27","date_gmt":"2025-12-19T20:31:27","guid":{"rendered":"https:\/\/www.europesays.com\/fr\/610260\/"},"modified":"2025-12-19T20:31:27","modified_gmt":"2025-12-19T20:31:27","slug":"new-york-une-ancienne-fabrique-de-bonbons-metamorphosee-en-loft-chaleureux","status":"publish","type":"post","link":"https:\/\/www.europesays.com\/fr\/610260\/","title":{"rendered":"New York : une ancienne fabrique de bonbons m\u00e9tamorphos\u00e9e en loft chaleureux"},"content":{"rendered":"<p class=\"has-drop-cap\">Situ\u00e9 dans un immeuble en briques rouges du quartier de Tribeca, ce loft a tout d\u2019un appartement typiquement new-yorkais. Ancienne fabrique de bonbons datant des ann\u00e9es 1880, le lieu a conserv\u00e9 quelques traces de son histoire, notamment de charmantes poutres en bois, de grands puits de lumi\u00e8re et une impressionnante hauteur sous plafond avoisinant les 5,50 m\u00e8tres. Ce n\u2019est que r\u00e9cemment, sous l\u2019impulsion de <strong>MA Studio<\/strong>, fond\u00e9 par les architectes d\u2019int\u00e9rieur Rawan Muqaddas et Selma Akkari, que l\u2019espace s\u2019est m\u00e9tamorphos\u00e9 en \u00e9crin r\u00e9sidentiel chaleureux et sculptural.<\/p>\n<p>Tr\u00e8s attentives \u00e0 la structuration des espaces, les deux designers ont veill\u00e9 \u00e0 cr\u00e9er un plan \u00e9quilibr\u00e9, au sein duquel les atmosph\u00e8res se succ\u00e8dent et se r\u00e9pondent en harmonie. Le premier niveau accueille ainsi plusieurs espaces de vie : la cuisine ouverte, un grand salon articul\u00e9 autour d\u2019un canap\u00e9 Camaleonda de Mario Bellini, et un autre plus intimiste dot\u00e9 de fen\u00eatres arrondies, o\u00f9 sont pr\u00e9sent\u00e9es des assises en velours et bois d\u2019\u00e9rable, sign\u00e9es par le label <a href=\"https:\/\/www.milkdecoration.com\/known-work-le-nouveau-studio-de-design-americain-a-suivre-de-pres\/\" target=\"_blank\" rel=\"noreferrer noopener\">Known Work<\/a> et livr\u00e9es par la galerie de design contemporain Love House. L\u2019acc\u00e8s \u00e0 l\u2019\u00e9tage et aux pi\u00e8ces plus feutr\u00e9es se fait par un spectaculaire escalier aux lignes arrondies, permettant d\u2019adoucir cet environnement industriel. Dans toutes les pi\u00e8ces de l\u2019appartement, les deux architectes d\u2019int\u00e9rieur ont port\u00e9 une attention particuli\u00e8re aux mati\u00e8res, initiant des parall\u00e8les entre la convivialit\u00e9 du bois, la tactilit\u00e9 des textiles et la touche artisanale de la c\u00e9ramique, que l\u2019on retrouve en nombre dans les diff\u00e9rentes salles de bains. \u00c0 la fois g\u00e9n\u00e9reux et enveloppant, cet int\u00e9rieur incarne en tous points la philosophie de MA Studio, entre go\u00fbt pour l\u2019intemporalit\u00e9, sens du d\u00e9tail et d\u00e9sir de convivialit\u00e9. <\/p>\n<p><img fetchpriority=\"high\" decoding=\"async\" width=\"1920\" height=\"1440\" src=\"https:\/\/www.europesays.com\/fr\/wp-content\/uploads\/2025\/12\/studio-ma-tribeca-03262025-288-edit-lr.jpg\" alt=\"\" class=\"wp-image-79842\"  \/><img loading=\"lazy\" decoding=\"async\" width=\"1920\" height=\"1440\" src=\"https:\/\/www.europesays.com\/fr\/wp-content\/uploads\/2025\/12\/studio-ma-tribeca-03262025-658-edit-lr.jpg\" alt=\"\" class=\"wp-image-79846\"  \/><img loading=\"lazy\" decoding=\"async\" width=\"1920\" height=\"1440\" src=\"https:\/\/www.europesays.com\/fr\/wp-content\/uploads\/2025\/12\/studio-ma-tribeca-03262025-068-edit-lr.jpg\" alt=\"\" class=\"wp-image-79839\"  \/><\/p>\n","protected":false},"excerpt":{"rendered":"Situ\u00e9 dans un immeuble en briques rouges du quartier de Tribeca, ce loft a tout d\u2019un appartement typiquement&hellip;\n","protected":false},"author":2,"featured_media":610261,"comment_status":"","ping_status":"","sticky":false,"template":"","format":"standard","meta":{"footnotes":""},"categories":[1358],"tags":[1348,1384,1385,4397,1386,58,59,1011,27,16978,415],"class_list":{"0":"post-610260","1":"post","2":"type-post","3":"status-publish","4":"format-standard","5":"has-post-thumbnail","7":"category-arts-et-design","8":"tag-arts","9":"tag-arts-and-design","10":"tag-arts-et-design","11":"tag-decoration","12":"tag-design","13":"tag-divertissement","14":"tag-entertainment","15":"tag-fr","16":"tag-france","17":"tag-interieur","18":"tag-new-york"},"share_on_mastodon":{"url":"https:\/\/pubeurope.com\/@fr\/115748136702422455","error":""},"_links":{"self":[{"href":"https:\/\/www.europesays.com\/fr\/wp-json\/wp\/v2\/posts\/610260","targetHints":{"allow":["GET"]}}],"collection":[{"href":"https:\/\/www.europesays.com\/fr\/wp-json\/wp\/v2\/posts"}],"about":[{"href":"https:\/\/www.europesays.com\/fr\/wp-json\/wp\/v2\/types\/post"}],"author":[{"embeddable":true,"href":"https:\/\/www.europesays.com\/fr\/wp-json\/wp\/v2\/users\/2"}],"replies":[{"embeddable":true,"href":"https:\/\/www.europesays.com\/fr\/wp-json\/wp\/v2\/comments?post=610260"}],"version-history":[{"count":0,"href":"https:\/\/www.europesays.com\/fr\/wp-json\/wp\/v2\/posts\/610260\/revisions"}],"wp:featuredmedia":[{"embeddable":true,"href":"https:\/\/www.europesays.com\/fr\/wp-json\/wp\/v2\/media\/610261"}],"wp:attachment":[{"href":"https:\/\/www.europesays.com\/fr\/wp-json\/wp\/v2\/media?parent=610260"}],"wp:term":[{"taxonomy":"category","embeddable":true,"href":"https:\/\/www.europesays.com\/fr\/wp-json\/wp\/v2\/categories?post=610260"},{"taxonomy":"post_tag","embeddable":true,"href":"https:\/\/www.europesays.com\/fr\/wp-json\/wp\/v2\/tags?post=610260"}],"curies":[{"name":"wp","href":"https:\/\/api.w.org\/{rel}","templated":true}]}}