{"id":610264,"date":"2025-12-19T20:34:11","date_gmt":"2025-12-19T20:34:11","guid":{"rendered":"https:\/\/www.europesays.com\/fr\/610264\/"},"modified":"2025-12-19T20:34:11","modified_gmt":"2025-12-19T20:34:11","slug":"jespere-quon-se-reverra-pierre-garnier-fatigue-le-chanteur-dit-stop","status":"publish","type":"post","link":"https:\/\/www.europesays.com\/fr\/610264\/","title":{"rendered":"J\u2019esp\u00e8re qu\u2019on se reverra\u00a0\u00bb : Pierre Garnier \u00ab\u00a0fatigu\u00e9\u00a0\u00bb, le chanteur dit \u00ab\u00a0stop"},"content":{"rendered":"<p>S&rsquo;arr\u00eater et prendre une pause, pour mieux revenir. R\u00e9v\u00e9l\u00e9 au grand public gr\u00e2ce \u00e0 sa participation \u00e0 la <strong><a href=\"https:\/\/www.public.fr\/tag\/star-academy\" target=\"_blank\" rel=\"noopener\">Star Academy<\/a><\/strong> en 2023, <a href=\"https:\/\/www.public.fr\/tag\/pierre-garnier\" target=\"_blank\" rel=\"noopener\">Pierre Garnier<\/a> s\u2019est impos\u00e9 en moins de deux ans comme l\u2019un des artistes fran\u00e7ais les plus populaires de sa g\u00e9n\u00e9ration. Depuis sa victoire dans le t\u00e9l\u00e9-crochet de TF1, le chanteur a encha\u00een\u00e9 les succ\u00e8s musicaux, les r\u00e9compenses et <a href=\"https:\/\/www.public.fr\/pierre-garnier-surprise-helena-le-rejoint-sur-scene-pour-chanter-boule-au-ventre\" target=\"_blank\" rel=\"noopener\">une tourn\u00e9e d\u2019envergure \u00e0 travers la France<\/a> et les pays francophones.\u00a0<\/p>\n<p>Un rythme soutenu qui l\u2019a conduit, ce mercredi 17 d\u00e9cembre 2025, \u00e0 annoncer<strong> une pause dans sa carri\u00e8re.<\/strong> Lors de son dernier concert au Z\u00e9nith de Caen, la ville dans laquelle il a vu le jour, Pierre Garnier a pris la parole pour expliquer cette d\u00e9cision, \u00e9voquant simplement la fatigue apr\u00e8s une p\u00e9riode intense, tout en remerciant longuement son public.<\/p>\n<p>Son ascension fulgurante depuis sa victoire \u00e0 la Star Academy<\/p>\n<p>Pierre Garnier est r\u00e9v\u00e9l\u00e9 en 2023 en participant \u00e0 la <strong>11\u1d49 saison de la Star Academy<\/strong>, diffus\u00e9e sur TF1. Malgr\u00e9 le haut niveau de ses rivaux dans l\u2019aventure tels que <a href=\"https:\/\/vsd.fr\/tag\/julien-lieb\/\" target=\"_blank\" rel=\"noopener\">Julien Lieb<\/a>, <a href=\"https:\/\/www.public.fr\/tag\/lenie\" target=\"_blank\" rel=\"noopener\">L\u00e9nie<\/a>, <a href=\"https:\/\/www.public.fr\/tag\/helena-bailly\" target=\"_blank\" rel=\"noopener\">H\u00e9l\u00e9na Bailly<\/a>, ou encore Axel Marbeuf, il se distingue par sa voix atypique, ses compositions et sa r\u00e9gularit\u00e9, ce qui lui permet de remporter la finale du programme en f\u00e9vrier 2024 face \u00e0 Julien Lieb. Cette victoire marque le point de d\u00e9part de sa carri\u00e8re professionnelle qui va exploser tr\u00e8s vite.<\/p>\n<p>Dans la foul\u00e9e, il sort son premier single, <strong>Ceux qu\u2019on \u00e9tait<\/strong>, qui rencontre un large succ\u00e8s et se classe rapidement en t\u00eate des \u00e9coutes. Il publie ensuite son premier album, <strong>Chaque seconde<\/strong>, qui s\u2019\u00e9coule \u00e0 plusieurs centaines de milliers d\u2019exemplaires et lui permet de se faire certifier triple disque de platine. Son travail se faisait \u00e9galement salu\u00e9 par l\u2019industrie musicale. En effet, il re\u00e7oit <strong>plusieurs r\u00e9compenses, notamment aux NRJ Music Awards et aux<\/strong> <strong>Victoires de la Musique<\/strong>.<\/p>\n<p>Gr\u00e2ce \u00e0 cette popularit\u00e9 croissante, Pierre Garnier s\u2019impose rapidement comme un artiste incontournable de la sc\u00e8ne fran\u00e7aise au m\u00eame titre que <a href=\"https:\/\/www.public.fr\/tag\/m-pokora\" target=\"_blank\" rel=\"noopener\">M. Pokora<\/a>, <a href=\"https:\/\/www.public.fr\/tag\/maitre-gims\" target=\"_blank\" rel=\"noopener\">Gims<\/a>, ou encore <a href=\"https:\/\/www.public.fr\/tag\/jenifer\" target=\"_blank\" rel=\"noopener\">Jenifer<\/a>. Ses titres b\u00e9n\u00e9ficient d\u2019une forte diffusion radio et ses apparitions m\u00e9diatiques se multiplient, confirmant son statut d\u2019ancien acad\u00e9micien ayant r\u00e9ussi sa transition vers une carri\u00e8re durable. Une situation qui n\u2019avait pas eu lieu depuis de nombreuses saisons.<\/p>\n<p>Pierre Garnier annonce une pause apr\u00e8s une intense tourn\u00e9e<\/p>\n<p>Port\u00e9 par le succ\u00e8s de son album, Pierre Garnier lance le <strong>Chaque Seconde Tour<\/strong>, une tourn\u00e9e ambitieuse qui d\u00e9bute en 2024 et s\u2019\u00e9tend sur pr\u00e8s d\u2019un an. Il encha\u00eene <strong>pr\u00e8s de 90 concerts<\/strong>, se produisant dans des Z\u00e9niths, et d\u2019autres grandes salles en France, en Belgique et en Suisse. Plusieurs dates affichent complet, dont un concert \u00e0 l\u2019Accor Arena de Paris, \u00e9galement diffus\u00e9 \u00e0 la t\u00e9l\u00e9vision.<\/p>\n<p>Le <strong>17 d\u00e9cembre 2025<\/strong>, le chanteur se produisait au <strong>Z\u00e9nith de Caen<\/strong>,<strong> sa ville natale<\/strong>, pour le dernier concert de la tourn\u00e9e. \u00c0 l\u2019issue du spectacle, il a pris la parole devant le public pour, dans un premier temps, dresser le bilan de ces deux ann\u00e9es intenses. Il a ainsi rappel\u00e9 que cette p\u00e9riode lui avait permis de vivre de sa passion et a remerci\u00e9 ses fans pour leur soutien constant depuis la <strong>Star Academy.<\/strong><\/p>\n<p>Apr\u00e8s les remerciements, Pierre Garnier a annonc\u00e9 une triste mais n\u00e9cessaire d\u00e9cision : celle de <strong>faire une pause<\/strong>. \u00ab\u00a0Ce m\u00e9tier est magnifique, mais parfois il n\u2019est pas facile, et <strong>je suis un peu fatigu\u00e9<\/strong>\u00ab\u00a0, a-t-il admis avant d\u2019ajouter : \u00ab\u00a0<strong>J\u2019esp\u00e8re qu\u2019on se reverra tr\u00e8s bient\u00f4t et j\u2019esp\u00e8re que vous serez l\u00e0 quand je reviendrai<\/strong>\u00ab\u00a0. Il n\u2019a toutefois pas pr\u00e9cis\u00e9 ni la dur\u00e9e de cette pause ni la nature de ses projets futurs.<\/p>\n<p>\n          Hits &amp; People en continu\n        <\/p>\n<p>\n          Public Radio\n        <\/p>\n<p>      Mentionn\u00e9s dans cet article<\/p>\n<p>      Sur le m\u00eame sujet<\/p>\n","protected":false},"excerpt":{"rendered":"S&rsquo;arr\u00eater et prendre une pause, pour mieux revenir. R\u00e9v\u00e9l\u00e9 au grand public gr\u00e2ce \u00e0 sa participation \u00e0 la&hellip;\n","protected":false},"author":2,"featured_media":610265,"comment_status":"","ping_status":"","sticky":false,"template":"","format":"standard","meta":{"footnotes":""},"categories":[1355],"tags":[1697,58,59,1011,27,5098,17349,12370,1361,873,5096,5095,4441],"class_list":{"0":"post-610264","1":"post","2":"type-post","3":"status-publish","4":"format-standard","5":"has-post-thumbnail","7":"category-musique","8":"tag-concert","9":"tag-divertissement","10":"tag-entertainment","11":"tag-fr","12":"tag-france","13":"tag-helena-bailly","14":"tag-julien-lieb","15":"tag-lenie","16":"tag-music","17":"tag-musique","18":"tag-pierre-garnier","19":"tag-star-academy","20":"tag-tournee"},"share_on_mastodon":{"url":"https:\/\/pubeurope.com\/@fr\/115748147467075131","error":""},"_links":{"self":[{"href":"https:\/\/www.europesays.com\/fr\/wp-json\/wp\/v2\/posts\/610264","targetHints":{"allow":["GET"]}}],"collection":[{"href":"https:\/\/www.europesays.com\/fr\/wp-json\/wp\/v2\/posts"}],"about":[{"href":"https:\/\/www.europesays.com\/fr\/wp-json\/wp\/v2\/types\/post"}],"author":[{"embeddable":true,"href":"https:\/\/www.europesays.com\/fr\/wp-json\/wp\/v2\/users\/2"}],"replies":[{"embeddable":true,"href":"https:\/\/www.europesays.com\/fr\/wp-json\/wp\/v2\/comments?post=610264"}],"version-history":[{"count":0,"href":"https:\/\/www.europesays.com\/fr\/wp-json\/wp\/v2\/posts\/610264\/revisions"}],"wp:featuredmedia":[{"embeddable":true,"href":"https:\/\/www.europesays.com\/fr\/wp-json\/wp\/v2\/media\/610265"}],"wp:attachment":[{"href":"https:\/\/www.europesays.com\/fr\/wp-json\/wp\/v2\/media?parent=610264"}],"wp:term":[{"taxonomy":"category","embeddable":true,"href":"https:\/\/www.europesays.com\/fr\/wp-json\/wp\/v2\/categories?post=610264"},{"taxonomy":"post_tag","embeddable":true,"href":"https:\/\/www.europesays.com\/fr\/wp-json\/wp\/v2\/tags?post=610264"}],"curies":[{"name":"wp","href":"https:\/\/api.w.org\/{rel}","templated":true}]}}