{"id":610270,"date":"2025-12-19T20:39:28","date_gmt":"2025-12-19T20:39:28","guid":{"rendered":"https:\/\/www.europesays.com\/fr\/610270\/"},"modified":"2025-12-19T20:39:28","modified_gmt":"2025-12-19T20:39:28","slug":"direct-biarritz-oyonnax-qui-va-terminer-en-beaute-lannee-suivez-le-dernier-match-de-la-15e-journee-de-pro-d2","status":"publish","type":"post","link":"https:\/\/www.europesays.com\/fr\/610270\/","title":{"rendered":"Direct. Biarritz &#8211; Oyonnax : qui va terminer en beaut\u00e9 l&rsquo;ann\u00e9e ? Suivez le dernier match de la 15e journ\u00e9e de Pro D2"},"content":{"rendered":"<p>\n                Bonsoir et bienvenue sur Rugbyrama pour suivre en direct la rencontre opposant Biarritz \u00e0 Oyonnax dans le cadre de la 15\u00e8me journ\u00e9e de Pro D2.\n            <\/p>\n<p>Le BO doit se racheter aupr\u00e8s de ses supporters en mettant fin \u00e0 une s\u00e9rie de quatre d\u00e9faites cons\u00e9cutives.<\/p>\n<p>Les Oyonnaxiens esp\u00e8rent g\u00e2cher la f\u00eate des Basques et consolider leur place dans les six.<\/p>\n<p>M. Caulier sera l&rsquo;arbitre du match.<\/p>\n","protected":false},"excerpt":{"rendered":"Bonsoir et bienvenue sur Rugbyrama pour suivre en direct la rencontre opposant Biarritz \u00e0 Oyonnax dans le cadre&hellip;\n","protected":false},"author":2,"featured_media":610271,"comment_status":"","ping_status":"","sticky":false,"template":"","format":"standard","meta":{"footnotes":""},"categories":[9],"tags":[1011,27,69255,2308,68796,60],"class_list":{"0":"post-610270","1":"post","2":"type-post","3":"status-publish","4":"format-standard","5":"has-post-thumbnail","7":"category-sports","8":"tag-fr","9":"tag-france","10":"tag-les-matchs-pro-d2-en-direct","11":"tag-pro-d2","12":"tag-rugby-u00e0-xv","13":"tag-sports"},"share_on_mastodon":{"url":"https:\/\/pubeurope.com\/@fr\/115748166907343727","error":""},"_links":{"self":[{"href":"https:\/\/www.europesays.com\/fr\/wp-json\/wp\/v2\/posts\/610270","targetHints":{"allow":["GET"]}}],"collection":[{"href":"https:\/\/www.europesays.com\/fr\/wp-json\/wp\/v2\/posts"}],"about":[{"href":"https:\/\/www.europesays.com\/fr\/wp-json\/wp\/v2\/types\/post"}],"author":[{"embeddable":true,"href":"https:\/\/www.europesays.com\/fr\/wp-json\/wp\/v2\/users\/2"}],"replies":[{"embeddable":true,"href":"https:\/\/www.europesays.com\/fr\/wp-json\/wp\/v2\/comments?post=610270"}],"version-history":[{"count":0,"href":"https:\/\/www.europesays.com\/fr\/wp-json\/wp\/v2\/posts\/610270\/revisions"}],"wp:featuredmedia":[{"embeddable":true,"href":"https:\/\/www.europesays.com\/fr\/wp-json\/wp\/v2\/media\/610271"}],"wp:attachment":[{"href":"https:\/\/www.europesays.com\/fr\/wp-json\/wp\/v2\/media?parent=610270"}],"wp:term":[{"taxonomy":"category","embeddable":true,"href":"https:\/\/www.europesays.com\/fr\/wp-json\/wp\/v2\/categories?post=610270"},{"taxonomy":"post_tag","embeddable":true,"href":"https:\/\/www.europesays.com\/fr\/wp-json\/wp\/v2\/tags?post=610270"}],"curies":[{"name":"wp","href":"https:\/\/api.w.org\/{rel}","templated":true}]}}