{"id":610286,"date":"2025-12-19T20:52:14","date_gmt":"2025-12-19T20:52:14","guid":{"rendered":"https:\/\/www.europesays.com\/fr\/610286\/"},"modified":"2025-12-19T20:52:14","modified_gmt":"2025-12-19T20:52:14","slug":"asse-chatgpt-predit-tous-les-resultats-de-la-fin-de-saison-des-verts-en-ligue-2","status":"publish","type":"post","link":"https:\/\/www.europesays.com\/fr\/610286\/","title":{"rendered":"ASSE. ChatGPT pr\u00e9dit tous les r\u00e9sultats de la fin de saison des Verts en Ligue 2"},"content":{"rendered":"<p><img fetchpriority=\"high\" decoding=\"async\" width=\"620\" height=\"413\" src=\"https:\/\/www.europesays.com\/fr\/wp-content\/uploads\/2025\/12\/Eirik-Horneland--620x413.jpg\" alt=\"ASSE. ChatGPT pr\u00e9dit tous les r\u00e9sultats de la fin de saison des Verts en Ligue 2\" class=\"wp-image-347401\"  \/>Les St\u00e9phanois d\u2019Eirik Horneland retrouveront la Ligue 1. C\u2019est ChatGPT qui le dit.<\/p>\n<p>Allons directement \u00e0 la conclusion. Une deuxi\u00e8me moiti\u00e9 de saison au pas de course. Insuffisante pour fondre sur l\u2019actuel leader, <a href=\"https:\/\/sportune.20minutes.fr\/estac-troyes\" target=\"_blank\" rel=\"noopener\">ESTAC Troyes<\/a> qui le restera jusqu\u2019au bout du championnat. Assez toutefois pour retrouver l\u2019\u00e9lite du football fran\u00e7ais, un an tout pile apr\u00e8s l\u2019avoir quitt\u00e9e. Voil\u00e0 ce que promet ChatGPT \u00e0 l\u2019<a href=\"https:\/\/sportune.20minutes.fr\/as-saint-etienne-asse\" target=\"_blank\" rel=\"noopener\">AS Saint-Etienne<\/a>, de la reprise de la <a href=\"https:\/\/sportune.20minutes.fr\/ligue-2-l2\" target=\"_blank\" rel=\"noopener\">Ligue 2<\/a> \u00e0 son d\u00e9nouement final.<\/p>\n<p>Une deuxi\u00e8me moiti\u00e9 de saison sup\u00e9rieure \u00e0 la premi\u00e8re<\/p>\n<p>Nous avons sond\u00e9 l\u2019intelligence artificielle d\u2019OpenAI, en lui demandant ses pr\u00e9dictions \u00e0 partir du calendrier des matchs restants et en prenant pour r\u00e9f\u00e9rence ceux de la premi\u00e8re partie de l\u2019exercice et le classement actuel, \u00e0 l\u2019instant o\u00f9 d\u00e9bute la tr\u00eave des confiseurs. Le r\u00e9sultat pour l\u2019<a href=\"https:\/\/sportune.20minutes.fr\/as-saint-etienne-asse\" target=\"_blank\" rel=\"noopener\">ASSE<\/a> ? Une deuxi\u00e8me moiti\u00e9 de parcours bien plus aboutie que la premi\u00e8re.<\/p>\n<p>Avec un total de douze victoires, pour quatre matchs nuls et une seule d\u00e9faite. Soit un total de 40 points qui feront 70 \u00e0 l\u2019ajout de ceux d\u00e9j\u00e0 obtenus. Nul doute que les fans du club st\u00e9phanois signeront des deux mains pour un tel sc\u00e9nario. Prenons date au soir du 9 mai 2026, \u00e0 l\u2019occasion du dernier match des Verts contre <a href=\"https:\/\/sportune.20minutes.fr\/amiens-sc\" target=\"_blank\" rel=\"noopener\">Amiens SC<\/a>, pour v\u00e9rifier si ChatGPT a vu juste. Ou pas\u2026<\/p>\n<p>Les r\u00e9sultats de la fin de saison de l\u2019ASSE en Ligue 2 selon ChatGPT<\/p>\n<p>Le Mans \u2013 Saint-\u00c9tienne = 1-2<br \/>Saint-\u00c9tienne \u2013 Clermont = 2-1<br \/>Reims \u2013 Saint-\u00c9tienne = 1-1<br \/>Saint-\u00c9tienne \u2013 Boulogne-sur-Mer = 3-0<br \/>Saint-\u00c9tienne \u2013 Montpellier = 2-1<br \/>Guingamp \u2013 Saint-\u00c9tienne = 1-2<br \/>Saint-\u00c9tienne \u2013 Laval = 3-0<br \/>Pau \u2013 Saint-\u00c9tienne = 1-1<br \/>Saint-\u00c9tienne \u2013 Red Star = 2-2<br \/>Grenoble \u2013 Saint-\u00c9tienne = 0-1<br \/>Saint-\u00c9tienne \u2013 Annecy = 2-0<br \/>Nancy \u2013 Saint-\u00c9tienne = 1-2<br \/>Saint-\u00c9tienne \u2013 Dunkerque = 2-2<br \/>Bastia \u2013 Saint-\u00c9tienne = 0-3<br \/>Saint-\u00c9tienne \u2013 Troyes = 1-2<br \/>Rodez \u2013 Saint-\u00c9tienne = 0-2<br \/>Saint-\u00c9tienne \u2013 Amiens = 2-0<\/p>\n","protected":false},"excerpt":{"rendered":"Les St\u00e9phanois d\u2019Eirik Horneland retrouveront la Ligue 1. C\u2019est ChatGPT qui le dit. Allons directement \u00e0 la conclusion.&hellip;\n","protected":false},"author":2,"featured_media":610287,"comment_status":"","ping_status":"","sticky":false,"template":"","format":"standard","meta":{"footnotes":""},"categories":[9653],"tags":[1111,11,461,2430,1777,674,1011,27,446,12,25,4001],"class_list":{"0":"post-610286","1":"post","2":"type-post","3":"status-publish","4":"format-standard","5":"has-post-thumbnail","7":"category-saint-etienne","8":"tag-actu","9":"tag-actualites","10":"tag-asse","11":"tag-auvergne-rhone-alpes","12":"tag-eu","13":"tag-europe","14":"tag-fr","15":"tag-france","16":"tag-ligue-2","17":"tag-news","18":"tag-republique-francaise","19":"tag-saint-etienne"},"share_on_mastodon":{"url":"https:\/\/pubeurope.com\/@fr\/115748219811084463","error":""},"_links":{"self":[{"href":"https:\/\/www.europesays.com\/fr\/wp-json\/wp\/v2\/posts\/610286","targetHints":{"allow":["GET"]}}],"collection":[{"href":"https:\/\/www.europesays.com\/fr\/wp-json\/wp\/v2\/posts"}],"about":[{"href":"https:\/\/www.europesays.com\/fr\/wp-json\/wp\/v2\/types\/post"}],"author":[{"embeddable":true,"href":"https:\/\/www.europesays.com\/fr\/wp-json\/wp\/v2\/users\/2"}],"replies":[{"embeddable":true,"href":"https:\/\/www.europesays.com\/fr\/wp-json\/wp\/v2\/comments?post=610286"}],"version-history":[{"count":0,"href":"https:\/\/www.europesays.com\/fr\/wp-json\/wp\/v2\/posts\/610286\/revisions"}],"wp:featuredmedia":[{"embeddable":true,"href":"https:\/\/www.europesays.com\/fr\/wp-json\/wp\/v2\/media\/610287"}],"wp:attachment":[{"href":"https:\/\/www.europesays.com\/fr\/wp-json\/wp\/v2\/media?parent=610286"}],"wp:term":[{"taxonomy":"category","embeddable":true,"href":"https:\/\/www.europesays.com\/fr\/wp-json\/wp\/v2\/categories?post=610286"},{"taxonomy":"post_tag","embeddable":true,"href":"https:\/\/www.europesays.com\/fr\/wp-json\/wp\/v2\/tags?post=610286"}],"curies":[{"name":"wp","href":"https:\/\/api.w.org\/{rel}","templated":true}]}}