{"id":610290,"date":"2025-12-19T20:54:41","date_gmt":"2025-12-19T20:54:41","guid":{"rendered":"https:\/\/www.europesays.com\/fr\/610290\/"},"modified":"2025-12-19T20:54:41","modified_gmt":"2025-12-19T20:54:41","slug":"un-accident-mortel-interrompt-le-trafic-ferroviaire-pres-de-nancy","status":"publish","type":"post","link":"https:\/\/www.europesays.com\/fr\/610290\/","title":{"rendered":"Un accident mortel interrompt le trafic ferroviaire pr\u00e8s de Nancy"},"content":{"rendered":"<p>        <strong>La circulation des trains a \u00e9t\u00e9 interrompue ce vendredi en fin de journ\u00e9e entre Nancy et Blainville-sur-l\u2019Eau, ainsi que sur plusieurs lignes r\u00e9gionales, \u00e0 la suite d\u2019un accident mortel impliquant une personne.\u00a0La reprise du trafic est pr\u00e9vue pour 20h30.<\/strong><\/p>\n<p>Le trafic ferroviaire conna\u00eet d\u2019importantes perturbations, ce vendredi 19 d\u00e9cembre, en fin de journ\u00e9e \u00e0 la suite d\u2019un accident impliquant une personne.\u00a0<\/p>\n<p>Alert\u00e9s aux alentours de 18h, les secours n\u2019ont rien pu faire pour secourir la victime, mortellement percut\u00e9e par un train \u00e0 hauteur de Jarville-la-Malgrange et Laneuveville-devant-Nancy.<\/p>\n<p>Cons\u00e9quence la circulation des trains a aussit\u00f4t \u00e9t\u00e9 suspendue entre Nancy et Blainville-sur-l\u2019Eau, impactant l\u2019axe Nancy\u2013Strasbourg ainsi que plusieurs lignes r\u00e9gionales. De nombreux retards et suppressions sont \u00e0 pr\u00e9voir dans la zone concern\u00e9e.<\/p>\n<p>La SNCF indique qu\u2019aucune solution de remplacement par autocar n\u2019a pu \u00eatre d\u00e9ploy\u00e9e. Une reprise progressive du trafic est envisag\u00e9e aux alentours de 20h30, sous r\u00e9serve de l\u2019\u00e9volution de la situation.<\/p>\n<blockquote class=\"twitter-tweet\"><p>&#13;<\/p>\n<p dir=\"ltr\" lang=\"fr\">\ud83d\udce2 18h05 La circulation des trains est interrompue entre Sarrebourg et Nancy en raison d&rsquo;un accident de personne. <br \/>L&rsquo;heure de reprise est estim\u00e9e \u00e0 20h30. <a href=\"https:\/\/t.co\/Y2lRB1lCj8\">pic.twitter.com\/Y2lRB1lCj8<\/a><\/p>\n<p>&#13;<br \/>\n\u2014 TER Grand Est (@TERGrandEst) <a href=\"https:\/\/twitter.com\/TERGrandEst\/status\/2002065356941369643?ref_src=twsrc%5Etfw\" target=\"_blank\" rel=\"noopener\">December 19, 2025<\/a><\/p><\/blockquote>\n<p>\t\t\t\t\t\t<a href=\"https:\/\/www.pinterest.com\/pin\/create\/button\/\" data-pin-do=\"buttonBookmark\" data-pin-color=\"red\" target=\"_blank\" rel=\"noopener\"><img decoding=\"async\" src=\"https:\/\/www.europesays.com\/fr\/wp-content\/uploads\/2025\/04\/pinit_fg_en_rect_red_20.png\" alt=\"Pin It\"\/><\/a><\/p>\n<p>\t\t\t\t\t\t    <script async src=\"https:\/\/platform.twitter.com\/widgets.js\" charset=\"utf-8\"><\/script><\/p>\n","protected":false},"excerpt":{"rendered":"La circulation des trains a \u00e9t\u00e9 interrompue ce vendredi en fin de journ\u00e9e entre Nancy et Blainville-sur-l\u2019Eau, ainsi&hellip;\n","protected":false},"author":2,"featured_media":610291,"comment_status":"","ping_status":"","sticky":false,"template":"","format":"standard","meta":{"footnotes":""},"categories":[9635],"tags":[1111,11,1777,674,1011,27,775,1702,12,25],"class_list":{"0":"post-610290","1":"post","2":"type-post","3":"status-publish","4":"format-standard","5":"has-post-thumbnail","7":"category-nancy","8":"tag-actu","9":"tag-actualites","10":"tag-eu","11":"tag-europe","12":"tag-fr","13":"tag-france","14":"tag-grand-est","15":"tag-nancy","16":"tag-news","17":"tag-republique-francaise"},"share_on_mastodon":{"url":"https:\/\/pubeurope.com\/@fr\/115748229025710535","error":""},"_links":{"self":[{"href":"https:\/\/www.europesays.com\/fr\/wp-json\/wp\/v2\/posts\/610290","targetHints":{"allow":["GET"]}}],"collection":[{"href":"https:\/\/www.europesays.com\/fr\/wp-json\/wp\/v2\/posts"}],"about":[{"href":"https:\/\/www.europesays.com\/fr\/wp-json\/wp\/v2\/types\/post"}],"author":[{"embeddable":true,"href":"https:\/\/www.europesays.com\/fr\/wp-json\/wp\/v2\/users\/2"}],"replies":[{"embeddable":true,"href":"https:\/\/www.europesays.com\/fr\/wp-json\/wp\/v2\/comments?post=610290"}],"version-history":[{"count":0,"href":"https:\/\/www.europesays.com\/fr\/wp-json\/wp\/v2\/posts\/610290\/revisions"}],"wp:featuredmedia":[{"embeddable":true,"href":"https:\/\/www.europesays.com\/fr\/wp-json\/wp\/v2\/media\/610291"}],"wp:attachment":[{"href":"https:\/\/www.europesays.com\/fr\/wp-json\/wp\/v2\/media?parent=610290"}],"wp:term":[{"taxonomy":"category","embeddable":true,"href":"https:\/\/www.europesays.com\/fr\/wp-json\/wp\/v2\/categories?post=610290"},{"taxonomy":"post_tag","embeddable":true,"href":"https:\/\/www.europesays.com\/fr\/wp-json\/wp\/v2\/tags?post=610290"}],"curies":[{"name":"wp","href":"https:\/\/api.w.org\/{rel}","templated":true}]}}