{"id":610294,"date":"2025-12-19T21:02:13","date_gmt":"2025-12-19T21:02:13","guid":{"rendered":"https:\/\/www.europesays.com\/fr\/610294\/"},"modified":"2025-12-19T21:02:13","modified_gmt":"2025-12-19T21:02:13","slug":"la-garde-a-vue-des-deux-policiers-qui-ont-ouvert-le-feu-a-ete-levee","status":"publish","type":"post","link":"https:\/\/www.europesays.com\/fr\/610294\/","title":{"rendered":"la garde \u00e0 vue des deux policiers qui ont ouvert le feu a \u00e9t\u00e9 lev\u00e9e"},"content":{"rendered":"<p>                    Par<br \/>\n        <strong><br \/>\n            <a href=\"https:\/\/actu.fr\/auteur\/laetitia-soula-gmail-com\" title=\"Consulter tous les articles de Laetitia Soula\" target=\"_blank\" rel=\"noopener\">Laetitia Soula<\/a><br \/>\n                    <\/strong><\/p>\n<p>        Publi\u00e9 le<\/p>\n<p>            19 d\u00e9c. 2025 \u00e0 21h18        <\/p>\n<p>Le 17 d\u00e9cembre 2025, <strong>deux policiers<\/strong> ont tir\u00e9 sur une <strong>voiture en fuite<\/strong> dans le quartier du Pont du Las \u00e0 <a href=\"https:\/\/actu.fr\/provence-alpes-cote-d-azur\/toulon_83137\" target=\"_blank\" rel=\"noopener\"><strong>Toulon<\/strong><\/a>, dans le d\u00e9partement du <a href=\"https:\/\/actu.fr\/provence-alpes-cote-d-azur\/var_83\" target=\"_blank\" rel=\"noopener\"><strong>Var<\/strong><\/a>. Retour sur les faits.<\/p>\n<p>\u00ab\u00a0Une vingtaine de tirs\u00a0\u00bb<\/p>\n<p class=\" wall-content\">Une patrouille de la <strong>police nationale<\/strong> du commissariat de <strong>Toulon<\/strong>, compos\u00e9e de quatre hommes, a tent\u00e9 de <strong>neutraliser le conducteur<\/strong> d\u2019un v\u00e9hicule qui prenait la fuite, <strong>refusant d\u2019obtemp\u00e9rer<\/strong> \u00e0 un contr\u00f4le.<\/p>\n<p class=\" wall-content\">\u00ab\u00a0Le conducteur poursuivait sa course en prenant <strong>des risques tr\u00e8s importants<\/strong> pour les autres usagers de la route et les <strong>pi\u00e9tons\u00a0<\/strong>\u00bb, a indiqu\u00e9 le <strong>parquet de Toulon<\/strong>, cit\u00e9 par nos confr\u00e8res d\u2019<a href=\"https:\/\/www.francebleu.fr\/infos\/faits-divers-justice\/delit-de-fuite-a-toulon-garde-a-vue-levee-pour-les-policiers-qui-ont-tire-sur-la-voiture-la-passagere-touchee-va-mieux-3161927\" target=\"_blank\" rel=\"noopener\"><strong>Ici Var<\/strong><\/a>.<\/p>\n<p class=\" wall-content\">Lors de la <strong>tentative d\u2019interpellation <\/strong>au niveau de la place de l\u2019<strong>\u00e9glise Saint-Joseph<\/strong>, un policier est bless\u00e9. C\u2019est alors que les policiers ont <strong>ouvert le feu<\/strong>, estimant agir \u00ab\u00a0en \u00e9tat de <strong>l\u00e9gitime d\u00e9fense<\/strong>\u00a0\u00bb.<\/p>\n<p class=\" wall-content\"><strong>\u00ab\u00a0Une vingtaine de tirs\u00a0\u00bb<\/strong> ont vis\u00e9 le v\u00e9hicule en fuite, blessant gravement <strong>la passag\u00e8re<\/strong> dont les jours <strong>\u00ab\u00a0ne sont plus en danger\u00a0\u00bb<\/strong> apr\u00e8s sa prise en charge \u00e0 l\u2019h\u00f4pital.<\/p>\n<p>Tentative de meurtre sur des policiers<\/p>\n<p class=\" wall-content\">Les forces de l\u2019ordre ont pu <strong>interpeller<\/strong> le conducteur, qui avait pris la fuite.<\/p>\n<p class=\" wall-content\">\u00ab\u00a0Il a \u00e9t\u00e9 plac\u00e9 <strong>en garde \u00e0 vue<\/strong> pour des faits de <strong>tentative de meurtre sur des policiers<\/strong>, refus d\u2019obtemp\u00e9rer aggrav\u00e9 par la <strong>mise en danger<\/strong> d\u00e9lib\u00e9r\u00e9e d\u2019autrui, vol du v\u00e9hicule et <strong>non-assistance \u00e0 personne en danger<\/strong> en raison de l\u2019abandon de la victime dans le v\u00e9hicule\u00a0\u00bb.\u00a0<\/p>\n<p>Votre r\u00e9gion, votre actu !<\/p>\n<p>Recevez chaque jour les infos qui comptent pour vous.<\/p>\n<p>\t<a href=\"https:\/\/actu.fr\/newsletter\" class=\"ac-btn ac-btn--corner ac-btn--medium ac-btn--blue800\" target=\"_blank\" rel=\"noopener\">S&rsquo;incrire<\/a><\/p>\n<p class=\" wall-content\">Cet homme <strong>de 44 ans<\/strong> a par le pass\u00e9 \u00e9t\u00e9 condamn\u00e9 \u00ab\u00a0\u00e0 <strong>neuf ans d\u2019emprisonnement<\/strong> par la cour d\u2019assises de <a href=\"https:\/\/actu.fr\/provence-alpes-cote-d-azur\/draguignan_83050\" target=\"_blank\" rel=\"noopener\"><strong>Draguignan<\/strong> <\/a>pour des <strong>vols \u00e0 main arm\u00e9e<\/strong>\u00a0\u00bb.<\/p>\n<p>Appel \u00e0 t\u00e9moin<\/p>\n<p class=\" wall-content\">L\u2019<strong>enqu\u00eate<\/strong> de l\u2019Inspection g\u00e9n\u00e9rale de la Police nationale (<strong>IGPN<\/strong>) a abouti \u00e0 la <strong>lev\u00e9e des gardes \u00e0 vue<\/strong> des deux policiers qui avaient ouvert le feu, mais <strong>une proc\u00e9dure est toujours en cours<\/strong> \u00ab\u00a0pour d\u00e9terminer si les conditions \u00e9taient r\u00e9unies pour qualifier la <strong>l\u00e9gitime d\u00e9fense<\/strong>\u00a0\u00bb.<\/p>\n<p class=\" wall-content\">Le parquet de Toulon cherche \u00e0 <strong>recueillir des informations<\/strong>\u00a0: \u00ab\u00a0Toute personne qui aurait \u00e9t\u00e9 <strong>t\u00e9moin directement des faits<\/strong> survenus sur la place de l\u2019\u00e9glise Saint-Joseph ou en possession de vid\u00e9os susceptibles de <strong>faire progresser les investigations<\/strong> est invit\u00e9e \u00e0 se pr\u00e9senter l\u2019<strong>h\u00f4tel de police<\/strong> de Toulon\u00a0\u00bb.<\/p>\n<p class=\" wall-content\">Personnalisez votre actualit\u00e9 en ajoutant vos villes et m\u00e9dias en favori avec <a href=\"https:\/\/moncompte.actu.fr\" title=\"D\u00e9couvez Mon Actu\" rel=\"nofollow noopener\" data-trk=\"{&quot;cta&quot;:{&quot;action&quot;:&quot;https:\\\/\\\/moncompte.actu.fr&quot;,&quot;category&quot;:&quot;mon compte&quot;,&quot;from&quot;:&quot;article footer&quot;,&quot;name&quot;:&quot;Mon actu&quot;,&quot;type&quot;:&quot;cta&quot;}}\" target=\"_blank\">Mon Actu<\/a>.<\/p>\n","protected":false},"excerpt":{"rendered":"Par Laetitia Soula Publi\u00e9 le 19 d\u00e9c. 2025 \u00e0 21h18 Le 17 d\u00e9cembre 2025, deux policiers ont tir\u00e9&hellip;\n","protected":false},"author":2,"featured_media":610295,"comment_status":"","ping_status":"","sticky":false,"template":"","format":"standard","meta":{"footnotes":""},"categories":[9619],"tags":[1111,11,1777,674,118,1011,27,35088,303,12,1072,882,25,2310],"class_list":{"0":"post-610294","1":"post","2":"type-post","3":"status-publish","4":"format-standard","5":"has-post-thumbnail","7":"category-toulon","8":"tag-actu","9":"tag-actualites","10":"tag-eu","11":"tag-europe","12":"tag-faits-divers","13":"tag-fr","14":"tag-france","15":"tag-igpn","16":"tag-justice","17":"tag-news","18":"tag-police","19":"tag-provence-alpes-cote-dazur","20":"tag-republique-francaise","21":"tag-toulon"},"share_on_mastodon":{"url":"https:\/\/pubeurope.com\/@fr\/115748257599360389","error":""},"_links":{"self":[{"href":"https:\/\/www.europesays.com\/fr\/wp-json\/wp\/v2\/posts\/610294","targetHints":{"allow":["GET"]}}],"collection":[{"href":"https:\/\/www.europesays.com\/fr\/wp-json\/wp\/v2\/posts"}],"about":[{"href":"https:\/\/www.europesays.com\/fr\/wp-json\/wp\/v2\/types\/post"}],"author":[{"embeddable":true,"href":"https:\/\/www.europesays.com\/fr\/wp-json\/wp\/v2\/users\/2"}],"replies":[{"embeddable":true,"href":"https:\/\/www.europesays.com\/fr\/wp-json\/wp\/v2\/comments?post=610294"}],"version-history":[{"count":0,"href":"https:\/\/www.europesays.com\/fr\/wp-json\/wp\/v2\/posts\/610294\/revisions"}],"wp:featuredmedia":[{"embeddable":true,"href":"https:\/\/www.europesays.com\/fr\/wp-json\/wp\/v2\/media\/610295"}],"wp:attachment":[{"href":"https:\/\/www.europesays.com\/fr\/wp-json\/wp\/v2\/media?parent=610294"}],"wp:term":[{"taxonomy":"category","embeddable":true,"href":"https:\/\/www.europesays.com\/fr\/wp-json\/wp\/v2\/categories?post=610294"},{"taxonomy":"post_tag","embeddable":true,"href":"https:\/\/www.europesays.com\/fr\/wp-json\/wp\/v2\/tags?post=610294"}],"curies":[{"name":"wp","href":"https:\/\/api.w.org\/{rel}","templated":true}]}}