{"id":61030,"date":"2025-04-29T05:29:08","date_gmt":"2025-04-29T05:29:08","guid":{"rendered":"https:\/\/www.europesays.com\/fr\/61030\/"},"modified":"2025-04-29T05:29:08","modified_gmt":"2025-04-29T05:29:08","slug":"ville-la-plus-sure-de-france-courbevoie-renforce-encore-sa-police-municipale","status":"publish","type":"post","link":"https:\/\/www.europesays.com\/fr\/61030\/","title":{"rendered":"ville la plus s\u00fbre de France, Courbevoie renforce encore sa police municipale"},"content":{"rendered":"<p>            Par<br \/>\n        <strong><br \/>\n            <a href=\"https:\/\/actu.fr\/auteur\/hugo-hancewicz\" title=\"Consulter tous les articles de Hugo Hancewicz\" target=\"_blank\" rel=\"noopener\">Hugo Hancewicz<\/a><br \/>\n        <\/strong><\/p>\n<p>        Publi\u00e9 le<\/p>\n<p>            29 avr. 2025 \u00e0 6h48        <\/p>\n<p>C\u2019est la ville <a href=\"https:\/\/actu.fr\/ile-de-france\/courbevoie_92026\/plusieurs-villes-des-hauts-de-seine-dans-le-palmares-des-communes-les-plus-sures-de-france-voici-lesquelles_61596980.html\" target=\"_blank\" rel=\"noopener\">la plus s\u00fbre de France<\/a>, mais <a href=\"https:\/\/actu.fr\/ile-de-france\/courbevoie_92026\" target=\"_blank\" rel=\"noopener\">Courbevoie<\/a> (<a href=\"https:\/\/actu.fr\/ile-de-france\/hauts-de-seine_92\" target=\"_blank\" rel=\"noopener\">Hauts-de-Seine<\/a>) ne rel\u00e2che pas sa vigilance. \u00c0 partir de mai\u00a02025, la commune va d\u00e9ployer <strong>un tout nouveau dispositif de s\u00e9curit\u00e9<\/strong>\u2009: un poste avanc\u00e9 mobile (Pam). Install\u00e9 dans un v\u00e9hicule sp\u00e9cialement am\u00e9nag\u00e9, ce bureau itin\u00e9rant permettra de <strong>renforcer la pr\u00e9sence polici\u00e8re<\/strong> dans tous les quartiers et de rapprocher les habitants de leur police municipale (PM). \u00ab\u2009Ce Pam facilitera l\u2019\u00e9change avec la population, <strong>l\u2019enregistrement de mains courantes<\/strong> et l\u2019\u00e9valuation des besoins en mati\u00e8re de s\u00e9curit\u00e9 locale, explique Michel Georget, adjoint au maire en charge de la s\u00e9curit\u00e9, \u00e0 <a href=\"https:\/\/actu.fr\/paris\/\" target=\"_blank\" rel=\"noopener\">actu Paris<\/a>. Cette fois-ci, ce seront nos agents qui iront au-devant des habitants\u00a0\u00bb. Le mod\u00e8le n\u2019est pas totalement in\u00e9dit. La ville <a href=\"https:\/\/actu.fr\/ile-de-france\/asnieres-sur-seine_92004\/parmi-les-plus-sures-de-france-cette-ville-des-hauts-de-seine-renforce-sa-police-avec-un-dispositif-inedit_62045690.html\" target=\"_blank\" rel=\"noopener\">s\u2019inspire de l\u2019initiative mise en place<\/a> \u00e0 <a href=\"https:\/\/actu.fr\/ile-de-france\/asnieres-sur-seine_92004\" target=\"_blank\" rel=\"noopener\">Asni\u00e8res-sur-Seine<\/a>, ville voisine, quelques mois plus t\u00f4t. Le v\u00e9hicule circulera ainsi dans l\u2019ensemble de la commune, avec une attention particuli\u00e8re <strong>port\u00e9e aux zones les plus sensibles<\/strong>.<\/p>\n<p>\u00ab\u00a0Pourquoi rajouter encore un service de police ?\u00a0\u00bb<\/p>\n<p class=\" wall-content\">Si l\u2019objectif est avant tout de renforcer le dialogue et la pr\u00e9vention, les policiers affect\u00e9s au Pam seront \u00e9galement habilit\u00e9s \u00e0 <strong>intervenir imm\u00e9diatement en cas d\u2019infraction<\/strong>. Ils pourront dresser des proc\u00e8s-verbaux, rappeler \u00e0 l\u2019ordre et mener des actions de sensibilisation aupr\u00e8s des contrevenants. \u00ab\u2009Par exemple, un propri\u00e9taire dont le chien est laiss\u00e9 en libert\u00e9 ou encore des utilisateurs de trottinettes et de v\u00e9los <strong>circulant sur les trottoirs<\/strong>\u2009\u00bb, pr\u00e9cise la mairie.<\/p>\n<p class=\" wall-content\">Mais pour Joachim, trentenaire et Courbevoisien depuis toujours, il se montre sceptique. \u00ab <strong>\u00c7a ne va pas faire trop<\/strong>, s\u2019interroge-t-il. Il y a d\u00e9j\u00e0 des patrouilles et des brigades qui tournent r\u00e9guli\u00e8rement, pourquoi rajouter encore un service de police ? \u00bb Il nuance toutefois ses propos : \u00ab Si \u00e7a peut rassurer certaines personnes, alors pourquoi pas \u00bb.<\/p>\n<p>Plusieurs quartiers dans le viseur<\/p>\n<p class=\" wall-content\">Avant m\u00eame le d\u00e9ploiement du dispositif, certains quartiers sont d\u00e9j\u00e0 dans le viseur de la municipalit\u00e9, <strong>notamment le Faubourg de l\u2019Arche et celui de Louis Blanc<\/strong>, au pied des tours de <a href=\"https:\/\/actu.fr\/tag\/la-defense\" target=\"_blank\" rel=\"noopener\">La D\u00e9fense<\/a>. \u00ab\u2009C\u2019est un secteur un peu plus compliqu\u00e9 que le reste de la ville. On y observe davantage de trafics de drogue et des actes de vandalisme\u2009\u00bb, reconna\u00eet Michel Georget. Pas question cependant d\u2019alimenter l\u2019inqui\u00e9tude\u2009: \u00ab\u2009<strong>Courbevoie n\u2019est pas une ville dangereuse<\/strong>. Ce dispositif vise \u00e0 pr\u00e9server encore davantage cette tranquillit\u00e9\u2009\u00bb.<\/p>\n<p class=\" wall-content\">Mais pour d\u2019autres habitants, l\u2019initiative est plut\u00f4t bien accueillie. \u00ab <strong>C\u2019est s\u00fbr que c\u2019est rassurant<\/strong>, confie Am\u00e9lie, jeune maman install\u00e9e dans le quartier depuis trois ans. Une police de proximit\u00e9 est toujours la bienvenue, surtout qu\u2019il y a pas mal de trafic dans les environs, et cela cr\u00e9e parfois un sentiment d\u2019ins\u00e9curit\u00e9 \u00bb, ajoute-t-elle. M\u00eame constat devant l\u2019\u00e9cole Andr\u00e9-Malraux \u2013 qui doit <a href=\"https:\/\/actu.fr\/ile-de-france\/courbevoie_92026\/mepris-et-trahison-dans-cette-banlieue-de-paris-la-fermeture-d-une-ecole-populaire-secoue-le-quartier_61910930.html\" target=\"_blank\" rel=\"noopener\">fermer d\u00e9finitivement \u00e0 la rentr\u00e9e 2025<\/a>. Lucia, venue chercher ses enfants, salue elle aussi l\u2019id\u00e9e d\u2019un Pam : \u00ab On n\u2019ose pas toujours aller au commissariat, m\u00eame pour des renseignements. <strong>L\u00e0, ce sera plus simple si la police vient \u00e0 nous<\/strong> \u00bb.<\/p>\n<p>      <img   decoding=\"async\" loading=\"lazy\" src=\"https:\/\/www.europesays.com\/fr\/wp-content\/uploads\/2025\/04\/img-4428-960x640.jpg\" alt=\"Le quartier Louis Blanc sera dans le viseur du poste avanc\u00e9 mobile (Pam) de Courbevoie.\" width=\"960\" height=\"640\"\/><br \/>\n    Le quartier Louis Blanc sera dans le viseur du poste avanc\u00e9 mobile (Pam) de Courbevoie. (\u00a9HH\/actu Paris)Des centaines de cam\u00e9ras, des policiers arm\u00e9s\u2026<\/p>\n<p class=\" wall-content\">\u00ab\u00a0\u00c0 Courbevoie, la s\u00e9curit\u00e9 est une priorit\u00e9 affich\u00e9e depuis longtemps\u00a0\u00bb, rappelle l\u2019\u00e9lu. La police municipale, <strong>arm\u00e9e depuis pr\u00e8s de quinze ans<\/strong>, compte aujourd\u2019hui une quarantaine d\u2019agents, un effectif sup\u00e9rieur \u00e0 la moyenne rapport\u00e9e au nombre d\u2019habitants. Elle s\u2019appuie \u00e9galement sur un important r\u00e9seau de vid\u00e9osurveillance\u2009: <strong>130 cam\u00e9ras couvrent la ville<\/strong>, et \u00ab\u2009nous en rajoutons entre cinq et sept chaque ann\u00e9e\u2009\u00bb, souligne-t-il.<\/p>\n<p class=\" wall-content\">Le poste mobile, quant \u00e0 lui, est un Peugeot Boxer d\u2019occasion, dont l\u2019achat et l\u2019am\u00e9nagement ont co\u00fbt\u00e9 <strong>un peu plus de 20\u2009000\u00a0euros<\/strong> \u00e0 la municipalit\u00e9. Un investissement assum\u00e9 par la commune. \u00ab\u00a0On esp\u00e8re \u00eatre de nouveau dans le haut du classement des villes les plus s\u00fbres de France, confie Michel Georget, c\u2019est une fiert\u00e9\u00a0\u00bb.<\/p>\n<p class=\" wall-content\">Suivez toute l\u2019actualit\u00e9 de vos villes et m\u00e9dias favoris en vous inscrivant \u00e0 <a href=\"https:\/\/moncompte.actu.fr\" title=\"D\u00e9couvez Mon Actu\" rel=\"nofollow noopener\" data-trk=\"{&quot;cta&quot;:{&quot;action&quot;:&quot;https:\\\/\\\/moncompte.actu.fr&quot;,&quot;category&quot;:&quot;mon compte&quot;,&quot;from&quot;:&quot;article footer&quot;,&quot;name&quot;:&quot;Mon actu&quot;,&quot;type&quot;:&quot;cta&quot;}}\" target=\"_blank\">Mon Actu<\/a>.<\/p>\n","protected":false},"excerpt":{"rendered":"Par Hugo Hancewicz Publi\u00e9 le 29 avr. 2025 \u00e0 6h48 C\u2019est la ville la plus s\u00fbre de France,&hellip;\n","protected":false},"author":2,"featured_media":61031,"comment_status":"","ping_status":"","sticky":false,"template":"","format":"standard","meta":{"footnotes":""},"categories":[1888],"tags":[1111,1928,11,1927,1777,674,1011,27,2825,12,1926,626,1925,1072,25,10965,104],"class_list":{"0":"post-61030","1":"post","2":"type-post","3":"status-publish","4":"format-standard","5":"has-post-thumbnail","7":"category-paris","8":"tag-actu","9":"tag-actu-paris","10":"tag-actualites","11":"tag-actualites-paris","12":"tag-eu","13":"tag-europe","14":"tag-fr","15":"tag-france","16":"tag-insecurite","17":"tag-news","18":"tag-news-paris","19":"tag-paris","20":"tag-paris-news","21":"tag-police","22":"tag-republique-francaise","23":"tag-securite-civile","24":"tag-societe"},"share_on_mastodon":{"url":"https:\/\/pubeurope.com\/@fr\/114419608085761479","error":""},"_links":{"self":[{"href":"https:\/\/www.europesays.com\/fr\/wp-json\/wp\/v2\/posts\/61030","targetHints":{"allow":["GET"]}}],"collection":[{"href":"https:\/\/www.europesays.com\/fr\/wp-json\/wp\/v2\/posts"}],"about":[{"href":"https:\/\/www.europesays.com\/fr\/wp-json\/wp\/v2\/types\/post"}],"author":[{"embeddable":true,"href":"https:\/\/www.europesays.com\/fr\/wp-json\/wp\/v2\/users\/2"}],"replies":[{"embeddable":true,"href":"https:\/\/www.europesays.com\/fr\/wp-json\/wp\/v2\/comments?post=61030"}],"version-history":[{"count":0,"href":"https:\/\/www.europesays.com\/fr\/wp-json\/wp\/v2\/posts\/61030\/revisions"}],"wp:featuredmedia":[{"embeddable":true,"href":"https:\/\/www.europesays.com\/fr\/wp-json\/wp\/v2\/media\/61031"}],"wp:attachment":[{"href":"https:\/\/www.europesays.com\/fr\/wp-json\/wp\/v2\/media?parent=61030"}],"wp:term":[{"taxonomy":"category","embeddable":true,"href":"https:\/\/www.europesays.com\/fr\/wp-json\/wp\/v2\/categories?post=61030"},{"taxonomy":"post_tag","embeddable":true,"href":"https:\/\/www.europesays.com\/fr\/wp-json\/wp\/v2\/tags?post=61030"}],"curies":[{"name":"wp","href":"https:\/\/api.w.org\/{rel}","templated":true}]}}