{"id":610300,"date":"2025-12-19T21:05:24","date_gmt":"2025-12-19T21:05:24","guid":{"rendered":"https:\/\/www.europesays.com\/fr\/610300\/"},"modified":"2025-12-19T21:05:24","modified_gmt":"2025-12-19T21:05:24","slug":"roumare-guillaume-a-repris-le-cafe-du-village","status":"publish","type":"post","link":"https:\/\/www.europesays.com\/fr\/610300\/","title":{"rendered":"Roumare &#8211; Guillaume a repris le caf\u00e9 du village"},"content":{"rendered":"<p>Il bossait en banque. Il a tout plaqu\u00e9 pour reprendre le bistrot du village.<\/p>\n<p>Il est n\u00e9 dans le coin, Guillaume. Il y a une quarantaine d&rsquo;ann\u00e9es. Puis il est all\u00e9 voir ailleurs si j&rsquo;y \u00e9tais. Juste parce que dans sa branche, c&rsquo;\u00e9tait pas la peine d&rsquo;esp\u00e9rer trouver un boulot dans la campagne roumaroise. Monsieur se lan\u00e7ait dans la finance. Un master en gestion des risques financiers, et un bon job. Du genre \u00e0 inspirer le respect. Qui gagnait bien, en plus. C&rsquo;est comme \u00e7a qu&rsquo;on l&rsquo;a vu renforcer les rangs de la Banque de France ou de la BNP, en r\u00e9gion parisienne. Mais voil\u00e0, Paris, pour Guillaume, c&rsquo;est trop individualiste. \u00c7a manque d&rsquo;humain.<\/p>\n<p> <img decoding=\"async\" src=\"https:\/\/www.europesays.com\/fr\/wp-content\/uploads\/2025\/12\/1766178319_74_1280\" alt=\"illustration agrandir l'image\" style=\"--_image-preview:url('data:image\/jpeg;base64,\/9j\/2wBDACgcHiMeGSgjISMtKygwPGRBPDc3PHtYXUlkkYCZlo+AjIqgtObDoKrarYqMyP\/L2u71\/\/\/\/m8H\/\/\/\/6\/+b9\/\/j\/2wBDASstLTw1PHZBQXb4pYyl+Pj4+Pj4+Pj4+Pj4+Pj4+Pj4+Pj4+Pj4+Pj4+Pj4+Pj4+Pj4+Pj4+Pj4+Pj4+Pj4+Pj\/wAARCAAbACoDASIAAhEBAxEB\/8QAFwABAQEBAAAAAAAAAAAAAAAAAQACA\/\/EABYQAQEBAAAAAAAAAAAAAAAAAAARAf\/EABYBAQEBAAAAAAAAAAAAAAAAAAECAP\/EABYRAQEBAAAAAAAAAAAAAAAAAAABEf\/aAAwDAQACEQMRAD8A56DQxEMKBRCDM1VkqDRZxrE1UKhSdL\/\/2Q==');\" loading=\"lazy\" fetchpriority=\"low\" class=\"svelte-1cksh76 rounded\" onload=\"this.__e=event\" onerror=\"this.__e=event\"\/> Au caf\u00e9, le patron a toujours un mot \u00e0 partager \u00a9 Aucun(e) &#8211; Cyrille Lefran\u00e7ois  <\/p>\n<p><strong>LE RETOUR<\/strong><\/p>\n<p>Il faut parfois savoir partir, pour se souvenir des choses. Sa vie, Guillaume l&rsquo;avait sous le nez, sur les terres de son enfance. Quitter tout \u00e7a lui a rappel\u00e9. Il s&rsquo;\u00e9tait \u00e9loign\u00e9 de sa vie et des gens. C&rsquo;est pour \u00e7a qu&rsquo;il est revenu, il y a 18 mois. Pour se retrouver. Son job \u00e9tait passionnant. Il gagnait vraiment bien sa vie. Mais l&rsquo;essentiel \u00e9tait rest\u00e9 derri\u00e8re lui. il y a 18 mois, Alors il est revenu l\u00e0 o\u00f9 est sa place: au bistrot du village.<\/p>\n<p> <img decoding=\"async\" src=\"https:\/\/www.europesays.com\/fr\/wp-content\/uploads\/2025\/12\/1766178321_907_1280\" alt=\"illustration agrandir l'image\" style=\"--_image-preview:url('data:image\/jpeg;base64,\/9j\/2wBDACgcHiMeGSgjISMtKygwPGRBPDc3PHtYXUlkkYCZlo+AjIqgtObDoKrarYqMyP\/L2u71\/\/\/\/m8H\/\/\/\/6\/+b9\/\/j\/2wBDASstLTw1PHZBQXb4pYyl+Pj4+Pj4+Pj4+Pj4+Pj4+Pj4+Pj4+Pj4+Pj4+Pj4+Pj4+Pj4+Pj4+Pj4+Pj4+Pj4+Pj\/wAARCAAbACoDASIAAhEBAxEB\/8QAFwABAQEBAAAAAAAAAAAAAAAAAgEAA\/\/EABgQAQEBAQEAAAAAAAAAAAAAAAABEQIS\/8QAFgEBAQEAAAAAAAAAAAAAAAAAAAEC\/8QAFREBAQAAAAAAAAAAAAAAAAAAABH\/2gAMAwEAAhEDEQA\/AFamjraxGiStqaoHUDy60cUSUpXOHALW1GBtRkB\/\/9k=');\" loading=\"lazy\" fetchpriority=\"low\" class=\"svelte-1cksh76 rounded\" onload=\"this.__e=event\" onerror=\"this.__e=event\"\/> Il y a 18 mois, Guillaume a repris le caf\u00e9 de Roumare. \u00a9 Aucun(e) &#8211; Cyrille Lefran\u00e7ois  <\/p>\n<p><strong>DU VIN ET DU CAF\u00c9<\/strong><\/p>\n<p>Ici, Guillaume se fait plaisir. En bon \u00e9picurien, il a fait de la salle du billard une cave \u00e0 vin. Une bonne partie de ce qu&rsquo;il propose, il est all\u00e9 le glaner chez nos petits vignerons. Il aime prendre le temps de vous parler des histoires que raconte chaque bouteille. Le bistrot est toujours l\u00e0, \u00e9videmment. Les habitants y passent pour r\u00e9cup\u00e9rer un colis ou boire un caf\u00e9. En fonction des heures, on croise les ouvriers, venus se r\u00e9chauffer et taper la causette avant d&#8217;embaucher, ou le petit retrait\u00e9, un peu plus tard dans la matin\u00e9e.<\/p>\n<p> <img decoding=\"async\" src=\"https:\/\/www.europesays.com\/fr\/wp-content\/uploads\/2025\/12\/1766178322_114_1280\" alt=\"illustration agrandir l'image\" style=\"--_image-preview:url('data:image\/jpeg;base64,\/9j\/2wBDACgcHiMeGSgjISMtKygwPGRBPDc3PHtYXUlkkYCZlo+AjIqgtObDoKrarYqMyP\/L2u71\/\/\/\/m8H\/\/\/\/6\/+b9\/\/j\/2wBDASstLTw1PHZBQXb4pYyl+Pj4+Pj4+Pj4+Pj4+Pj4+Pj4+Pj4+Pj4+Pj4+Pj4+Pj4+Pj4+Pj4+Pj4+Pj4+Pj4+Pj\/wAARCAAbACoDASIAAhEBAxEB\/8QAFwABAQEBAAAAAAAAAAAAAAAAAgEAA\/\/EABYQAQEBAAAAAAAAAAAAAAAAAAARAf\/EABYBAAMAAAAAAAAAAAAAAAAAAAABA\/\/EABYRAQEBAAAAAAAAAAAAAAAAAAAREv\/aAAwDAQACEQMRAD8A4YWJFSilKrRYsnVrUalEFKMSKxNGVihjonoiCv\/Z');\" loading=\"lazy\" fetchpriority=\"low\" class=\"svelte-1cksh76 rounded\" onload=\"this.__e=event\" onerror=\"this.__e=event\"\/> La salle de billard est devenue une cave \u00e0 vin \u00a9 Aucun(e) &#8211; Cyrille Lefran\u00e7ois  <\/p>\n<p><strong>UN PETIT MOT<\/strong><\/p>\n<p>Si le caf\u00e9 \u00e9tait en train de s&rsquo;endormir, Guillaume l&rsquo;a r\u00e9veill\u00e9, il y a 18 mois. Il s&rsquo;est r\u00e9veill\u00e9 avec, d&rsquo;ailleurs. Il a divis\u00e9 son salaire, certes, mais il a enfin trouv\u00e9 sa place, derri\u00e8re le comptoir. Les va-et-vient sont incessants. Un petit mot, un bout de sourire, une blagounette et on se dit \u00c0 demain! Tenir un bistroquet, \u00e7a ne paye pas comme en banque, c&rsquo;est s\u00fbr, mais \u00e7a nourrit l&rsquo;\u00e2me.<\/p>\n<ul>\n<li><strong>Cave du vieux puits<\/strong><br \/>32, place de la mairie<br \/>76480 Roumare<br \/>02 35 33 52 78<\/li>\n<\/ul>\n<p> <img decoding=\"async\" src=\"https:\/\/www.europesays.com\/fr\/wp-content\/uploads\/2025\/12\/1766178324_231_1280\" alt=\"illustration agrandir l'image\" style=\"--_image-preview:url('data:image\/jpeg;base64,\/9j\/2wBDACgcHiMeGSgjISMtKygwPGRBPDc3PHtYXUlkkYCZlo+AjIqgtObDoKrarYqMyP\/L2u71\/\/\/\/m8H\/\/\/\/6\/+b9\/\/j\/2wBDASstLTw1PHZBQXb4pYyl+Pj4+Pj4+Pj4+Pj4+Pj4+Pj4+Pj4+Pj4+Pj4+Pj4+Pj4+Pj4+Pj4+Pj4+Pj4+Pj4+Pj\/wAARCAAbACoDASIAAhEBAxEB\/8QAFwAAAwEAAAAAAAAAAAAAAAAAAAECA\/\/EABYQAQEBAAAAAAAAAAAAAAAAAAARAf\/EABYBAQEBAAAAAAAAAAAAAAAAAAACAf\/EABURAQEAAAAAAAAAAAAAAAAAAAAR\/9oADAMBAAIRAxEAPwDDU6rU6lSNxMXpRrEg4IEa0gEqIoYaFCigD\/\/Z');\" loading=\"lazy\" fetchpriority=\"low\" class=\"svelte-1cksh76 rounded\" onload=\"this.__e=event\" onerror=\"this.__e=event\"\/> Asseillez-vous, le caf\u00e9 arrive \u00a9 Aucun(e) &#8211; Cyrille Lefran\u00e7ois  <\/p>\n","protected":false},"excerpt":{"rendered":"Il bossait en banque. Il a tout plaqu\u00e9 pour reprendre le bistrot du village. Il est n\u00e9 dans&hellip;\n","protected":false},"author":2,"featured_media":610301,"comment_status":"","ping_status":"","sticky":false,"template":"","format":"standard","meta":{"footnotes":""},"categories":[9587],"tags":[1111,11,1777,674,1011,27,12,5161,25,9590],"class_list":{"0":"post-610300","1":"post","2":"type-post","3":"status-publish","4":"format-standard","5":"has-post-thumbnail","7":"category-rouen","8":"tag-actu","9":"tag-actualites","10":"tag-eu","11":"tag-europe","12":"tag-fr","13":"tag-france","14":"tag-news","15":"tag-normandie","16":"tag-republique-francaise","17":"tag-rouen"},"share_on_mastodon":{"url":"https:\/\/pubeurope.com\/@fr\/115748270269458465","error":""},"_links":{"self":[{"href":"https:\/\/www.europesays.com\/fr\/wp-json\/wp\/v2\/posts\/610300","targetHints":{"allow":["GET"]}}],"collection":[{"href":"https:\/\/www.europesays.com\/fr\/wp-json\/wp\/v2\/posts"}],"about":[{"href":"https:\/\/www.europesays.com\/fr\/wp-json\/wp\/v2\/types\/post"}],"author":[{"embeddable":true,"href":"https:\/\/www.europesays.com\/fr\/wp-json\/wp\/v2\/users\/2"}],"replies":[{"embeddable":true,"href":"https:\/\/www.europesays.com\/fr\/wp-json\/wp\/v2\/comments?post=610300"}],"version-history":[{"count":0,"href":"https:\/\/www.europesays.com\/fr\/wp-json\/wp\/v2\/posts\/610300\/revisions"}],"wp:featuredmedia":[{"embeddable":true,"href":"https:\/\/www.europesays.com\/fr\/wp-json\/wp\/v2\/media\/610301"}],"wp:attachment":[{"href":"https:\/\/www.europesays.com\/fr\/wp-json\/wp\/v2\/media?parent=610300"}],"wp:term":[{"taxonomy":"category","embeddable":true,"href":"https:\/\/www.europesays.com\/fr\/wp-json\/wp\/v2\/categories?post=610300"},{"taxonomy":"post_tag","embeddable":true,"href":"https:\/\/www.europesays.com\/fr\/wp-json\/wp\/v2\/tags?post=610300"}],"curies":[{"name":"wp","href":"https:\/\/api.w.org\/{rel}","templated":true}]}}