{"id":610304,"date":"2025-12-19T21:07:26","date_gmt":"2025-12-19T21:07:26","guid":{"rendered":"https:\/\/www.europesays.com\/fr\/610304\/"},"modified":"2025-12-19T21:07:26","modified_gmt":"2025-12-19T21:07:26","slug":"le-ps-ne-soutiendra-en-aucun-cas-des-alliances-contre-nature","status":"publish","type":"post","link":"https:\/\/www.europesays.com\/fr\/610304\/","title":{"rendered":"le PS \u00ab\u00a0ne soutiendra en aucun cas des alliances contre-nature\u00a0\u00bb"},"content":{"rendered":"<p>Quel sera le positionnement du Parti socialiste \u00e0 Saint-Martin-d\u2019H\u00e8res dans le cadre des \u00e9lections municipales de mars prochain\u00a0? Alors qu\u2019une liste comprenant le socialiste Paul Saou est envisag\u00e9e sur le territoire et que cette m\u00eame liste <a href=\"https:\/\/www.ledauphine.com\/elections\/2025\/12\/14\/saint-martin-d-heres-et-s-il-n-y-avait-qu-une-seule-liste-en-lice\" target=\"_blank\" rel=\"noopener\">aurait approch\u00e9 plusieurs personnalit\u00e9s<\/a> \u2013 dont l\u2019ex-\u00e9lu LR Mohamed Gafsi \u2013, la f\u00e9d\u00e9ration de l\u2019Is\u00e8re du PS, par la voix\u00a0de son premier secr\u00e9taire f\u00e9d\u00e9ral Damien Perrard, tient \u00e0 pr\u00e9ciser certaines choses.<\/p>\n<p>\u00c0 l\u2019origine de cette mise au point, les propos du maire (et candidat) David Queiros qui, <a href=\"https:\/\/www.ledauphine.com\/elections\/2025\/12\/16\/isere-saint-martin-d-heres-david-queiros-candidat-une-motivation-intacte\" target=\"_blank\" rel=\"noopener\">dans nos colonnes, le 17\u00a0d\u00e9cembre dernier,<\/a> demandait une clarification \u00e0 la formation politique \u00e0 ce sujet. \u00ab\u00a0Le PS doit apporter la d\u00e9monstration qu\u2019il souhaite une union \u00e0 gauche et pas une union avec les Macronistes et la droite, \u00e0 l\u2019image des tentatives de rapprochement que j\u2019ai pu lire\u00a0\u00bb, expliquait-il.<\/p>\n<p>De fait, la r\u00e9action du PS is\u00e9rois n\u2019a pas tard\u00e9. \u00ab\u00a0Nous tenons \u00e0 r\u00e9affirmer que la position du Parti socialiste de l\u2019Is\u00e8re est toujours de favoriser l\u2019union des forces de gauche et \u00e9cologistes partout o\u00f9 cela est possible afin de d\u00e9fendre ensemble nos valeurs communes, dans un contexte o\u00f9 les populismes comme les id\u00e9es conservatrices et r\u00e9actionnaires progressent partout en France et dans le monde\u00a0\u00bb, rappelait le premier secr\u00e9taire f\u00e9d\u00e9ral. Et de conclure\u00a0: \u00ab\u00a0Notre f\u00e9d\u00e9ration a ainsi demand\u00e9 clairement \u00e0 ses chefs de file d\u00e9sign\u00e9s pour les \u00e9lections municipales de cr\u00e9er les conditions de ce rassemblement et r\u00e9affirme que le Parti socialiste ne soutiendra en aucun cas des alliances contre-nature avec la droite et les forces politiques solidaires du camp pr\u00e9sidentiel. Nos premiers et premi\u00e8res des socialistes d\u00e9sign\u00e9s par les militants savent parfaitement qu\u2019un tel rassemblement serait source d\u2019exclusion de notre famille politique\u00a0\u00bb.<\/p>\n","protected":false},"excerpt":{"rendered":"Quel sera le positionnement du Parti socialiste \u00e0 Saint-Martin-d\u2019H\u00e8res dans le cadre des \u00e9lections municipales de mars prochain\u00a0?&hellip;\n","protected":false},"author":2,"featured_media":610305,"comment_status":"","ping_status":"","sticky":false,"template":"","format":"standard","meta":{"footnotes":""},"categories":[9566],"tags":[1111,11,2430,112,4188,1777,674,1011,27,2731,108,12,316,25,9448,11264],"class_list":{"0":"post-610304","1":"post","2":"type-post","3":"status-publish","4":"format-standard","5":"has-post-thumbnail","7":"category-grenoble","8":"tag-actu","9":"tag-actualites","10":"tag-auvergne-rhone-alpes","11":"tag-edition-grenoble-agglomeration","12":"tag-elections-municipales","13":"tag-eu","14":"tag-europe","15":"tag-fr","16":"tag-france","17":"tag-grenoble","18":"tag-isere","19":"tag-news","20":"tag-politique","21":"tag-republique-francaise","22":"tag-saint-martin-dheres","23":"tag-saint-martin-dheres-bassin"},"share_on_mastodon":{"url":"https:\/\/pubeurope.com\/@fr\/115748277129774984","error":""},"_links":{"self":[{"href":"https:\/\/www.europesays.com\/fr\/wp-json\/wp\/v2\/posts\/610304","targetHints":{"allow":["GET"]}}],"collection":[{"href":"https:\/\/www.europesays.com\/fr\/wp-json\/wp\/v2\/posts"}],"about":[{"href":"https:\/\/www.europesays.com\/fr\/wp-json\/wp\/v2\/types\/post"}],"author":[{"embeddable":true,"href":"https:\/\/www.europesays.com\/fr\/wp-json\/wp\/v2\/users\/2"}],"replies":[{"embeddable":true,"href":"https:\/\/www.europesays.com\/fr\/wp-json\/wp\/v2\/comments?post=610304"}],"version-history":[{"count":0,"href":"https:\/\/www.europesays.com\/fr\/wp-json\/wp\/v2\/posts\/610304\/revisions"}],"wp:featuredmedia":[{"embeddable":true,"href":"https:\/\/www.europesays.com\/fr\/wp-json\/wp\/v2\/media\/610305"}],"wp:attachment":[{"href":"https:\/\/www.europesays.com\/fr\/wp-json\/wp\/v2\/media?parent=610304"}],"wp:term":[{"taxonomy":"category","embeddable":true,"href":"https:\/\/www.europesays.com\/fr\/wp-json\/wp\/v2\/categories?post=610304"},{"taxonomy":"post_tag","embeddable":true,"href":"https:\/\/www.europesays.com\/fr\/wp-json\/wp\/v2\/tags?post=610304"}],"curies":[{"name":"wp","href":"https:\/\/api.w.org\/{rel}","templated":true}]}}