{"id":610308,"date":"2025-12-19T21:09:22","date_gmt":"2025-12-19T21:09:22","guid":{"rendered":"https:\/\/www.europesays.com\/fr\/610308\/"},"modified":"2025-12-19T21:09:22","modified_gmt":"2025-12-19T21:09:22","slug":"quatre-bornes-de-recharge-publiques-ont-ete-inaugurees-a-cesson-sevigne","status":"publish","type":"post","link":"https:\/\/www.europesays.com\/fr\/610308\/","title":{"rendered":"Quatre bornes de recharge publiques ont \u00e9t\u00e9 inaugur\u00e9es \u00e0 Cesson-S\u00e9vign\u00e9"},"content":{"rendered":"<p>\u00c0 la suite du premier appel \u00e0 manifestation d\u2019int\u00e9r\u00eat (AMI) port\u00e9 par le syndicat d\u00e9partemental d\u2019\u00e9nergie (SDE35), l\u2019entreprise Qwello a assur\u00e9 la mise en \u0153uvre de ce projet en faveur de la mobilit\u00e9 \u00e9lectrique, \u00e0 <a href=\"https:\/\/rennes.maville.com\/actu\/actudet_-cesson-sevigne.-debat-d-orientation-budgetaire-loi-de-finances-et-mandat-salle-d-attente-_7-7117319_actu.Htm\" target=\"_blank\" rel=\"noopener\">Cesson-S\u00e9vign\u00e9 (Ille-et-Vilaine).<\/a><\/p>\n<p>54 stations, 143 points de charge<\/p>\n<p>\u00a0Cette station Qwello est la premi\u00e8re d\u2019une longue s\u00e9rie de mises en service &#8230;<\/p>\n<p>\u00a0<\/p>\n","protected":false},"excerpt":{"rendered":"\u00c0 la suite du premier appel \u00e0 manifestation d\u2019int\u00e9r\u00eat (AMI) port\u00e9 par le syndicat d\u00e9partemental d\u2019\u00e9nergie (SDE35), l\u2019entreprise&hellip;\n","protected":false},"author":2,"featured_media":610309,"comment_status":"","ping_status":"","sticky":false,"template":"","format":"standard","meta":{"footnotes":""},"categories":[2821],"tags":[1111,11,8724,829,4099,2883,1777,674,1011,27,11138,12,1009,8726,3086,584,25],"class_list":{"0":"post-610308","1":"post","2":"type-post","3":"status-publish","4":"format-standard","5":"has-post-thumbnail","7":"category-rennes","8":"tag-actu","9":"tag-actualites","10":"tag-bornes","11":"tag-bretagne","12":"tag-cesson-sevigne","13":"tag-ete","14":"tag-eu","15":"tag-europe","16":"tag-fr","17":"tag-france","18":"tag-inaugurees","19":"tag-news","20":"tag-publiques","21":"tag-recharge","22":"tag-redon","23":"tag-rennes","24":"tag-republique-francaise"},"share_on_mastodon":{"url":"https:\/\/pubeurope.com\/@fr\/115748284891021841","error":""},"_links":{"self":[{"href":"https:\/\/www.europesays.com\/fr\/wp-json\/wp\/v2\/posts\/610308","targetHints":{"allow":["GET"]}}],"collection":[{"href":"https:\/\/www.europesays.com\/fr\/wp-json\/wp\/v2\/posts"}],"about":[{"href":"https:\/\/www.europesays.com\/fr\/wp-json\/wp\/v2\/types\/post"}],"author":[{"embeddable":true,"href":"https:\/\/www.europesays.com\/fr\/wp-json\/wp\/v2\/users\/2"}],"replies":[{"embeddable":true,"href":"https:\/\/www.europesays.com\/fr\/wp-json\/wp\/v2\/comments?post=610308"}],"version-history":[{"count":0,"href":"https:\/\/www.europesays.com\/fr\/wp-json\/wp\/v2\/posts\/610308\/revisions"}],"wp:featuredmedia":[{"embeddable":true,"href":"https:\/\/www.europesays.com\/fr\/wp-json\/wp\/v2\/media\/610309"}],"wp:attachment":[{"href":"https:\/\/www.europesays.com\/fr\/wp-json\/wp\/v2\/media?parent=610308"}],"wp:term":[{"taxonomy":"category","embeddable":true,"href":"https:\/\/www.europesays.com\/fr\/wp-json\/wp\/v2\/categories?post=610308"},{"taxonomy":"post_tag","embeddable":true,"href":"https:\/\/www.europesays.com\/fr\/wp-json\/wp\/v2\/tags?post=610308"}],"curies":[{"name":"wp","href":"https:\/\/api.w.org\/{rel}","templated":true}]}}