{"id":610316,"date":"2025-12-19T21:13:14","date_gmt":"2025-12-19T21:13:14","guid":{"rendered":"https:\/\/www.europesays.com\/fr\/610316\/"},"modified":"2025-12-19T21:13:14","modified_gmt":"2025-12-19T21:13:14","slug":"pas-investi-par-le-rassemblement-national-gilles-renoux-debauche-un-maire-de-la-region-cagnoise-pour-mener-la-bataille-des-municipales-a-carros","status":"publish","type":"post","link":"https:\/\/www.europesays.com\/fr\/610316\/","title":{"rendered":"Pas investi par le Rassemblement national, Gilles Renoux d\u00e9bauche un maire de la r\u00e9gion cagnoise pour mener la bataille des municipales \u00e0 Carros"},"content":{"rendered":"<p class=\"fs-5 \">\u00ab Une figure embl\u00e9matique rejoint l\u2019\u00e9quipe de Carros A C\u0153ur ! \u00bb, se f\u00e9licite, sur sa page Facebook, le candidat Gilles Renoux. Et cette figure embl\u00e9matique, c\u2019est le maire de Cons\u00e9gudes depuis 2014, Ren\u00e9 Trastour. En juin 2024, l\u2019\u00e9lu de ce petit village de 100 \u00e2mes, avait, <a href=\"https:\/\/www.nicematin.com\/societe\/politique\/a-consegudes-le-nombre-d-habitants-devrait-augmenter-et-c-est-un-probleme-807525\" target=\"_blank\" rel=\"noopener\">dans une interview accord\u00e9e \u00e0 Nice-Matin<\/a>, indiqu\u00e9 qu\u2019il ne savait pas s\u2019il allait se repr\u00e9senter en 2026. Son choix est fait. Il sera colistier \u00e0 Carros, cette commune o\u00f9 il a longtemps v\u00e9cu avec son \u00e9pouse.<\/p>\n<p class=\"fs-5 \">Dans ce m\u00eame entretien, Ren\u00e9 Trastour ne semblait pas applaudir des deux mains l\u2019alliance d\u2019\u00c9ric Ciotti avec le RN, dont il \u00e9tait proche : \u00ab Je ne sais pas pourquoi il a d\u00e9cid\u00e9 \u00e7a \u00bb, commentait sobrement le maire de Cons\u00e9gudes. Pourtant, c\u2019est bien un candidat RN qu\u2019il rejoint. Enfin presque&#8230;<\/p>\n<p>                                                                                Dissident au Rassemblement national<\/p>\n<p class=\"fs-5 \">\u00c0 Carros, <a href=\"https:\/\/www.nicematin.com\/societe\/politique\/municipales-2026\/sans-investiture-de-son-parti-un-conseiller-regional-du-rassemblement-national-brigue-la-mairie-de-carros-10657179\" target=\"_blank\" rel=\"noopener\">Gilles Renoux se lance sans l\u2019investiture du parti de Jordan Bardella<\/a>. \u00ab Il n\u2019a pas \u00e9t\u00e9 investi au niveau national. C\u2019est un dissident. Il n\u2019a pas le droit d\u2019utiliser nos logos \u00bb, avait tranch\u00e9 la d\u00e9put\u00e9e Alexandra Masson, patronne de la f\u00e9d\u00e9ration RN des Alpes-Maritimes. Sans l\u2019investiture du parti \u00e0 la flamme, bon gr\u00e9, mal gr\u00e9 ? Dans nos colonnes, le candidat de Carros s\u2019en d\u00e9fendait : \u00ab L\u2019investiture est contraignante. On me la payerait, je n\u2019en voudrais m\u00eame pas. Partir sans \u00e9tiquette me permet de n\u2019offusquer personne : je vise l\u2019union des droites. Ma liste va du RN en passant par Reconqu\u00eate, l\u2019UDR, l\u2019Union des droites pour la R\u00e9publique et Les R\u00e9publicains \u00bb.<\/p>\n<p class=\"fs-5 \">Pour l\u2019UDR, \u00e7a peut se compliquer, vu la proximit\u00e9 du maire sortant Yannick Bernard \u2013 pas encore officiellement candidat \u2013 avec&#8230; le pr\u00e9sident du parti, \u00c9ric Ciotti. Le premier magistrat de Carros avait refus\u00e9 de signer la \u00ab charte de constitution du groupe rassemblement citoyen \u00bb impos\u00e9e par Christian Estrosi \u00e0 la M\u00e9tropole.<\/p>\n<p class=\"fs-5 \">En attendant, \u00e0 Cons\u00e9gudes, qui se retrouve sans \u00ab sortant \u00bb pour ces \u00e9lections municipales, c\u2019est son premier adjoint, Andrea Orabona, le suppl\u00e9ant du d\u00e9put\u00e9 Rassemblement national Lionel Tivoli, qui va tenter de reprendre le flambeau et se faire \u00e9lire sur son nom.<\/p>\n","protected":false},"excerpt":{"rendered":"\u00ab Une figure embl\u00e9matique rejoint l\u2019\u00e9quipe de Carros A C\u0153ur ! \u00bb, se f\u00e9licite, sur sa page Facebook,&hellip;\n","protected":false},"author":2,"featured_media":610317,"comment_status":"","ping_status":"","sticky":false,"template":"","format":"standard","meta":{"footnotes":""},"categories":[2819],"tags":[1111,11,1777,674,1011,27,3434,12,2401,882,25],"class_list":{"0":"post-610316","1":"post","2":"type-post","3":"status-publish","4":"format-standard","5":"has-post-thumbnail","7":"category-nice","8":"tag-actu","9":"tag-actualites","10":"tag-eu","11":"tag-europe","12":"tag-fr","13":"tag-france","14":"tag-municipales-2026","15":"tag-news","16":"tag-nice","17":"tag-provence-alpes-cote-dazur","18":"tag-republique-francaise"},"share_on_mastodon":{"url":"https:\/\/pubeurope.com\/@fr\/115748300742789228","error":""},"_links":{"self":[{"href":"https:\/\/www.europesays.com\/fr\/wp-json\/wp\/v2\/posts\/610316","targetHints":{"allow":["GET"]}}],"collection":[{"href":"https:\/\/www.europesays.com\/fr\/wp-json\/wp\/v2\/posts"}],"about":[{"href":"https:\/\/www.europesays.com\/fr\/wp-json\/wp\/v2\/types\/post"}],"author":[{"embeddable":true,"href":"https:\/\/www.europesays.com\/fr\/wp-json\/wp\/v2\/users\/2"}],"replies":[{"embeddable":true,"href":"https:\/\/www.europesays.com\/fr\/wp-json\/wp\/v2\/comments?post=610316"}],"version-history":[{"count":0,"href":"https:\/\/www.europesays.com\/fr\/wp-json\/wp\/v2\/posts\/610316\/revisions"}],"wp:featuredmedia":[{"embeddable":true,"href":"https:\/\/www.europesays.com\/fr\/wp-json\/wp\/v2\/media\/610317"}],"wp:attachment":[{"href":"https:\/\/www.europesays.com\/fr\/wp-json\/wp\/v2\/media?parent=610316"}],"wp:term":[{"taxonomy":"category","embeddable":true,"href":"https:\/\/www.europesays.com\/fr\/wp-json\/wp\/v2\/categories?post=610316"},{"taxonomy":"post_tag","embeddable":true,"href":"https:\/\/www.europesays.com\/fr\/wp-json\/wp\/v2\/tags?post=610316"}],"curies":[{"name":"wp","href":"https:\/\/api.w.org\/{rel}","templated":true}]}}