{"id":610318,"date":"2025-12-19T21:14:12","date_gmt":"2025-12-19T21:14:12","guid":{"rendered":"https:\/\/www.europesays.com\/fr\/610318\/"},"modified":"2025-12-19T21:14:12","modified_gmt":"2025-12-19T21:14:12","slug":"nice-fait-sa-revolution-nouveau-changement-annonce-officiel","status":"publish","type":"post","link":"https:\/\/www.europesays.com\/fr\/610318\/","title":{"rendered":"Nice fait sa r\u00e9volution : nouveau changement annonc\u00e9 (OFFICIEL)"},"content":{"rendered":"<p>L&rsquo;OGC Nice va poursuivre cette saison<br \/>\n2025-26 avec un organigramme largement remani\u00e9.<\/p>\n<p>Apr\u00e8s 9 d\u00e9faites cons\u00e9cutives toutes comp\u00e9titions confondues et<br \/>\nde violents d\u00e9bordements, l\u2019<a href=\"https:\/\/www.football365.fr\/equipe\/nice-42412.shtml\" target=\"_blank\" rel=\"noopener\"><strong>OGC<br \/>\nNice<\/strong><\/a> est plong\u00e9 dans une crise profonde \u00e0 tous les<br \/>\nniveaux. Le propri\u00e9taire du club azur\u00e9en a pris une d\u00e9cision forte<br \/>\nen modifiant l\u2019organigramme pour la suite de cette saison. Le<br \/>\npr\u00e9sident d\u00e9l\u00e9gu\u00e9 Fabrice Bocquet quitte son poste et laisse sa<br \/>\nplace \u00e0 Jean-Pierre Riv\u00e8re, son pr\u00e9d\u00e9cesseur, qui fait son grand<br \/>\nretour aux affaires. Engag\u00e9 par ailleurs en politique, Riv\u00e8re sera<br \/>\nassist\u00e9 par Maurice Cohen, lui aussi ancien pr\u00e9sident du Gym<br \/>\n(2002-2009).<\/p>\n<p class=\"par1\">\u00ab\u00a0L\u2019OGC Nice et Fabrice Bocquet annoncent<br \/>\navoir d\u00e9cid\u00e9 d\u2019un commun accord de mettre un terme \u00e0 leur<br \/>\ncollaboration, peut-on lire dans un communiqu\u00e9 de l\u2019OGCN.<br \/>\nApr\u00e8s trois ans et demi au poste de Directeur G\u00e9n\u00e9ral puis<br \/>\nPr\u00e9sident, Fabrice Bocquet quitte ses fonctions \u00e0 compter de ce<br \/>\njour. Dans un esprit de responsabilit\u00e9 et de dialogue constructif,<br \/>\nles deux parties ont estim\u00e9 qu\u2019il \u00e9tait opportun d\u2019ouvrir un<br \/>\nnouveau cycle pour permettre au Club de retrouver une dynamique<br \/>\nconforme \u00e0 ses objectifs\u00a0\u00bb.<\/p>\n<p>Nice veut \u2018insuffler une nouvelle impulsion\u00a0\u00bb<\/p>\n<p>Faire du neuf avec du vieux, c\u2019est la direction prise par l\u2019OGC<br \/>\nNice pour tenter de redresser la barre. \u00ab\u00a0Afin d\u2019assurer<br \/>\nla continuit\u00e9 et d\u2019insuffler une nouvelle impulsion, l\u2019OGC Nice<br \/>\nannonce la nomination de deux anciens Pr\u00e9sidents, profond\u00e9ment<br \/>\nattach\u00e9s au Club : Jean-Pierre Riv\u00e8re et Maurice Cohen,<br \/>\nrespectivement Pr\u00e9sident et Vice-Pr\u00e9sident d\u00e9l\u00e9gu\u00e9 qui ont en effet<br \/>\nd\u00e9cid\u00e9 d\u2019unir leurs forces pour servir l\u2019Institution dans un moment<br \/>\ncomplexe. Pleinement conscient de la situation complexe du Club,<br \/>\nINEOS a ainsi mis en place les conditions d\u2019un rebond collectif.<br \/>\nDans une conjoncture sportive d\u00e9licate, le Club a fait le choix de<br \/>\nrassembler toute son \u00e9nergie autour d\u2019un objectif unique : aider<br \/>\nl\u2019OGC Nice \u00e0 traverser cette p\u00e9riode et \u00e0 retrouver une dynamique<br \/>\nconforme \u00e0 ses ambitions\u00a0\u00bb, a conclu le club.<\/p>\n<blockquote class=\"twitter-tweet\"><p><a class=\"twitter-link\" rel=\"noindex, nofollow noopener\" href=\"https:\/\/twitter.com\/ogcnice\/status\/2001996939135795287\" target=\"_blank\"><\/p><\/blockquote>\n<p><script async src=\"https:\/\/platform.twitter.com\/widgets.js\" charset=\"utf-8\"><\/script><\/p>\n","protected":false},"excerpt":{"rendered":"L&rsquo;OGC Nice va poursuivre cette saison 2025-26 avec un organigramme largement remani\u00e9. Apr\u00e8s 9 d\u00e9faites cons\u00e9cutives toutes comp\u00e9titions&hellip;\n","protected":false},"author":2,"featured_media":610319,"comment_status":"","ping_status":"","sticky":false,"template":"","format":"standard","meta":{"footnotes":""},"categories":[2819],"tags":[1111,11,1777,674,1011,27,12,2401,882,25],"class_list":{"0":"post-610318","1":"post","2":"type-post","3":"status-publish","4":"format-standard","5":"has-post-thumbnail","7":"category-nice","8":"tag-actu","9":"tag-actualites","10":"tag-eu","11":"tag-europe","12":"tag-fr","13":"tag-france","14":"tag-news","15":"tag-nice","16":"tag-provence-alpes-cote-dazur","17":"tag-republique-francaise"},"share_on_mastodon":{"url":"https:\/\/pubeurope.com\/@fr\/115748304610837044","error":""},"_links":{"self":[{"href":"https:\/\/www.europesays.com\/fr\/wp-json\/wp\/v2\/posts\/610318","targetHints":{"allow":["GET"]}}],"collection":[{"href":"https:\/\/www.europesays.com\/fr\/wp-json\/wp\/v2\/posts"}],"about":[{"href":"https:\/\/www.europesays.com\/fr\/wp-json\/wp\/v2\/types\/post"}],"author":[{"embeddable":true,"href":"https:\/\/www.europesays.com\/fr\/wp-json\/wp\/v2\/users\/2"}],"replies":[{"embeddable":true,"href":"https:\/\/www.europesays.com\/fr\/wp-json\/wp\/v2\/comments?post=610318"}],"version-history":[{"count":0,"href":"https:\/\/www.europesays.com\/fr\/wp-json\/wp\/v2\/posts\/610318\/revisions"}],"wp:featuredmedia":[{"embeddable":true,"href":"https:\/\/www.europesays.com\/fr\/wp-json\/wp\/v2\/media\/610319"}],"wp:attachment":[{"href":"https:\/\/www.europesays.com\/fr\/wp-json\/wp\/v2\/media?parent=610318"}],"wp:term":[{"taxonomy":"category","embeddable":true,"href":"https:\/\/www.europesays.com\/fr\/wp-json\/wp\/v2\/categories?post=610318"},{"taxonomy":"post_tag","embeddable":true,"href":"https:\/\/www.europesays.com\/fr\/wp-json\/wp\/v2\/tags?post=610318"}],"curies":[{"name":"wp","href":"https:\/\/api.w.org\/{rel}","templated":true}]}}