{"id":610326,"date":"2025-12-19T21:19:20","date_gmt":"2025-12-19T21:19:20","guid":{"rendered":"https:\/\/www.europesays.com\/fr\/610326\/"},"modified":"2025-12-19T21:19:20","modified_gmt":"2025-12-19T21:19:20","slug":"lautoroute-a10-coupee-pendant-deux-heures-en-direction-de-bordeaux-a-la-suite-dun-carambolage","status":"publish","type":"post","link":"https:\/\/www.europesays.com\/fr\/610326\/","title":{"rendered":"l\u2019autoroute A10 coup\u00e9e pendant deux heures en direction de Bordeaux \u00e0 la suite d\u2019un carambolage"},"content":{"rendered":"<p>Un accident impliquant plusieurs voitures est survenu, le vendredi 19\u00a0d\u00e9cembre 2025 en fin d\u2019apr\u00e8s-midi, sur l\u2019autoroute A10 <a target=\"_self\" href=\"https:\/\/www.lanouvellerepublique.fr\/charente-maritime\" rel=\"noopener\">en Charente-Maritime<\/a>, entre les \u00e9changeurs de La\u00a0Rochelle-Niort, le n\u00b0\u00a033, et de Saint-Jean-d\u2019Ang\u00e9ly, le n\u00b0\u00a034\u00a0: cette collision \u00ab\u00a0entra\u00eene une interruption de la circulation dans ce secteur pour l\u2019ensemble des v\u00e9hicules en direction de Bordeaux\u00a0\u00bb, a inform\u00e9 l\u2019op\u00e9rateur Vinci Autoroutes dans un communiqu\u00e9 de presse diffus\u00e9 un peu avant 19\u00a0h. D\u2019apr\u00e8s Bison fut\u00e9, ce qui serait un carambolage concernerait sept automobiles \u00e0 hauteur de La Ben\u00e2te, commune d\u00e9l\u00e9gu\u00e9e d\u2019Essouvert situ\u00e9e au nord de Saint-Jean-d\u2019Ang\u00e9ly.<\/p>\n<p>Afin de faciliter l\u2019intervention des secours, Vinci Autoroutes a mis en place des mesures provisoires de circulation d\u00e8s 18\u00a0h\u00a015 vers le sud, \u00e0 savoir une entr\u00e9e interdite et une sortie obligatoire \u00e0 tous les v\u00e9hicules \u00e0 La\u00a0Rochelle-Niort n\u00b0\u00a033.\u00a0La r\u00e9ouverture a \u00e9t\u00e9 annonc\u00e9e vers 20\u00a0h\u00a020, non sans quelques mesures toujours en vigueur. Le bouchon qui s\u2019\u00e9tait form\u00e9, atteignant pr\u00e8s de sept kilom\u00e8tres, \u00e9tait r\u00e9sorb\u00e9 un peu avant 21\u00a0h.<\/p>\n","protected":false},"excerpt":{"rendered":"Un accident impliquant plusieurs voitures est survenu, le vendredi 19\u00a0d\u00e9cembre 2025 en fin d\u2019apr\u00e8s-midi, sur l\u2019autoroute A10 en&hellip;\n","protected":false},"author":2,"featured_media":610327,"comment_status":"","ping_status":"","sticky":false,"template":"","format":"standard","meta":{"footnotes":""},"categories":[2817],"tags":[1392,3085,1111,11,7480,1997,2218,2545,1777,674,274,1011,27,3381,12,2219,1311,25,1584],"class_list":{"0":"post-610326","1":"post","2":"type-post","3":"status-publish","4":"format-standard","5":"has-post-thumbnail","7":"category-bordeaux","8":"tag-a-la-une-local","9":"tag-accidents","10":"tag-actu","11":"tag-actualites","12":"tag-autoroutes","13":"tag-bordeaux","14":"tag-charente-maritime","15":"tag-deux-sevres","16":"tag-eu","17":"tag-europe","18":"tag-faits-divers-justice","19":"tag-fr","20":"tag-france","21":"tag-gendarmerie","22":"tag-news","23":"tag-nouvelle-aquitaine","24":"tag-pompiers","25":"tag-republique-francaise","26":"tag-vienne"},"share_on_mastodon":{"url":"https:\/\/pubeurope.com\/@fr\/115748324260429904","error":""},"_links":{"self":[{"href":"https:\/\/www.europesays.com\/fr\/wp-json\/wp\/v2\/posts\/610326","targetHints":{"allow":["GET"]}}],"collection":[{"href":"https:\/\/www.europesays.com\/fr\/wp-json\/wp\/v2\/posts"}],"about":[{"href":"https:\/\/www.europesays.com\/fr\/wp-json\/wp\/v2\/types\/post"}],"author":[{"embeddable":true,"href":"https:\/\/www.europesays.com\/fr\/wp-json\/wp\/v2\/users\/2"}],"replies":[{"embeddable":true,"href":"https:\/\/www.europesays.com\/fr\/wp-json\/wp\/v2\/comments?post=610326"}],"version-history":[{"count":0,"href":"https:\/\/www.europesays.com\/fr\/wp-json\/wp\/v2\/posts\/610326\/revisions"}],"wp:featuredmedia":[{"embeddable":true,"href":"https:\/\/www.europesays.com\/fr\/wp-json\/wp\/v2\/media\/610327"}],"wp:attachment":[{"href":"https:\/\/www.europesays.com\/fr\/wp-json\/wp\/v2\/media?parent=610326"}],"wp:term":[{"taxonomy":"category","embeddable":true,"href":"https:\/\/www.europesays.com\/fr\/wp-json\/wp\/v2\/categories?post=610326"},{"taxonomy":"post_tag","embeddable":true,"href":"https:\/\/www.europesays.com\/fr\/wp-json\/wp\/v2\/tags?post=610326"}],"curies":[{"name":"wp","href":"https:\/\/api.w.org\/{rel}","templated":true}]}}