{"id":610348,"date":"2025-12-19T21:33:13","date_gmt":"2025-12-19T21:33:13","guid":{"rendered":"https:\/\/www.europesays.com\/fr\/610348\/"},"modified":"2025-12-19T21:33:13","modified_gmt":"2025-12-19T21:33:13","slug":"un-nouveau-restaurant-a-paris-pour-anne-sophie-pic","status":"publish","type":"post","link":"https:\/\/www.europesays.com\/fr\/610348\/","title":{"rendered":"Un nouveau restaurant \u00e0 Paris pour Anne-Sophie Pic"},"content":{"rendered":"<p>\n    La chef triple \u00e9toil\u00e9e de Valence remplace sa Dame de Pic de la capitale par une nouvelle table, dot\u00e9e d\u2019un bar, dans la Fondation Cartier, \u00e0 partir de l\u2019automne 2026.<\/p>\n<p class=\"fig-paragraph\">Une nouvelle aventure parisienne se dessine pour la femme chef la plus \u00e9toil\u00e9e au monde. Courant 2026,\u00a0<a href=\"https:\/\/avis-vin.lefigaro.fr\/accords-mets-vins\/en-proposant-des-boissons-sans-alcool-j-ai-multiplie-par-trois-les-ventes-de-vin-le-pari-reussi-de-la-sommeliere-paz-levinson-et-de-la-chef-anne-sophie-pic-20251219\" target=\"_blank\" data-fig-type=\"Article\" rel=\"sponsored noopener\" data-gtm-custom-categorie=\"navigation\" data-gtm-custom-action=\"crossclick\" data-gtm-custom-label=\"Contextuel\" data-gtm-event=\"customEventSPE\" data-fig-domain=\"AVIS_VIN\">Anne-Sophie Pic<\/a>\u00a0fermera ainsi son restaurant 1-\u00e9toile, la Dame de Pic Paris, lanc\u00e9 en 2012 rue du Louvre (1er). Mais la quinquag\u00e9naire en ouvrira un autre, dans le m\u00eame arrondissement, \u00e0 l\u2019automne, dans les espaces de la Fondation Cartier pour l\u2019art contemporain, install\u00e9e depuis octobre dernier rue de Rivoli.<\/p>\n<p class=\"fig-paragraph\">\u00abDans cet \u00e9crin d\u2019exception, les convives seront invit\u00e9s \u00e0 d\u00e9couvrir de nouvelles cr\u00e9ations culinaires sign\u00e9es Anne-Sophie Pic, inspir\u00e9es par sa philosophie de l\u2019Impr\u00e9gnation.\u00bb indique l\u2019\u00e9quipe de la chef, qui souhaite un nouveau d\u00e9part, dans un communiqu\u00e9.<\/p>\n<p>                                            <a class=\"fig-a11y-skip\" href=\"#fig-a11y-skip-main-inarticle\" data-module=\"a11y-skip\" data-context=\"was @visible\"><br \/>\n    Passer la publicit\u00e9<br \/>\n<\/a>            <\/p>\n<p class=\"fig-paragraph\">Si la nature du restaurant n\u2019est pas pr\u00e9cis\u00e9e pour le moment, un bar est aussi annonc\u00e9 o\u00f9 Anne-Sophie Pic aura l\u2019occasion de pr\u00e9senter les travaux sur la mixologie qu\u2019elle effectue avec Paz Levinson, sommeli\u00e8re du groupe Pic.<\/p>\n<p class=\"fig-paragraph\">Outre son vaisseau amiral triple \u00e9toil\u00e9 de Valence, o\u00f9 elle poss\u00e8de aussi un h\u00f4tel et le Bistrot Andr\u00e9, Anne-Sophie Pic est pr\u00e9sente \u00e0 l\u2019\u00e9tranger avec quatre adresses \u00e0 Lausanne, Hongkong, Duba\u00ef et Bangkok. Elle signe par ailleurs la carte de caf\u00e9s et restaurants pour la maison Dior en Chine et au Japon.<\/p>\n","protected":false},"excerpt":{"rendered":"La chef triple \u00e9toil\u00e9e de Valence remplace sa Dame de Pic de la capitale par une nouvelle table,&hellip;\n","protected":false},"author":2,"featured_media":610349,"comment_status":"","ping_status":"","sticky":false,"template":"","format":"standard","meta":{"footnotes":""},"categories":[1888],"tags":[1111,1928,11,1927,72129,1777,674,60963,1011,27,12,1926,626,1925,25],"class_list":{"0":"post-610348","1":"post","2":"type-post","3":"status-publish","4":"format-standard","5":"has-post-thumbnail","7":"category-paris","8":"tag-actu","9":"tag-actu-paris","10":"tag-actualites","11":"tag-actualites-paris","12":"tag-anne-sophie-pic","13":"tag-eu","14":"tag-europe","15":"tag-fondation-cartier","16":"tag-fr","17":"tag-france","18":"tag-news","19":"tag-news-paris","20":"tag-paris","21":"tag-paris-news","22":"tag-republique-francaise"},"share_on_mastodon":{"url":"https:\/\/pubeurope.com\/@fr\/115748379307938520","error":""},"_links":{"self":[{"href":"https:\/\/www.europesays.com\/fr\/wp-json\/wp\/v2\/posts\/610348","targetHints":{"allow":["GET"]}}],"collection":[{"href":"https:\/\/www.europesays.com\/fr\/wp-json\/wp\/v2\/posts"}],"about":[{"href":"https:\/\/www.europesays.com\/fr\/wp-json\/wp\/v2\/types\/post"}],"author":[{"embeddable":true,"href":"https:\/\/www.europesays.com\/fr\/wp-json\/wp\/v2\/users\/2"}],"replies":[{"embeddable":true,"href":"https:\/\/www.europesays.com\/fr\/wp-json\/wp\/v2\/comments?post=610348"}],"version-history":[{"count":0,"href":"https:\/\/www.europesays.com\/fr\/wp-json\/wp\/v2\/posts\/610348\/revisions"}],"wp:featuredmedia":[{"embeddable":true,"href":"https:\/\/www.europesays.com\/fr\/wp-json\/wp\/v2\/media\/610349"}],"wp:attachment":[{"href":"https:\/\/www.europesays.com\/fr\/wp-json\/wp\/v2\/media?parent=610348"}],"wp:term":[{"taxonomy":"category","embeddable":true,"href":"https:\/\/www.europesays.com\/fr\/wp-json\/wp\/v2\/categories?post=610348"},{"taxonomy":"post_tag","embeddable":true,"href":"https:\/\/www.europesays.com\/fr\/wp-json\/wp\/v2\/tags?post=610348"}],"curies":[{"name":"wp","href":"https:\/\/api.w.org\/{rel}","templated":true}]}}