{"id":610354,"date":"2025-12-19T21:36:30","date_gmt":"2025-12-19T21:36:30","guid":{"rendered":"https:\/\/www.europesays.com\/fr\/610354\/"},"modified":"2025-12-19T21:36:30","modified_gmt":"2025-12-19T21:36:30","slug":"extraits-choisis-de-la-conference-de-presse-de-vladimir-poutine","status":"publish","type":"post","link":"https:\/\/www.europesays.com\/fr\/610354\/","title":{"rendered":"extraits choisis de la conf\u00e9rence de presse de Vladimir Poutine"},"content":{"rendered":"<p class=\"intro\">Comme chaque ann\u00e9e, Vladimir Poutine s\u2019est livr\u00e9, ce vendredi 19 d\u00e9cembre, \u00e0 un bilan t\u00e9l\u00e9vis\u00e9 de l\u2019ann\u00e9e \u00e9coul\u00e9e, qui constitue avant tout une occasion de justifier les grandes orientations de sa politique. Cet exercice annuel est un moment fort de propagande et de construction narrative qui lui permet de manifester, du m\u00eame coup, sa capacit\u00e9 de chef autoritaire \u00e0 r\u00e9pondre directement aux interrogations et aux pr\u00e9occupations de la population, formul\u00e9es par Internet ou par t\u00e9l\u00e9phone, sans s\u2019embarrasser d\u2019aucun interm\u00e9diaire.<\/p>\n<p class=\"intro\">Les questions de cette nouvelle \u00e9dition portaient, comme d\u2019ordinaire, sur les sujets les plus divers, au gr\u00e9 des int\u00e9r\u00eats des t\u00e9l\u00e9spectateurs et des journalistes, soigneusement filtr\u00e9s par le Kremlin. Ainsi, des remarques importantes sur la politique nationale et internationale de la Russie se retrouvaient parfois noy\u00e9es au milieu de consid\u00e9rations sur le prix du poisson ou l\u2019annonce du passage d\u2019une com\u00e8te \u00e0 proximit\u00e9 de la Terre.\u00a0<\/p>\n<p class=\"intro\">De ces quatre heures et demie d\u2019entretien, docilement mis en sc\u00e8ne par les pr\u00e9sentateurs Ekaterina Berezovska\u00efa et Pavel Zaroubine, nous retenons cinq points essentiels, dont deux r\u00e9ponses de Vladimir Poutine \u00e0 des questions ouvertement critiques de journalistes \u00e9trangers, ainsi qu\u2019un cadre narratif d\u2019inversion totale\u00a0: alors que la Russie poursuit son agression en Ukraine, Vladimir Poutine d\u00e9clare\u00a0: \u00ab\u00a0J\u2019aimerais \u00e9norm\u00e9ment que, d\u00e8s l\u2019ann\u00e9e prochaine, nous puissions tous vivre en paix, sans aucun conflit arm\u00e9 \u00e0 l\u2019horizon. C\u2019est notre souhait commun et nous nous effor\u00e7ons de r\u00e9soudre tous les diff\u00e9rends par la n\u00e9gociation.\u00a0\u00bb<\/p>\n<p>1 \u2014 La vassalisation europ\u00e9enne et la nouvelle strat\u00e9gie imp\u00e9riale am\u00e9ricaine<\/p>\n<p>Je pense que le public sera d\u2019accord avec moi pour dire que nous avons \u00e9t\u00e9 t\u00e9moins, au cours de ces derni\u00e8res ann\u00e9es, de beaucoup trop de d\u00e9cisions et de d\u00e9clarations invraisemblables de la part des repr\u00e9sentants europ\u00e9ens. Selon vous, pourquoi ce soutien obstin\u00e9 au r\u00e9gime de Kiev\u00a0? Manifestement, ce ne sont ni les droits de l\u2019Homme, ni les valeurs europ\u00e9ennes qui sont en jeu. On a bien plut\u00f4t l\u2019impression d\u2019un soutien aveugle, au point d\u2019entrer en conflit avec le pr\u00e9sident des \u00c9tats-Unis.\u00a0<\/p>\n<p>Pourquoi m\u00e8nent-ils une politique aussi obstin\u00e9e, aussi aveugle, comme vous l\u2019avez dit\u00a0?\u00a0<\/p>\n<p>C\u2019est exactement ce que je viens d\u2019expliquer \u00e0 votre coll\u00e8gue de la BBC\u00a0: pour couvrir leurs erreurs en mati\u00e8re de politique int\u00e9rieure, d\u2019\u00e9conomie, de finances, etc. Selon moi, c\u2019est la premi\u00e8re et la principale raison.<\/p>\n<p>Par ailleurs, je pense qu\u2019ils sont tomb\u00e9s dans une orni\u00e8re, comme on dit \u00e0 propos des routes. Une fois qu\u2019on est pris dans l\u2019orni\u00e8re, difficile de bifurquer \u00e0 gauche ou \u00e0 droite pour en sortir.\u00a0<\/p>\n<p>Quant aux conflits avec le pr\u00e9sident des \u00c9tats-Unis, il n\u2019y a rien d\u2019inattendu ni de surprenant ici. Qu\u2019est-ce qui vous para\u00eet surprenant\u00a0? \u00c0 mes yeux, tout est clair. Et je pense que la chose est claire pour n\u2019importe quel observateur, sans m\u00eame \u00eatre sp\u00e9cialiste de la politique am\u00e9ricaine\u00a0: il se trouve que les \u00e9lites politiques europ\u00e9ennes ont tout mis\u00e9 sur le Parti d\u00e9mocrate, sur Mme Harris, lors des \u00e9lections pr\u00e9sidentielles, et qu\u2019elles l\u2019ont m\u00eame fait de mani\u00e8re explicite, pour ne pas dire insolente.<\/p>\n<p>On a dans le pass\u00e9 accus\u00e9 Trump d\u2019avoir b\u00e9n\u00e9fici\u00e9 d\u2019ing\u00e9rences russes lors des \u00e9lections. Rien n\u2019a pu \u00eatre confirm\u00e9, aucune enqu\u00eate du Congr\u00e8s n\u2019a donn\u00e9 le moindre r\u00e9sultat. Il n\u2019y avait eu ni collaboration, ni ing\u00e9rence de la part de la Russie, et voil\u00e0 que les \u00e9lites europ\u00e9ennes intervenaient directement, ouvertement, au vu et au su de tous.\u00a0<\/p>\n<p>Aujourd\u2019hui encore, elles continuent d\u2019esp\u00e9rer que les \u00e9lections de mi-mandat \u00e0 l\u2019automne prochain redessineront en profondeur le paysage politique am\u00e9ricain, afin de retrouver leurs alli\u00e9s traditionnels et de pouvoir exercer ainsi davantage de pression sur le pr\u00e9sident Trump. Voil\u00e0 la raison profonde de leur attitude. Du moins dans l\u2019attente d\u2019un changement politique aux \u00c9tats-Unis.\u00a0<\/p>\n<p>Quant \u00e0 certains responsables politiques en particulier, si vous voulez mon avis, ils se comportent d\u2019une mani\u00e8re relativement agressive, et m\u00eame assez peu professionnelle.<\/p>\n<p>Quant aux d\u00e9clarations agressives \u00e0 notre \u00e9gard, je dois dire que je les observe et que je m\u2019en \u00e9tonne moi-m\u00eame. Je connais personnellement, par exemple, le secr\u00e9taire g\u00e9n\u00e9ral actuel de l\u2019OTAN, M. Rutte, l\u2019ancien Premier ministre des Pays-Bas. Je l\u2019ai rencontr\u00e9 autrefois lors d\u2019une visite, nous avons pu \u00e9changer. C\u2019est un homme intelligent. En tant que Premier ministre, il s\u2019est montr\u00e9 non seulement intelligent, mais aussi syst\u00e9matique, efficace. Si l\u2019\u00e9conomie des Pays-Bas se porte si bien aujourd\u2019hui, c\u2019est en partie gr\u00e2ce \u00e0 lui.<\/p>\n<p>Et qu\u2019est-ce qui le prend tout d\u2019un coup\u00a0? \u00ab\u00a0Il faut se pr\u00e9parer \u00e0 la guerre contre la Russie.\u00a0\u00bb\u00a0<\/p>\n<p>J\u2019ai envie de lui dire\u00a0: \u00ab\u00a0Mais qu\u2019est-ce que tu racontes, quelle guerre avec la Russie\u00a0?\u00a0\u00bb. Tu sais lire, bon sang\u00a0? Regarde donc la nouvelle Strat\u00e9gie de s\u00e9curit\u00e9 nationale des \u00c9tats-Unis. Qu\u2019est-ce qui est \u00e9crit\u00a0? Que les \u00c9tats-Unis sont le principal acteur de l\u2019OTAN, que les \u00c9tats-Unis sont le fondateur de l\u2019OTAN, son principal financeur, la source de la plupart des fonds, des technologies militaires, des armes, des munitions. Tout vient d\u2019eux\u00a0: c\u2019est le principe. Or, dans la nouvelle strat\u00e9gie, la Russie n\u2019est pas pr\u00e9sent\u00e9e comme un pays ennemi, ni m\u00eame comme une cible. Et pourtant le secr\u00e9taire g\u00e9n\u00e9ral de l\u2019OTAN se pr\u00e9pare \u00e0 la guerre contre nous\u00a0? Qu\u2019est-ce que c\u2019est que cette histoire\u00a0? Est-ce que vous savez lire\u00a0?\u00a0! Comment est-ce que vous comptez pousser l\u2019OTAN \u00e0 la guerre contre la Russie si le principal contributeur de l\u2019OTAN ne nous consid\u00e8re ni comme un adversaire, ni comme un ennemi\u00a0?\u00a0<\/p>\n<p>Je ne sais pas, \u00e0 ce niveau, c\u2019est un probl\u00e8me de formation professionnelle. Quand on exerce des fonctions pareilles, il faut un peu de m\u00e9thode et de perspicacit\u00e9. Et je ne parle pas seulement du secr\u00e9taire g\u00e9n\u00e9ral\u00a0; cela vaut aussi pour de nombreux autres dirigeants occidentaux.\u00a0<\/p>\n<p>    <a data-pswp-src=\"https:\/\/legrandcontinent.eu\/fr\/wp-content\/uploads\/sites\/2\/2025\/12\/SIPA_01244999_000308-scaled.jpg\" class=\"inline-block gallery-item no-underline \" data-pswp-width=\"2560\" data-pswp-height=\"1707\"><br \/>\n                        &#13;<br \/>\n                    &#13;<br \/>\n                    &#13;<br \/>\n                    &#13;<br \/>\n                    &#13;<br \/>\n                    &#13;<br \/>\n                    &#13;<br \/>\n                <img decoding=\"async\" src=\"https:\/\/www.europesays.com\/fr\/wp-content\/uploads\/2025\/12\/SIPA_01244999_000308-125x83.jpg\"\/>&#13;<br \/>\n        &#13;<\/p>\n<p>            <\/a><\/p>\n<p><strong>2 \u2014 Le rejet du plan Trump\u00a0<\/strong><\/p>\n<p>Monsieur le pr\u00e9sident, je souhaiterais vous interroger sur vos relations avec le pr\u00e9sident Trump et les \u00c9tats-Unis. Le pr\u00e9sident Trump a un plan de paix qui propose \u00e0 l\u2019Ukraine de faire de larges compromis, mais vous continuez \u00e0 parler de guerre. Monsieur le pr\u00e9sident, si vous refusez le plan de paix du pr\u00e9sident Trump, vous estimerez-vous responsable de la mort d\u2019Ukrainiens et de Russes en 2026\u00a0?\u00a0<\/p>\n<p>Nous ne nous consid\u00e9rons pas comme responsables de la perte de vies humaines, puisque ce n\u2019est pas nous qui avons commenc\u00e9 cette guerre. Cette guerre a commenc\u00e9 apr\u00e8s le coup d\u2019\u00c9tat qui a eu lieu en Ukraine, le coup d\u2019\u00c9tat arm\u00e9 et anticonstitutionnel de 2014, suivi du d\u00e9clenchement d\u2019op\u00e9rations militaires des dirigeants du r\u00e9gime de Kiev \u00e0 l\u2019encontre de leurs propres citoyens du sud-est de l\u2019Ukraine.\u00a0<\/p>\n<p>De notre c\u00f4t\u00e9, nous nous sommes abstenus pendant une longue p\u00e9riode de reconna\u00eetre l\u2019autonomie, l\u2019ind\u00e9pendance des r\u00e9publiques alors non reconnues, la R\u00e9publique populaire de Donetsk et la R\u00e9publique populaire de Lougansk. Apr\u00e8s avoir \u00e9t\u00e9 une nouvelle fois tromp\u00e9s et apr\u00e8s avoir constat\u00e9 que les accords de Minsk n\u2019\u00e9taient pas appliqu\u00e9s, nous avons \u00e9t\u00e9 contraints d\u2019engager nos forces arm\u00e9es pour mettre un terme \u00e0 cette guerre d\u00e9clench\u00e9e par le r\u00e9gime de Kiev avec le soutien des pays occidentaux.<\/p>\n<p>Le pr\u00e9sident Trump d\u00e9ploie en effet des efforts cons\u00e9quents pour mettre fin \u00e0 ce conflit. Comme je l\u2019ai soulign\u00e9 \u00e0 de nombreuses reprises, je pense qu\u2019il agit de mani\u00e8re tout \u00e0 fait sinc\u00e8re. De surcro\u00eet, lors de notre rencontre \u00e0 Anchorage, nous sommes tomb\u00e9s d\u2019accord sur ses propositions. Dans ces conditions, il est absolument erron\u00e9 et d\u00e9pourvu de fondement d\u2019affirmer que la Russie rejetterait quoi que ce soit.<\/p>\n<p>Au cours des r\u00e9unions pr\u00e9paratoires qui se sont tenues \u00e0 Moscou, des propositions nous ont \u00e9t\u00e9 adress\u00e9es, ainsi que des demandes de concessions. Une fois \u00e0 Anchorage, j\u2019ai pr\u00e9cis\u00e9 qu\u2019il s\u2019agirait pour nous d\u2019une d\u00e9cision difficile, mais que nous acceptions les compromis propos\u00e9s.\u00a0<\/p>\n<p>Aussi la question repose-t-elle enti\u00e8rement sur nos adversaires occidentaux\u00a0: en premier lieu les dirigeants du r\u00e9gime de Kiev et, dans le cas pr\u00e9sent, leurs principaux soutiens europ\u00e9ens. La balle est dans leur camp et nous sommes, quant \u00e0 nous, pr\u00eats \u00e0 des n\u00e9gociations, pr\u00eats \u00e0 mettre fin \u00e0 ce conflit par des moyens pacifiques.\u00a0<\/p>\n<p>                            <a href=\"#\" data-pswp-src=\"https:\/\/www.europesays.com\/fr\/wp-content\/uploads\/2025\/12\/SIPA_01244999_000032-scaled.jpg\" class=\"gallery-item no-underline  \" data-pswp-width=\"2560\" data-pswp-height=\"1707\"><\/p>\n<p>                            <img decoding=\"async\" src=\"https:\/\/www.europesays.com\/fr\/wp-content\/uploads\/2025\/12\/SIPA_01244999_000032-scaled.jpg\" alt=\"\"\/><\/p>\n<p>                <\/a><\/p>\n<p>                            <a href=\"#\" data-pswp-src=\"https:\/\/www.europesays.com\/fr\/wp-content\/uploads\/2025\/12\/SIPA_01244999_000300-scaled.jpg\" class=\"gallery-item no-underline  lg:!absolute lg:h-full lg:right-0 lg:left-2 overflow-hidden\" data-pswp-width=\"2560\" data-pswp-height=\"1683\"><\/p>\n<p>                            <img decoding=\"async\" src=\"https:\/\/www.europesays.com\/fr\/wp-content\/uploads\/2025\/12\/SIPA_01244999_000300-scaled.jpg\" alt=\"\" class=\"lg:!h-full object-cover\"\/><\/p>\n<p>                <\/a><\/p>\n<p><strong>3 \u2014 L\u2019avenir de la Russie<\/strong><\/p>\n<p>Ma question concerne l\u2019avenir de la Russie. Quel avenir pour votre pays et votre peuple \u00eates-vous en train de construire\u00a0? Dans cet avenir, toute forme de contestation publique de la ligne officielle sera-t-elle punie par la loi, comme c\u2019est le cas aujourd\u2019hui\u00a0? Doit-on s\u2019attendre \u00e0 une intensification de la poursuite des ennemis int\u00e9rieurs et ext\u00e9rieurs\u00a0? Dans cet avenir, le r\u00e9seau mobile du pays conna\u00eetra-t-il des coupures de plus en plus fr\u00e9quentes\u00a0? Conna\u00eetrons-nous de nouvelles op\u00e9rations militaires sp\u00e9ciales ou la Russie choisira-t-elle finalement une autre voie\u00a0?\u00a0<\/p>\n<p>Je me souviens de l\u2019une de vos interventions\u00a0: vous y d\u00e9clariez que notre avenir \u00e0 tous \u00e9tait entre nos mains, entre les mains de tous. Or, dans les faits, en Russie, tout le pouvoir se trouve concentr\u00e9 entre les v\u00f4tres \u2014 ce qui signifie que l\u2019avenir d\u00e9pend en grande partie de votre bon vouloir. D\u2019o\u00f9 ma question\u00a0: quel avenir nous attend\u00a0? La poursuite de ce \u00e0 quoi nous assistons aujourd\u2019hui\u00a0? Je vous remercie.\u00a0<\/p>\n<p>Quel sera l\u2019avenir de la Russie\u00a0? Les actions ou les personnes qui ne sont pas d\u2019accord avec les d\u00e9cisions des autorit\u00e9s seront-elles ch\u00e2ti\u00e9es, comme vous l\u2019avez dit\u00a0? Vous voulez sans doute parler de la fameuse loi, souvent critiqu\u00e9e, sur les agents de l\u2019\u00e9tranger.<\/p>\n<p>Cher coll\u00e8gue, je souhaiterais attirer votre attention sur le fait qu\u2019il ne s\u2019agit en rien d\u2019une invention russe. Cette loi a \u00e9t\u00e9 adopt\u00e9e dans un certain nombre de pays occidentaux, \u00e0 commencer par les \u00c9tats-Unis, et ce d\u00e8s les ann\u00e9es 1930. Tous les avatars de cette loi sont, de surcro\u00eet, beaucoup plus s\u00e9v\u00e8res que sa version russe, y compris dans le cas des \u00c9tats-Unis. Ils pr\u00e9voient des sanctions p\u00e9nales qui vont jusqu\u2019\u00e0 l\u2019emprisonnement pour toute activit\u00e9 de nature politique impliquant un financement \u00e9tranger. Nous n\u2019avons rien de tel. Notre loi ne cr\u00e9e qu\u2019une seule forme d\u2019obligation\u00a0: celle de d\u00e9clarer ses sources de financement si l\u2019on exerce une activit\u00e9 politique. Notre loi ne pr\u00e9voit ni r\u00e9pression, ni poursuites p\u00e9nales.\u00a0<\/p>\n<p>D\u2019ailleurs, si les personnes concern\u00e9es cessent toute forme d\u2019activit\u00e9 politique ou renoncent au financement \u00e9tranger de leurs activit\u00e9s politiques, elles sont retir\u00e9es de ces listes. De nombreux exemples sont l\u00e0 pour le d\u00e9montrer.\u00a0<\/p>\n<p>\u00c0 ce propos\u00a0: qu\u2019en est-il, justement, de la BBC\u00a0? Il y a un proc\u00e8s \u00e0 plusieurs milliards de dollars en cours, un proc\u00e8s du pr\u00e9sident des \u00c9tats-Unis contre la BBC.<\/p>\n<p>C\u2019est leur tambouille interne, cela ne me regarde pas. Je n\u2019ai pas l\u2019intention de remuer le couteau dans la plaie ni m\u00eame d\u2019\u00e9voquer ce th\u00e8me.<\/p>\n<p>Ce dont il faut bien parler, c\u2019est du probl\u00e8me du manque de fiabilit\u00e9 et des manipulations de l\u2019information. C\u2019est un probl\u00e8me \u00e9vident et je pense que le pr\u00e9sident Trump a raison. Mais peu importe ici.\u00a0<\/p>\n<p>Vous m\u2019avez demand\u00e9 s\u2019il y aurait de nouvelles op\u00e9rations militaires sp\u00e9ciales. Il n\u2019y aura aucune op\u00e9ration si vous nous traitez avec respect, si vous respectez notre int\u00e9r\u00eat, comme nous avons constamment tenu \u00e0 respecter le v\u00f4tre. Si vous ne nous bernez pas, comme on nous a bern\u00e9 \u00e0 propos de l\u2019expansion de l\u2019OTAN vers l\u2019Est. On nous a dit qu\u2019il n\u2019y aurait aucune avanc\u00e9e, \u00ab\u00a0m\u00eame pas d\u2019un pouce\u00a0\u00bb, je cite. Et donc\u00a0? Comme le dit l\u2019expression\u00a0: on nous a roul\u00e9s dans la farine. Au plus grand m\u00e9pris de nos int\u00e9r\u00eats en mati\u00e8re de s\u00e9curit\u00e9.<\/p>\n<p>Vous avez cr\u00e9\u00e9 \u2014 pas vous personnellement, bien s\u00fbr, mais les responsables politiques occidentaux \u2014 la configuration actuelle de vos propres mains, pour continuer encore aujourd\u2019hui \u00e0 l\u2019aggraver. Des responsables politiques r\u00e9p\u00e8tent \u00e0 longueur de journ\u00e9e qu\u2019ils se pr\u00e9parent \u00e0 la guerre contre la Russie. Vous [le journaliste de la BBC] vivez en Russie, de ce que j\u2019en sais, depuis plusieurs ann\u00e9es\u00a0: vous comprenez parfaitement le degr\u00e9 d\u2019absurdit\u00e9. Et je pense que ceux qui parlent de guerre avec la Russie le comprennent tout aussi bien. Est-ce que nous avons l\u2019air de nous pr\u00e9parer \u00e0 envahir l\u2019Europe\u00a0? C\u2019est une pure ineptie.<\/p>\n<p>Tous ces discours sont inspir\u00e9s uniquement par des motifs de politique int\u00e9rieure. Leur seule fonction est de cr\u00e9er l\u2019image d\u2019un ennemi. Et si on se sert de la Russie pour cr\u00e9er cette image, c\u2019est pour mieux masquer une longue s\u00e9rie d\u2019erreurs syst\u00e9matiques commises par les gouvernements occidentaux en mati\u00e8re politique et sociale. O\u00f9 en est leur fameux \u00ab\u00a0agenda vert\u00a0\u00bb, \u00e0 l\u2019heure o\u00f9 ils rouvrent les mines de charbon\u00a0? Ils ont ferm\u00e9 leurs centrales nucl\u00e9aires, et maintenant, ils y reviennent. Ils ont commis erreur sur erreur et dissimulent leur responsabilit\u00e9 en mettant tout sur le dos de la malveillante Russie\u00a0; ils d\u00e9tournent l\u2019attention de leur propre population vers l\u2019ext\u00e9rieur, pour qu\u2019on ne regarde pas de trop pr\u00e8s leurs propres \u00e9checs.<\/p>\n<p>Et vos questions, d\u2019ailleurs, sont du m\u00eame ordre. Vous avez d\u00e9clar\u00e9 que l\u2019ensemble du pouvoir se trouvait entre mes mains. Oui, les fonctions de pr\u00e9sident de la F\u00e9d\u00e9ration de Russie s\u2019accompagnent d\u2019un certain nombre de pouvoirs. Or, les limites de ce pouvoir sont clairement \u00e9nonc\u00e9es et \u00e9tablies dans la Constitution de la F\u00e9d\u00e9ration de Russie, dans la Loi fondamentale de notre pays. Lorsque des d\u00e9cisions sont prises au niveau l\u00e9gislatif, il se trouve que je signe les lois correspondantes, comme dans n\u2019importe quel autre pays. J\u2019ai peur de ne pas pouvoir vous citer le pourcentage exact, mais une bonne partie de ces lois revient \u00e0 l\u2019initiative des d\u00e9put\u00e9s de la Douma d\u2019\u00c9tat ou des membres du Conseil de la F\u00e9d\u00e9ration, la chambre haute du Parlement russe. Voil\u00e0 les faits. Oui, \u00e0 l\u2019\u00e9vidence, le pr\u00e9sident de la F\u00e9d\u00e9ration de Russie dispose de pr\u00e9rogatives \u00e9tendues, mais j\u2019estime que la forme pr\u00e9sidentielle de gouvernement se justifie pleinement dans notre pays \u00e0 l\u2019heure actuelle.\u00a0<\/p>\n<p>Je voudrais toutefois conclure sur une autre id\u00e9e. Nous sommes pr\u00eats \u00e0 travailler avec vous, avec la Grande-Bretagne, avec l\u2019Europe tout enti\u00e8re, avec les \u00c9tats-Unis \u00e9galement, mais sur un pied d\u2019\u00e9galit\u00e9 et dans le respect mutuel. Si nous y parvenons enfin, tout le monde en sortira gagnant.\u00a0<\/p>\n<p>Je me souviens d\u2019une conversation \u00e0 laquelle j\u2019ai assist\u00e9. C\u2019\u00e9tait en 1993, l\u2019ancien chancelier de la RFA, M. Kohl, a alors d\u00e9clar\u00e9 que l\u2019avenir de l\u2019Europe, si elle voulait continuer \u00e0 exister en tant que centre de civilisation ind\u00e9pendant, devait n\u00e9cessairement se faire avec la Russie. C\u2019est la chose la plus naturelle\u00a0: nous sommes compl\u00e9mentaires. Nous devons travailler ensemble et nous d\u00e9velopper ensemble, sans quoi l\u2019Europe finira par dispara\u00eetre.\u00a0<\/p>\n<p>Regardez\u00a0: malgr\u00e9 une croissance \u00e9conomique r\u00e9duite \u00e0 1\u00a0% par la lutte contre l\u2019inflation, la Russie occupe encore la quatri\u00e8me place mondiale en parit\u00e9 de pouvoir d\u2019achat, juste derri\u00e8re la Chine, les \u00c9tats-Unis et l\u2019Inde. Apr\u00e8s la Russie viennent le Japon et l\u2019Allemagne. Le Royaume-Uni, que vous repr\u00e9sentez ici, n\u2019occupe malheureusement, de nos jours, que la septi\u00e8me, huiti\u00e8me ou neuvi\u00e8me place.<\/p>\n<p>Si la Russie et l\u2019Europe unissaient leurs efforts, nous aurions un PIB en parit\u00e9 de pouvoir d\u2019achat sup\u00e9rieur \u00e0 celui des \u00c9tats-Unis. Bien s\u00fbr, ce sont de pures suppositions, des conjectures sur le papier, mais il n\u2019en reste pas moins qu\u2019en rassemblant tout notre potentiel commun, nous serions plus prosp\u00e8res, au lieu de nous faire la guerre, comme vous la faites aujourd\u2019hui \u00e0 la Russie. Ce n\u2019est pas nous qui vous faisons la guerre\u00a0; c\u2019est vous qui nous faites la guerre par l\u2019interm\u00e9diaire des nationalistes d\u2019Ukraine.<\/p>\n<p>Je r\u00e9p\u00e8te que nous sommes pr\u00eats \u00e0 mettre fin aux hostilit\u00e9s sous r\u00e9serve de garanties r\u00e9elles de s\u00e9curit\u00e9 pour la Russie, \u00e0 moyen et \u00e0 long terme, et que nous ne sommes pas moins pr\u00eats \u00e0 collaborer \u00e0 l\u2019avenir avec vous.<\/p>\n<p>                            <a href=\"#\" data-pswp-src=\"https:\/\/www.europesays.com\/fr\/wp-content\/uploads\/2025\/12\/SIPA_01244999_000039-scaled.jpg\" class=\"gallery-item no-underline  \" data-pswp-width=\"2560\" data-pswp-height=\"1684\"><\/p>\n<p>                            <img decoding=\"async\" src=\"https:\/\/www.europesays.com\/fr\/wp-content\/uploads\/2025\/12\/SIPA_01244999_000039-scaled.jpg\" alt=\"\"\/><\/p>\n<p>                <\/a><\/p>\n<p>                            <a href=\"#\" data-pswp-src=\"https:\/\/www.europesays.com\/fr\/wp-content\/uploads\/2025\/12\/SIPA_01244999_000074-scaled.jpg\" class=\"gallery-item no-underline  lg:!absolute lg:h-full lg:right-0 lg:left-2 overflow-hidden\" data-pswp-width=\"2560\" data-pswp-height=\"1645\"><\/p>\n<p>                            <img decoding=\"async\" src=\"https:\/\/www.europesays.com\/fr\/wp-content\/uploads\/2025\/12\/SIPA_01244999_000074-scaled.jpg\" alt=\"\" class=\"lg:!h-full object-cover\"\/><\/p>\n<p>                <\/a><\/p>\n<p><strong>4 \u2014 Comment Vladimir Poutine s\u2019informe-t-il de l\u2019\u00e9tat r\u00e9el du pays\u00a0?\u00a0<\/strong><\/p>\n<p>Vous avez r\u00e9cemment racont\u00e9 que vous circuliez parfois incognito dans Moscou au volant de votre voiture. Par ailleurs, lorsque vous vous exprimez lors des r\u00e9unions officielles, ou en ce moment m\u00eame, vous disposez toujours d\u2019un volume consid\u00e9rable d\u2019informations. Ma question est donc la suivante\u00a0: d\u2019o\u00f9 tirez-vous ces informations pr\u00e9cieuses sur les besoins r\u00e9els des gens\u00a0?\u00a0<\/p>\n<p>Ce n\u2019est pas exactement ce que j\u2019ai dit, je n\u2019ai pas affirm\u00e9 que je circulais incognito dans ma voiture \u00e0 Moscou. Cela arrive, mais c\u2019est tr\u00e8s rare. J\u2019ai simplement pr\u00e9cis\u00e9 que je me d\u00e9pla\u00e7ais occasionnellement sans escorte \u2014 de police ou autre. C\u2019\u00e9tait l\u2019id\u00e9e essentielle.\u00a0<\/p>\n<p>Ces d\u00e9placements ne sont pas inutiles\u00a0: m\u00eame depuis la fen\u00eatre de sa voiture, il est int\u00e9ressant d\u2019observer non seulement la route entre Moscou et ma r\u00e9sidence de campagne, mais aussi les diff\u00e9rents quartiers de la capitale. Je suis toujours curieux de voir ce qui se passe alentour.\u00a0<\/p>\n<p>Pour ce qui concerne l\u2019obtention d\u2019informations fiables sur les dynamiques en cours, je dirais que le meilleur instantan\u00e9 sociologique est justement fourni par les \u00e9v\u00e9nements comme celui d\u2019aujourd\u2019hui. Nous en sommes \u00e0 combien\u00a0?\u00a0<\/p>\n<p>Deux millions et demi.\u00a0<\/p>\n<p>Tu te rends compte, Maxime\u00a0? Deux millions et demi de personnes ont particip\u00e9 \u00e0 cette Ligne directe. Bien s\u00fbr, dans le cadre de cette \u00e9mission, il est impossible de traiter et de r\u00e9pondre \u00e0 toutes ces questions. Mais ces 2,5 millions de messages concernent tous les probl\u00e8mes actuels de nos concitoyens. Ils sont trait\u00e9s et analys\u00e9s en amont, en partie au moyen de l\u2019intelligence artificielle [\u2026].<\/p>\n<p>Ensuite, les services sp\u00e9ciaux et les organes de s\u00e9curit\u00e9 me transmettent \u00e9videmment diverses informations \u00e0 mesure qu\u2019ils les re\u00e7oivent. Je t\u00e2che toujours de m\u2019appuyer sur les documents originaux, et non sur des synth\u00e8ses. Et puis il y a les rencontres avec les gens, les rencontres avec nos gars qui reviennent du front, des \u00e9changes directs avec eux. Quand je me retrouve aupr\u00e8s de collectifs de travail lors de mes d\u00e9placements \u00e0 travers le pays, le contact direct avec les gens est aussi une dimension fondamentale. Il cr\u00e9e tout de suite un \u00e9change vivant\u00a0: on prend le pouls de la soci\u00e9t\u00e9, on comprend mieux l\u2019atmosph\u00e8re, les besoins et les demandes des gens.<\/p>\n<p>Et, bien s\u00fbr, il ne faut pas oublier les enqu\u00eates sociologiques. Je comprends que les gens aient des avis assez contrast\u00e9s \u00e0 leur propos, mais il faut bien saisir qu\u2019il s\u2019agit d\u2019outils professionnels. Je comprends que les donn\u00e9es puissent irriter, puisque les chiffres bruts ne correspondent pas toujours \u00e0 l\u2019exp\u00e9rience v\u00e9cue, l\u2019exp\u00e9rience quotidienne des gens. Ils n\u2019en ont pas moins une port\u00e9e, une importance de premier plan pour comprendre ce qui se passe \u00e0 l\u2019\u00e9chelle du pays.\u00a0<\/p>\n<p>Prises ensemble, ces diverses sources fournissent ainsi un tableau suffisamment objectif de la r\u00e9alit\u00e9 des \u00e9v\u00e9nements.\u00a0<\/p>\n<p>                            <a href=\"#\" data-pswp-src=\"https:\/\/www.europesays.com\/fr\/wp-content\/uploads\/2025\/12\/SIPA_01244999_000342-scaled.jpg\" class=\"gallery-item no-underline  lg:!absolute lg:h-full lg:right-2 lg:left-0 overflow-hidden\" data-pswp-width=\"2560\" data-pswp-height=\"1736\"><\/p>\n<p>                            <img decoding=\"async\" src=\"https:\/\/www.europesays.com\/fr\/wp-content\/uploads\/2025\/12\/SIPA_01244999_000342-scaled.jpg\" alt=\"\" class=\"lg:!h-full object-cover\"\/><\/p>\n<p>                <\/a><\/p>\n<p>                            <a href=\"#\" data-pswp-src=\"https:\/\/www.europesays.com\/fr\/wp-content\/uploads\/2025\/12\/SIPA_01244999_000010-scaled.jpg\" class=\"gallery-item no-underline  \" data-pswp-width=\"2560\" data-pswp-height=\"1706\"><\/p>\n<p>                            <img decoding=\"async\" src=\"https:\/\/www.europesays.com\/fr\/wp-content\/uploads\/2025\/12\/SIPA_01244999_000010-scaled.jpg\" alt=\"\"\/><\/p>\n<p>                <\/a><\/p>\n<p>5 \u2014 La Russie, la Serbie et l\u2019OTAN<\/p>\n<p>Excusez-moi de ne pas parler bien russe, mais je pense que vous me comprenez. Vous avez commenc\u00e9 une normalisation [des relations] de la F\u00e9d\u00e9ration de Russie avec les \u00c9tats-Unis. Mais si on regarde tout ce qui se passe, on voit des sanctions contre les soci\u00e9t\u00e9s russes pr\u00e9sentes en Serbie, [dont] NIS. Quels commentaires pouvez-vous faire \u00e0 ce propos et \u00e0 quoi le peuple serbe doit-il s\u2019attendre\u00a0? Une autre question. Peut-on esp\u00e9rer \u00e0 l\u2019avenir une coop\u00e9ration entre la Russie et l\u2019OTAN qui permettrait de vivre normalement, de vivre sans guerre\u00a0? Je crois qu\u2019\u00e0 la prochaine rencontre, l\u2019ann\u00e9e prochaine, nous pourrons parler de paix et non pas de guerre. Merci.<\/p>\n<p>Merci pour cette question. J\u2019aimerais \u00e9norm\u00e9ment que, d\u00e8s l\u2019ann\u00e9e prochaine, nous puissions tous vivre en paix, sans aucun conflit arm\u00e9 \u00e0 l\u2019horizon. C\u2019est, je le r\u00e9p\u00e8te, notre souhait commun et nous nous effor\u00e7ons de r\u00e9soudre tous les diff\u00e9rends par la n\u00e9gociation.<\/p>\n<p>\u00c9videmment, et je pense que vous ne me contredirez pas l\u00e0-dessus, pour qu\u2019aucune situation de ce genre ne se reproduise, pour obtenir une paix stable et durable, il faut attaquer le conflit \u00e0 la racine. C\u2019est ce \u00e0 quoi nous aspirons.\u00a0<\/p>\n<p>Pour ce qui concerne la coop\u00e9ration avec l\u2019OTAN, elle a exist\u00e9. Cependant, \u00e0 l\u2019\u00e9poque, il ne s\u2019agissait pas d\u2019une \u00ab\u00a0coop\u00e9ration\u00a0\u00bb, mais d\u2019une v\u00e9ritable int\u00e9gration de l\u2019Union sovi\u00e9tique, puis de la F\u00e9d\u00e9ration de Russie, \u00e0 l\u2019OTAN. Toutefois, on nous a fait comprendre dans les deux cas que personne ne nous attendait et que les promesses en mati\u00e8re d\u2019expansion de l\u2019OTAN \u00e9taient mensong\u00e8res. Nous avons \u00e9t\u00e9 tromp\u00e9s plus d\u2019une fois, comme l\u2019ont montr\u00e9 les vagues successives d\u2019\u00e9largissement de l\u2019OTAN. Forc\u00e9ment, ce glissement de l\u2019infrastructure militaire en direction de nos fronti\u00e8res a suscit\u00e9 de vives pr\u00e9occupations.<\/p>\n<p>Dans ces conditions, la mise en \u0153uvre d\u2019un nouveau syst\u00e8me de s\u00e9curit\u00e9 en Europe reste une question \u00e9minemment actuelle. Avant l\u2019effondrement d\u00e9finitif de l\u2019Union sovi\u00e9tique, il restait encore en Europe des responsables tout \u00e0 fait avis\u00e9s, notamment des membres \u00e9minents du SPD allemand. Egon Bahr, une figure politique exp\u00e9riment\u00e9e, proposait m\u00eame de cr\u00e9er un nouveau syst\u00e8me de s\u00e9curit\u00e9 en Europe qui ne supposait pas d\u2019\u00e9largissement de l\u2019OTAN, mais plut\u00f4t une participation des \u00c9tats-Unis, des \u00c9tats d\u2019Europe de l\u2019Est et de la Russie, afin de n\u2019exclure personne et de ne placer aucun acteur dans une position inconfortable.\u00a0<\/p>\n<p>Nous ne demandons pas la lune. Nous ne refusons \u00e0 aucun pays le droit de choisir ses moyens de d\u00e9fense, mais ces moyens doivent \u00eatre pens\u00e9s de mani\u00e8re \u00e0 ne menacer personne \u2014 Russie comprise.\u00a0<\/p>\n<p>Nous ne demandons rien de nouveau. Nous nous contentons de r\u00e9clamer le respect des promesses et des engagements pris par nos partenaires occidentaux vis-\u00e0-vis de la Russie. Nous avons \u00e9t\u00e9 bern\u00e9s et ne voulons rien d\u2019autre qu\u2019\u00e9difier \u00e0 l\u2019\u00e9chelle europ\u00e9enne un syst\u00e8me de s\u00e9curit\u00e9 fiable.<\/p>\n<p>\u00c0 pr\u00e9sent, en ce qui concerne NIS, la t\u00e2che est complexe, vous avez raison.\u00a0<\/p>\n<p>Malheureusement, malgr\u00e9 la volont\u00e9 d\u2019apaiser les tensions, la pression des sanctions, l\u2019instrument privil\u00e9gi\u00e9 de la politique du rapport de forces, se poursuit. Elle concerne au m\u00eame titre notre entreprise Gazprom Neft, propri\u00e9taire de NIS, et qui y a investi des sommes consid\u00e9rables, d\u00e9j\u00e0 plus de trois milliards de dollars, pour en faire une entreprise moderne, performante, le principal contributeur fiscal au budget de la Serbie.<\/p>\n<p>Nous sommes conscients des tractations actuellement \u00e0 l\u2019\u0153uvre. Nous avons un accord intergouvernemental avec la Serbie en cas de restrictions touchant cette structure commerciale et partons du postulat que le gouvernement d\u2019un pays-ami comme la Serbie saura s\u2019y tenir et respecter ses engagements. Dans le cas contraire, une question se posera\u00a0: comment continuer \u00e0 investir dans un pays s\u2019il n\u2019y a aucune garantie de s\u00e9curit\u00e9, si m\u00eame les accords intergouvernementaux peuvent \u00eatre pi\u00e9tin\u00e9s\u00a0?\u00a0<\/p>\n<p>    <a data-pswp-src=\"https:\/\/legrandcontinent.eu\/fr\/wp-content\/uploads\/sites\/2\/2025\/12\/SIPA_01244999_000246-scaled.jpg\" class=\"inline-block gallery-item no-underline \" data-pswp-width=\"2560\" data-pswp-height=\"1755\"><br \/>\n                        &#13;<br \/>\n                    &#13;<br \/>\n                    &#13;<br \/>\n                    &#13;<br \/>\n                    &#13;<br \/>\n                    &#13;<br \/>\n                    &#13;<br \/>\n                <img decoding=\"async\" src=\"https:\/\/www.europesays.com\/fr\/wp-content\/uploads\/2025\/12\/SIPA_01244999_000246-125x86.jpg\"\/>&#13;<br \/>\n        &#13;<\/p>\n<p>            <\/a><\/p>\n<p><strong> \u2014 La Russie, la B\u00e9larus et l\u2019Europe<\/strong><\/p>\n<p>Le B\u00e9larus et la Russie sont aujourd\u2019hui tellement synchrones qu\u2019un \u00e9v\u00e9nement important se d\u00e9roule en ce moment m\u00eame dans notre pays\u00a0: le Congr\u00e8s populaire bi\u00e9lorusse. Et, comme notre pr\u00e9sident l\u2019a d\u00e9clar\u00e9\u00a0: \u00ab\u00a0Le B\u00e9larus et la Russie doivent \u00eatre ensemble\u00a0\u00bb. Vous l\u2019avez forc\u00e9ment entendu. De fait, nous nous appuyons sur la puissance russe. En ce moment, le missile Orechnik est mis en service op\u00e9rationnel au B\u00e9larus \u2014 nous vous en sommes reconnaissants \u2014 et les armes nucl\u00e9aires tactiques nous ont \u00e9t\u00e9 restitu\u00e9es. Et pourtant, notre alliance ne pla\u00eet pas \u00e0 tout le monde. C\u2019est \u00e9trange\u2026 Tant\u00f4t, c\u2019est la Lituanie qui ferme ses fronti\u00e8res, tant\u00f4t c\u2019est la Pologne, lorsqu\u2019on ne planifie pas la construction de terrains d\u2019op\u00e9rations ou tout simplement le pillage de nos biens. Nous aussi, nous en souffrons. D\u2019o\u00f9 ma question\u00a0: comment percevez-vous la politique de ces \u00ab\u00a0petits cochons europ\u00e9ens\u00a0\u00bb\u00a0? Et merci au passage pour ce nouveau terme diplomatique. Quelle sera la r\u00e9action de la Russie face aux menaces sur le front oriental de notre Union russo-bi\u00e9lorusse\u00a0?\u00a0<\/p>\n<p>Pour ce qui concerne ce \u00ab\u00a0nouveau terme\u00a0\u00bb, il m\u2019est venu au cours d\u2019un \u00e9change avec des militaires et ne visait personne en particulier. Je ne m\u2019en prends jamais \u00e0 personne individuellement, je ne me permets jamais ce genre de choses. Je faisais r\u00e9f\u00e9rence \u00e0 un \u00ab\u00a0groupe ind\u00e9termin\u00e9 de personnes\u00a0\u00bb, comme disent les juristes. Mais peu importe, la question essentielle ici est celle de nos relations bilat\u00e9rales.<\/p>\n<p>Je n\u2019ai pas manqu\u00e9 de regarder hier en direct l\u2019intervention du pr\u00e9sident bi\u00e9lorusse au Congr\u00e8s, et je tiens \u00e0 le f\u00e9liciter pour cette allocution sensible, vivante et substantielle. Je profite \u00e9galement de cette occasion pour saluer la mani\u00e8re dont il a appr\u00e9ci\u00e9 l\u2019\u00e9tat actuel des relations entre nos deux pays.\u00a0<\/p>\n<p>En ce qui concerne la s\u00e9curit\u00e9, la prise de d\u00e9cision s\u2019effectue \u00e0 la fois de mani\u00e8re bilat\u00e9rale et dans le cadre de l\u2019Organisation du trait\u00e9 de s\u00e9curit\u00e9 collective. Vous avez mentionn\u00e9 le missile Orechnik\u00a0; Alexandre Grigorievitch [Loukachenko] a parl\u00e9 hier du d\u00e9ploiement d\u2019armes tactiques russes, d\u2019armes nucl\u00e9aires tactiques sur le territoire de la B\u00e9larus. Nous organisons r\u00e9guli\u00e8rement des exercices, nous avons constitu\u00e9 un corps de troupes. Nos minist\u00e8res de la D\u00e9fense coop\u00e8rent de la mani\u00e8re la plus \u00e9troite possible. La s\u00e9curit\u00e9 de l\u2019Union russo-bi\u00e9lorusse se trouve entre de bonnes mains\u00a0: celles de nos militaires. Elle sera assur\u00e9e, je vous le garantis.<\/p>\n","protected":false},"excerpt":{"rendered":"Comme chaque ann\u00e9e, Vladimir Poutine s\u2019est livr\u00e9, ce vendredi 19 d\u00e9cembre, \u00e0 un bilan t\u00e9l\u00e9vis\u00e9 de l\u2019ann\u00e9e \u00e9coul\u00e9e,&hellip;\n","protected":false},"author":2,"featured_media":610355,"comment_status":"","ping_status":"","sticky":false,"template":"","format":"standard","meta":{"footnotes":""},"categories":[1591],"tags":[11,1887,12,1885,1886,132],"class_list":{"0":"post-610354","1":"post","2":"type-post","3":"status-publish","4":"format-standard","5":"has-post-thumbnail","7":"category-russie","8":"tag-actualites","9":"tag-federation-de-russie","10":"tag-news","11":"tag-russia","12":"tag-russian-federation","13":"tag-russie"},"share_on_mastodon":{"url":"https:\/\/pubeurope.com\/@fr\/115748392681329183","error":""},"_links":{"self":[{"href":"https:\/\/www.europesays.com\/fr\/wp-json\/wp\/v2\/posts\/610354","targetHints":{"allow":["GET"]}}],"collection":[{"href":"https:\/\/www.europesays.com\/fr\/wp-json\/wp\/v2\/posts"}],"about":[{"href":"https:\/\/www.europesays.com\/fr\/wp-json\/wp\/v2\/types\/post"}],"author":[{"embeddable":true,"href":"https:\/\/www.europesays.com\/fr\/wp-json\/wp\/v2\/users\/2"}],"replies":[{"embeddable":true,"href":"https:\/\/www.europesays.com\/fr\/wp-json\/wp\/v2\/comments?post=610354"}],"version-history":[{"count":0,"href":"https:\/\/www.europesays.com\/fr\/wp-json\/wp\/v2\/posts\/610354\/revisions"}],"wp:featuredmedia":[{"embeddable":true,"href":"https:\/\/www.europesays.com\/fr\/wp-json\/wp\/v2\/media\/610355"}],"wp:attachment":[{"href":"https:\/\/www.europesays.com\/fr\/wp-json\/wp\/v2\/media?parent=610354"}],"wp:term":[{"taxonomy":"category","embeddable":true,"href":"https:\/\/www.europesays.com\/fr\/wp-json\/wp\/v2\/categories?post=610354"},{"taxonomy":"post_tag","embeddable":true,"href":"https:\/\/www.europesays.com\/fr\/wp-json\/wp\/v2\/tags?post=610354"}],"curies":[{"name":"wp","href":"https:\/\/api.w.org\/{rel}","templated":true}]}}