{"id":610356,"date":"2025-12-19T21:37:26","date_gmt":"2025-12-19T21:37:26","guid":{"rendered":"https:\/\/www.europesays.com\/fr\/610356\/"},"modified":"2025-12-19T21:37:26","modified_gmt":"2025-12-19T21:37:26","slug":"un-appui-de-pres-de-6-milliards-de-dollars-pour-la-defense","status":"publish","type":"post","link":"https:\/\/www.europesays.com\/fr\/610356\/","title":{"rendered":"un appui de pr\u00e8s de 6 milliards de dollars pour la D\u00e9fense"},"content":{"rendered":"<p>AA \/ Istanbul \/ Mariem Njeh<\/p>\n<p>Le pr\u00e9sident ukrainien Volodymyr Zelensky a remerci\u00e9, vendredi, le Japon pour sa d\u00e9cision d&rsquo;octroyer un soutien financier suppl\u00e9mentaire \u00e0 l&rsquo;Ukraine pour l&rsquo;ann\u00e9e prochaine, chiffrant l&rsquo;aide totale \u00e0 pr\u00e8s de 6 milliards de dollars.<\/p>\n<p>Dans un message publi\u00e9 sur le r\u00e9seau social X, bas\u00e9 aux \u00c9tats-Unis, le chef de l&rsquo;\u00c9tat ukrainien a exprim\u00e9 sa gratitude envers le Japon et la Premi\u00e8re ministre Sanae Takaichi.<\/p>\n<p>\u00ab L&rsquo;aide totale s&rsquo;\u00e9l\u00e8ve \u00e0 pr\u00e8s de 6 milliards de dollars, ce qui renforcera notre d\u00e9fense contre l&rsquo;agression russe \u00bb, a d\u00e9clar\u00e9 Volodymyr Zelensky.<\/p>\n<p>Le dirigeant a salu\u00e9 le r\u00f4le de leadership du Japon, \u00ab tant dans l\u2019Indo-Pacifique qu\u2019\u00e0 l\u2019\u00e9chelle mondiale \u00bb.<\/p>\n<p>Pour le chef de l&rsquo;\u00c9tat ukrainien, ce financement constitue une \u00ab contribution significative \u00bb \u00e0 la r\u00e9silience de l&rsquo;Ukraine et, par extension, \u00e0 \u00ab l&rsquo;ordre international fond\u00e9 sur des r\u00e8gles \u00bb.<\/p>\n<p>\u00ab L&rsquo;ordre international est essentiel pour emp\u00eacher que la politique de guerre tordue de la Russie ne se poursuive n&rsquo;importe o\u00f9 \u00bb, a-t-il conclu.<\/p>\n<p>&#8211; La s\u00e9curit\u00e9 de l&rsquo;Europe et de l&rsquo;Asie \u00ab indissociable \u00bb<\/p>\n<p>Pour Tokyo, cet engagement massif d\u00e9passe la simple solidarit\u00e9 : il r\u00e9pond \u00e0 un imp\u00e9ratif de s\u00e9curit\u00e9 nationale. Cette aide japonaise s\u2019inscrit dans le cadre d\u2019un recentrage strat\u00e9gique plus large du Japon sur les enjeux de s\u00e9curit\u00e9 internationale.<\/p>\n<p>Tokyo a actualis\u00e9 sa Strat\u00e9gie de s\u00e9curit\u00e9 nationale en 2022 en r\u00e9ponse \u00e0 l\u2019expansion militaire rapide de la Chine, aux programmes balistique et nucl\u00e9aire de la Cor\u00e9e du Nord, ainsi qu\u2019au recours \u00e0 la force militaire par la Russie, notamment dans le cadre de la guerre en Ukraine.<\/p>\n<p>Avertissant que des conflits dans d\u2019autres r\u00e9gions pourraient s\u2019\u00e9tendre \u00e0 l\u2019Asie, un responsable du minist\u00e8re japonais des Affaires \u00e9trang\u00e8res a d\u00e9clar\u00e9, lundi, lors d\u2019un \u00e9change avec la presse, que \u00ab la situation en Ukraine peut sembler lointaine, mais il a \u00e9t\u00e9 affirm\u00e9 \u00e0 plusieurs reprises qu\u2019une situation similaire pourrait survenir en Asie de l\u2019Est. \u00bb<\/p>\n<p>Il a soulign\u00e9 que la s\u00e9curit\u00e9 en Europe et dans le Pacifique est indissociable, d\u00e9crivant l\u2019environnement mondial comme de plus en plus instable et difficile \u00e0 ma\u00eetriser.<\/p>\n<p>Notant que l\u2019\u00e9poque actuelle ne ressemble ni \u00e0 la Guerre froide ni \u00e0 l\u2019apr\u00e8s-Guerre froide, le responsable a estim\u00e9 que le maintien de l\u2019ordre international est devenu plus complexe \u00e0 mesure que les \u00e9quilibres de pouvoir mondiaux \u00e9voluent.<\/p>\n<p>&#8211; \u00ab La Russie renforce sa coordination strat\u00e9gique avec la Chine \u00bb<\/p>\n<p>La Russie constitue \u00e9galement une menace pour la s\u00e9curit\u00e9 du Japon, a d\u00e9clar\u00e9 le responsable, soulignant la volont\u00e9 de Moscou de recourir \u00e0 la force militaire pour atteindre ses objectifs.<\/p>\n<p>\u00ab La Russie poursuit des actions qui peuvent \u00eatre interpr\u00e9t\u00e9es comme des menaces d\u2019utilisation de l\u2019arme nucl\u00e9aire. En outre, elle renforce sa coordination strat\u00e9gique avec la Chine \u00bb, a-t-il d\u00e9clar\u00e9, en r\u00e9f\u00e9rence aux exercices et man\u0153uvres militaires conjoints.<\/p>\n<p>Il a ajout\u00e9 que les \u00e9volutions li\u00e9es \u00e0 la guerre men\u00e9e par la Russie en Ukraine ont offert \u00e0 la Cor\u00e9e du Nord une marge de man\u0153uvre accrue sur le plan militaire, compliquant davantage l\u2019environnement s\u00e9curitaire du Japon.<\/p>\n<p>Selon le responsable, les activit\u00e9s diplomatiques et militaires de la Russie dans l\u2019Indo-Pacifique, combin\u00e9es \u00e0 sa coordination avec la Chine et la Cor\u00e9e du Nord, pourraient engendrer de s\u00e9rieux risques pour la s\u00e9curit\u00e9 du Japon.<\/p>\n<p>                            &#13;<br \/>\n                                <a href=\"https:\/\/www.aa.com.tr\/fr\/p\/abonnement\/1001\" target=\"_blank\" style=\"font-size:12px; color:#444; text-decoration:none;\" rel=\"noopener\">&#13;<br \/>\n                                    Seulement une partie des d\u00e9p\u00eaches, que l&rsquo;Agence Anadolu diffuse \u00e0 ses abonn\u00e9s via le Syst\u00e8me de Diffusion interne (HAS), est diffus\u00e9e sur le site de l&rsquo;AA, de mani\u00e8re r\u00e9sum\u00e9e. <b style=\"color:#1897F7\">Contactez-nous s&rsquo;il vous pla\u00eet pour vous abonner.<\/b>&#13;<br \/>\n                                <\/a>&#13;<\/p>\n","protected":false},"excerpt":{"rendered":"AA \/ Istanbul \/ Mariem Njeh Le pr\u00e9sident ukrainien Volodymyr Zelensky a remerci\u00e9, vendredi, le Japon pour sa&hellip;\n","protected":false},"author":2,"featured_media":610357,"comment_status":"","ping_status":"","sticky":false,"template":"","format":"standard","meta":{"footnotes":""},"categories":[1590],"tags":[11,1785,1777,674,2070,12,220],"class_list":{"0":"post-610356","1":"post","2":"type-post","3":"status-publish","4":"format-standard","5":"has-post-thumbnail","7":"category-ukraine","8":"tag-actualites","9":"tag-anadolu-ajansi","10":"tag-eu","11":"tag-europe","12":"tag-japon","13":"tag-news","14":"tag-ukraine"},"share_on_mastodon":{"url":"https:\/\/pubeurope.com\/@fr\/115748395119983540","error":""},"_links":{"self":[{"href":"https:\/\/www.europesays.com\/fr\/wp-json\/wp\/v2\/posts\/610356","targetHints":{"allow":["GET"]}}],"collection":[{"href":"https:\/\/www.europesays.com\/fr\/wp-json\/wp\/v2\/posts"}],"about":[{"href":"https:\/\/www.europesays.com\/fr\/wp-json\/wp\/v2\/types\/post"}],"author":[{"embeddable":true,"href":"https:\/\/www.europesays.com\/fr\/wp-json\/wp\/v2\/users\/2"}],"replies":[{"embeddable":true,"href":"https:\/\/www.europesays.com\/fr\/wp-json\/wp\/v2\/comments?post=610356"}],"version-history":[{"count":0,"href":"https:\/\/www.europesays.com\/fr\/wp-json\/wp\/v2\/posts\/610356\/revisions"}],"wp:featuredmedia":[{"embeddable":true,"href":"https:\/\/www.europesays.com\/fr\/wp-json\/wp\/v2\/media\/610357"}],"wp:attachment":[{"href":"https:\/\/www.europesays.com\/fr\/wp-json\/wp\/v2\/media?parent=610356"}],"wp:term":[{"taxonomy":"category","embeddable":true,"href":"https:\/\/www.europesays.com\/fr\/wp-json\/wp\/v2\/categories?post=610356"},{"taxonomy":"post_tag","embeddable":true,"href":"https:\/\/www.europesays.com\/fr\/wp-json\/wp\/v2\/tags?post=610356"}],"curies":[{"name":"wp","href":"https:\/\/api.w.org\/{rel}","templated":true}]}}