{"id":610361,"date":"2025-12-19T21:40:35","date_gmt":"2025-12-19T21:40:35","guid":{"rendered":"https:\/\/www.europesays.com\/fr\/610361\/"},"modified":"2025-12-19T21:40:35","modified_gmt":"2025-12-19T21:40:35","slug":"enel-realise-une-interessante-acquisition-en-allemagne","status":"publish","type":"post","link":"https:\/\/www.europesays.com\/fr\/610361\/","title":{"rendered":"Enel r\u00e9alise une int\u00e9ressante acquisition en Allemagne"},"content":{"rendered":"<p>Nous confirmons notre conseil.<br \/>\nCONSERVEZ.<\/p>\n<p>Enel a annonc\u00e9 il y a quelques jours l\u2019acquisition d\u2019un portefeuille comprenant deux\u00a0parcs \u00e9oliens en Allemagne, pour une puissance install\u00e9e totale de 51\u00a0MW. L\u2019op\u00e9ration permet au groupe d\u2019entrer sur un des march\u00e9s offrant le plus fort potentiel de croissance dans le secteur des \u00e9nergies renouvelables, port\u00e9 notamment par des incitants et un cadre r\u00e9glementaire relativement attractif.<\/p>\n<p>La contribution de l\u2019acquisition au <a href=\"https:\/\/www.test-achats.be\/invest\/lexicon\/r\/resultat-operationnel\" rel=\"nofollow noopener\" target=\"_blank\">r\u00e9sultat op\u00e9rationnel<\/a>\u00a0est estim\u00e9e \u00e0 environ 10\u00a0millions d\u2019euros par an, un montant marginal au regard de la taille d\u2019Enel. Il s\u2019agit toutefois d\u2019un premier pas sur un march\u00e9 prometteur, en ligne avec la strat\u00e9gie du groupe, visant \u00e0 saisir les opportunit\u00e9s sur ce segment.<\/p>\n<p>L\u2019investissement ne devrait produire des effets qu\u2019\u00e0 moyen et long terme. Pour cette raison, nous ne modifions pas nos pr\u00e9visions. Nous tablons toujours sur un b\u00e9n\u00e9fice par action de 0,72\u00a0EUR en 2025 et en 2026. Pour 2027, nous misons sur 0,74\u00a0EUR.<\/p>\n<p>Par ailleurs, le groupe poursuit son programme de <a href=\"https:\/\/www.test-achats.be\/invest\/lexicon\/r\/rachat-dactions-propres\" rel=\"nofollow noopener\" target=\"_blank\">rachat d\u2019actions<\/a>. Ceux-ci restent toutefois marginaux par rapport \u00e0 la capitalisation boursi\u00e8re (Enel d\u00e9tient d\u00e9sormais pr\u00e8s de 1,2% de ses propres actions) et sans r\u00e9el impact sur le cours.<\/p>\n<p style=\"text-align: right;\">Cours au moment de l\u2019analyse\u00a0: 8,62\u00a0EUR<\/p>\n<p><strong>Le groupe italien Enel est le n\u00b01 de l\u2019\u00e9lectricit\u00e9 et le n\u00b02 du gaz en Italie, aussi pr\u00e9sent ailleurs en Europe et en Am\u00e9rique du Nord et du Sud. Il est en outre tr\u00e8s actif dans les \u00e9nergies durables.<\/strong><\/p>\n","protected":false},"excerpt":{"rendered":"Nous confirmons notre conseil. CONSERVEZ. Enel a annonc\u00e9 il y a quelques jours l\u2019acquisition d\u2019un portefeuille comprenant deux\u00a0parcs&hellip;\n","protected":false},"author":2,"featured_media":610362,"comment_status":"","ping_status":"","sticky":false,"template":"","format":"standard","meta":{"footnotes":""},"categories":[1587],"tags":[72135,72134,21810,314,11,672,1804,18891,1805,1803,3708,72133,1777,674,1801,4514,12,153,57611,72137,72136,1802],"class_list":{"0":"post-610361","1":"post","2":"type-post","3":"status-publish","4":"format-standard","5":"has-post-thumbnail","7":"category-allemagne","8":"tag-nergie-renouvelable","9":"tag-oliennes","10":"tag-olien","11":"tag-acquisition","12":"tag-actualites","13":"tag-allemagne","14":"tag-bundesrepublik-deutschland","15":"tag-chiffre-daffaires","16":"tag-de","17":"tag-deutschland","18":"tag-effet","19":"tag-enel","20":"tag-eu","21":"tag-europe","22":"tag-germany","23":"tag-impact","24":"tag-news","25":"tag-parc","26":"tag-portefeuille","27":"tag-rsultat-oprationnel","28":"tag-rachat-dactions","29":"tag-republique-federale-dallemagne"},"share_on_mastodon":{"url":"https:\/\/pubeurope.com\/@fr\/115748406837463768","error":""},"_links":{"self":[{"href":"https:\/\/www.europesays.com\/fr\/wp-json\/wp\/v2\/posts\/610361","targetHints":{"allow":["GET"]}}],"collection":[{"href":"https:\/\/www.europesays.com\/fr\/wp-json\/wp\/v2\/posts"}],"about":[{"href":"https:\/\/www.europesays.com\/fr\/wp-json\/wp\/v2\/types\/post"}],"author":[{"embeddable":true,"href":"https:\/\/www.europesays.com\/fr\/wp-json\/wp\/v2\/users\/2"}],"replies":[{"embeddable":true,"href":"https:\/\/www.europesays.com\/fr\/wp-json\/wp\/v2\/comments?post=610361"}],"version-history":[{"count":0,"href":"https:\/\/www.europesays.com\/fr\/wp-json\/wp\/v2\/posts\/610361\/revisions"}],"wp:featuredmedia":[{"embeddable":true,"href":"https:\/\/www.europesays.com\/fr\/wp-json\/wp\/v2\/media\/610362"}],"wp:attachment":[{"href":"https:\/\/www.europesays.com\/fr\/wp-json\/wp\/v2\/media?parent=610361"}],"wp:term":[{"taxonomy":"category","embeddable":true,"href":"https:\/\/www.europesays.com\/fr\/wp-json\/wp\/v2\/categories?post=610361"},{"taxonomy":"post_tag","embeddable":true,"href":"https:\/\/www.europesays.com\/fr\/wp-json\/wp\/v2\/tags?post=610361"}],"curies":[{"name":"wp","href":"https:\/\/api.w.org\/{rel}","templated":true}]}}