{"id":610372,"date":"2025-12-19T21:48:14","date_gmt":"2025-12-19T21:48:14","guid":{"rendered":"https:\/\/www.europesays.com\/fr\/610372\/"},"modified":"2025-12-19T21:48:14","modified_gmt":"2025-12-19T21:48:14","slug":"pro-d2-colomiers-sadjuge-le-choc-la-surprise-carcassonnaise-les-resultats-de-la-15e-journee","status":"publish","type":"post","link":"https:\/\/www.europesays.com\/fr\/610372\/","title":{"rendered":"Pro D2 \u2013 Colomiers s\u2019adjuge le choc, la surprise carcassonnaise\u2026 Les r\u00e9sultats de la 15e journ\u00e9e"},"content":{"rendered":"<p class=\"article-full__chapo\">\n                Pour cette 15e journ\u00e9e de Pro D2, la derni\u00e8re de 2025, Colomiers est venu \u00e0 bout de Valence-Romans. En bas de tableau, Carcassonne a cr\u00e9\u00e9 la surprise en renversant compl\u00e8tement Soyaux-Angoul\u00e8me. D\u00e9couvrez les r\u00e9sultats\u00a0!\n            <\/p>\n<p>Les r\u00e9sultats de la 15e journ\u00e9e\u00a0:<\/p>\n<p><strong>B\u00e9ziers 23<\/strong> \u2013 17 Vannes<\/p>\n<blockquote data-class=\"twitter-tweet\">\n<p lang=\"fr\" dir=\"ltr\">\\ud83d\\udd1a Qu\u2019elle fait du bien celle-l\u00e0 ! \\ud83d\\ude0d<\/p>\n<p>Nos joueurs terminent l\u2019ann\u00e9e en beaut\u00e9 avec un succ\u00e8s au bout du suspense contre le leader vannetais \\ud83d\\udd25<\/p>\n<p>\\u27a1\\ufe0f Place d\u00e9sormais aux vacances, prochain match dans 15 jours sur la pelouse de Valence-Romans.<a href=\"https:\/\/twitter.com\/hashtag\/AquiEsBesiers?src=hash&amp;ref_src=twsrc%5Etfw\" target=\"_blank\" rel=\"noopener\">#AquiEsBesiers<\/a> \\ud83d\\udd34\\ud83d\\udd35 <a href=\"https:\/\/t.co\/AiYi7w6Jds\">pic.twitter.com\/AiYi7w6Jds<\/a><\/p>\n<p>\u2014 ASBH Officiel (@ASBHOfficiel) <a href=\"https:\/\/twitter.com\/ASBHOfficiel\/status\/2001773797305651332?ref_src=twsrc%5Etfw\" target=\"_blank\" rel=\"noopener\">December 18, 2025<\/a><\/p><\/blockquote>\n<p><strong>Colomiers 24<\/strong> \u2013 10 Valence-Romans<\/p>\n<p><strong>Grenoble 24<\/strong> \u2013 20 Dax<\/p>\n<blockquote data-class=\"twitter-tweet\">\n<p lang=\"fr\" dir=\"ltr\">??? ?? ????? \\u274c <\/p>\n<p>Ce groupe ne l\u00e2che rien ! Men\u00e9s de 19 pts \u00e0 la pause nos Dacquois ont remont\u00e9 le score pour obtenir un bonus d\u00e9fensif important ! <\/p>\n<p>Place aux vacances et on se retrouve le 9 janvier \u00e0 Boyau face \u00e0 Agen \\ud83d\\ude0d <a href=\"https:\/\/t.co\/tsDjVxj6j2\">pic.twitter.com\/tsDjVxj6j2<\/a><\/p>\n<p>\u2014 U.S.Dax Rugby Landes (@usdaxrugby) <a href=\"https:\/\/twitter.com\/usdaxrugby\/status\/2002113041127911866?ref_src=twsrc%5Etfw\" target=\"_blank\" rel=\"noopener\">December 19, 2025<\/a><\/p><\/blockquote>\n<p><strong>Nevers 33<\/strong> \u2013 31 Brive<\/p>\n<p><strong>Agen 35<\/strong> \u2013 26 Aurillac<\/p>\n<p><strong>Carcassonne 35<\/strong> \u2013 31 Angoul\u00eame<\/p>\n<p><strong>Mont-de-Marsan 25<\/strong> \u2013 23 Provence Rugby<\/p>\n<blockquote data-class=\"twitter-tweet\">\n<p lang=\"fr\" dir=\"ltr\">\\ud83c\\udfc1 Fin du match \u00e0 Boniface !<br \/>Au terme d\u2019un combat intense, nos Jaune et Noir s\u2019imposent 25\u201323 dans un match ultra serr\u00e9 \\ud83d\\udcaa\\ud83d\\udfe1\\u26ab\\ufe0f<br \/>Quelle bataille !<a href=\"https:\/\/twitter.com\/hashtag\/enSMble?src=hash&amp;ref_src=twsrc%5Etfw\" target=\"_blank\" rel=\"noopener\">#enSMble<\/a> <a href=\"https:\/\/twitter.com\/hashtag\/proD2?src=hash&amp;ref_src=twsrc%5Etfw\" target=\"_blank\" rel=\"noopener\">#proD2<\/a> <a href=\"https:\/\/t.co\/r8aGqZ70LP\">pic.twitter.com\/r8aGqZ70LP<\/a><\/p>\n<p>\u2014 Stade Montois Rugby (@SMR_Rugby) <a href=\"https:\/\/twitter.com\/SMR_Rugby\/status\/2002111413159186438?ref_src=twsrc%5Etfw\" target=\"_blank\" rel=\"noopener\">December 19, 2025<\/a><\/p><\/blockquote>\n<p><a href=\"https:\/\/www.rugbyrama.fr\/resultats\/rugby\/pro-d2\/phase-reguliere\/rencontre\/55618\/biarritz-oyonnax\/direct\" target=\"_self\" rel=\"noopener\"><strong>Biarritz \u2013 Oyonnax (en cours)<\/strong><\/a><\/p>\n<p>Le classement\u00a0:<\/p>\n<p>            <script async src=\"https:\/\/platform.twitter.com\/widgets.js\" charset=\"utf-8\"><\/script><\/p>\n","protected":false},"excerpt":{"rendered":"Pour cette 15e journ\u00e9e de Pro D2, la derni\u00e8re de 2025, Colomiers est venu \u00e0 bout de Valence-Romans.&hellip;\n","protected":false},"author":2,"featured_media":610373,"comment_status":"","ping_status":"","sticky":false,"template":"","format":"standard","meta":{"footnotes":""},"categories":[1416],"tags":[1011,27,2308,479,1468,68796,60],"class_list":{"0":"post-610372","1":"post","2":"type-post","3":"status-publish","4":"format-standard","5":"has-post-thumbnail","7":"category-rugby","8":"tag-fr","9":"tag-france","10":"tag-pro-d2","11":"tag-rugby","12":"tag-rugby-football","13":"tag-rugby-u00e0-xv","14":"tag-sports"},"share_on_mastodon":{"url":"https:\/\/pubeurope.com\/@fr\/115748438387224687","error":""},"_links":{"self":[{"href":"https:\/\/www.europesays.com\/fr\/wp-json\/wp\/v2\/posts\/610372","targetHints":{"allow":["GET"]}}],"collection":[{"href":"https:\/\/www.europesays.com\/fr\/wp-json\/wp\/v2\/posts"}],"about":[{"href":"https:\/\/www.europesays.com\/fr\/wp-json\/wp\/v2\/types\/post"}],"author":[{"embeddable":true,"href":"https:\/\/www.europesays.com\/fr\/wp-json\/wp\/v2\/users\/2"}],"replies":[{"embeddable":true,"href":"https:\/\/www.europesays.com\/fr\/wp-json\/wp\/v2\/comments?post=610372"}],"version-history":[{"count":0,"href":"https:\/\/www.europesays.com\/fr\/wp-json\/wp\/v2\/posts\/610372\/revisions"}],"wp:featuredmedia":[{"embeddable":true,"href":"https:\/\/www.europesays.com\/fr\/wp-json\/wp\/v2\/media\/610373"}],"wp:attachment":[{"href":"https:\/\/www.europesays.com\/fr\/wp-json\/wp\/v2\/media?parent=610372"}],"wp:term":[{"taxonomy":"category","embeddable":true,"href":"https:\/\/www.europesays.com\/fr\/wp-json\/wp\/v2\/categories?post=610372"},{"taxonomy":"post_tag","embeddable":true,"href":"https:\/\/www.europesays.com\/fr\/wp-json\/wp\/v2\/tags?post=610372"}],"curies":[{"name":"wp","href":"https:\/\/api.w.org\/{rel}","templated":true}]}}