{"id":610384,"date":"2025-12-19T21:58:14","date_gmt":"2025-12-19T21:58:14","guid":{"rendered":"https:\/\/www.europesays.com\/fr\/610384\/"},"modified":"2025-12-19T21:58:14","modified_gmt":"2025-12-19T21:58:14","slug":"quand-cyril-hanouna-sera-t-il-de-retour-a","status":"publish","type":"post","link":"https:\/\/www.europesays.com\/fr\/610384\/","title":{"rendered":"quand Cyril Hanouna sera-t-il de retour \u00e0 &#8230;"},"content":{"rendered":"<p>EN BREF<\/p>\n<ul class=\"bloc_resume_post_list\">\n<li>Cyril Hanouna, animateur embl\u00e9matique, est revenu sur W9<br \/>\navec \u00ab\u00a0Tout beau, tout n9uf&rsquo; apr\u00e8s son d\u00e9part de C8, captivant 1,09<br \/>\nmillion de t\u00e9l\u00e9spectateurs le 17 d\u00e9cembre 2025.<\/li>\n<li>Le talkshow a rassembl\u00e9 jusqu&rsquo;\u00e0 1,68 million de<br \/>\nt\u00e9l\u00e9spectateurs, mais reste derri\u00e8re &lsquo;Quotidien&rsquo; de Yann Barth\u00e8s en<br \/>\ntermes de parts de march\u00e9.<\/li>\n<li>La diffusion de &lsquo;Tout beau, tout n9uf&rsquo; est suspendue pour<br \/>\nles f\u00eates, mais Cyril Hanouna reprendra l&rsquo;antenne le 5 janvier<br \/>\n2026.<\/li>\n<\/ul>\n<p>Cyril Hanouna fait partie des figures de proue du monde de<br \/>\nl&rsquo;audiovisuel en France. En effet, il est parvenu \u00e0 ravir des<br \/>\nmillions de t\u00e9l\u00e9spectateurs avec des \u00e9missions telles que \u00c0<br \/>\nprendre ou \u00e0 laisser, Touche pas mon poste ou encore<br \/>\nLa Grosse rigolade. Par ailleurs, son d\u00e9part de<br \/>\nC8 cons\u00e9cutif \u00e0 la fermeture de la cha\u00eene a \u00e9t\u00e9 un coup<br \/>\ndur pour de nombreux t\u00e9l\u00e9spectateurs qui ne s&rsquo;imaginaient plus<br \/>\nrevoir l&rsquo;animateur \u00e0 l&rsquo;\u00e9cran. Sauf que ce dernier a fait son retour<br \/>\navec un tout nouveau programme, Tout beau, tout n9uf<br \/>\ndiffus\u00e9 sur W9.<\/p>\n<p>Et une fois de plus, le producteur de t\u00e9l\u00e9vision obtenait une<br \/>\nincroyable audience. Le talkshow a rassembl\u00e9 1,09 million de<br \/>\nt\u00e9l\u00e9spectateurs ce 17 d\u00e9cembre 2025, au cours de la diffusion de la<br \/>\npremi\u00e8re partie. Ce qui repr\u00e9sente 5,9 % de la population comprise<br \/>\nentre quatre ans et plus. Malheureusement, le programme devra \u00eatre<br \/>\ntemporairement suspendu et quelques questions demeurent. <a href=\"https:\/\/www.telestar.fr\/actu_tv\/lea-salame-un-piege-cyril-hanouna-lui-en-veut-et-il-nhesite-pas-a-tout-balancer-1748864\" target=\"_blank\" rel=\"noopener\"><br \/>\nCyril Hanouna, qui s&rsquo;est prononc\u00e9 cash sur L\u00e9a Salam\u00e9<\/a> sera-t-il<br \/>\nde retour dans la partie ? Si oui, alors quand reviendra-t-il \u00e0<br \/>\nl&rsquo;antenne ?<\/p>\n<p>De bonnes audiences mais pas suffisantes pour \u00eatre num\u00e9ro<br \/>\nun<br \/>\nLa premi\u00e8re partie de Tout beau, tout n9uf \u00e9tait diffus\u00e9e<br \/>\nentre 19 h 45 et 20 h 10, la deuxi\u00e8me partie de 20h10 \u00e0 21h et a<br \/>\nrassembl\u00e9 1,22 million de t\u00e9l\u00e9spectateurs. Une performance<br \/>\ncorrespondant \u00e0 6 % de part d&rsquo;audience aupr\u00e8s des personnes \u00e2g\u00e9es<br \/>\nde quatre ans et plus, comme l&rsquo;indique <a href=\"https:\/\/toutelatele.ouest-france.fr\/cyril-hanouna-cede-sa-place-sur-w9-182009\" target=\"_blank\" rel=\"nofollow noopener\">Ouest-France<\/a>.<\/p>\n<p>Pour finir, la troisi\u00e8me et derni\u00e8re partie s&rsquo;est tenue de 21h<br \/>\n\u00e0 21 h15. Durant cette tranche, 1,68 million de t\u00e9l\u00e9spectateurs<br \/>\n\u00e9taient devant l&rsquo;\u00e9mission, soit 8,4 % de part d&rsquo;audience. Au vu de<br \/>\nces chiffres, <a href=\"https:\/\/www.telestar.fr\/actu_tv\/tout-beau-tout-n9uf-jai-fait-mon-temps-capucine-anav-sans-filtre-sur-lemission-de-cyril-hanouna-1737556\" target=\"_blank\" rel=\"noopener\"><br \/>\nTout beau, tout n9uf<\/a> a de ce fait \u00e9t\u00e9 surpass\u00e9 par<br \/>\nQuotidien pr\u00e9sent\u00e9 par <a href=\"https:\/\/www.telestar.fr\/people\/yann-barthes-mal-a-laise-devant-miss-france-2026-hinaupoko-deveze-obligee-de-lui-apprendre-a-prononcer-son-prenom-1747985\" target=\"_blank\" rel=\"noopener\"><br \/>\nYann Barth\u00e8s, mal \u00e0 l&rsquo;aise devant Miss France 2026<\/a>. Ainsi, de<br \/>\nfa\u00e7on globale, l&rsquo;\u00e9mission de W9 accuse un retard de 1,7% de part de<br \/>\nmarch\u00e9.<\/p>\n<p>TBT9 s&rsquo;arr\u00eate pendant les f\u00eates<\/p>\n<p>Alors que les f\u00eates de fin d&rsquo;ann\u00e9e battent leur plein, les<br \/>\nfid\u00e8les t\u00e9l\u00e9spectateurs de Tout beau, tout n9uf vont \u00eatre<br \/>\npriv\u00e9s de leur rendez-vous quotidien qui va marquer une pause, tout<br \/>\ncomme son animateur Cyril Hanouna. La diffusion sera suspendue ce<br \/>\nlundi 22 d\u00e9cembre 2025. En guise de remplacement, la t\u00e9l\u00e9r\u00e9alit\u00e9<br \/>\nThe Cerveau sera diffus\u00e9e \u00e0 19 h 50 au lieu de 17 h 40.<br \/>\nToutefois, TBT9 revient \u00e0 l&rsquo;\u00e9cran le lundi 5 janvier 2026 avec \u00e0 sa<br \/>\nt\u00eate l&rsquo;animateur Cyril Hanouna.<\/p>\n","protected":false},"excerpt":{"rendered":"EN BREF Cyril Hanouna, animateur embl\u00e9matique, est revenu sur W9 avec \u00ab\u00a0Tout beau, tout n9uf&rsquo; apr\u00e8s son d\u00e9part&hellip;\n","protected":false},"author":2,"featured_media":610385,"comment_status":"","ping_status":"","sticky":false,"template":"","format":"standard","meta":{"footnotes":""},"categories":[1356],"tags":[1083,58,59,1011,27,252,1364],"class_list":{"0":"post-610384","1":"post","2":"type-post","3":"status-publish","4":"format-standard","5":"has-post-thumbnail","7":"category-television","8":"tag-cyril-hanouna","9":"tag-divertissement","10":"tag-entertainment","11":"tag-fr","12":"tag-france","13":"tag-television","14":"tag-tv"},"share_on_mastodon":{"url":"https:\/\/pubeurope.com\/@fr\/115748477693229202","error":""},"_links":{"self":[{"href":"https:\/\/www.europesays.com\/fr\/wp-json\/wp\/v2\/posts\/610384","targetHints":{"allow":["GET"]}}],"collection":[{"href":"https:\/\/www.europesays.com\/fr\/wp-json\/wp\/v2\/posts"}],"about":[{"href":"https:\/\/www.europesays.com\/fr\/wp-json\/wp\/v2\/types\/post"}],"author":[{"embeddable":true,"href":"https:\/\/www.europesays.com\/fr\/wp-json\/wp\/v2\/users\/2"}],"replies":[{"embeddable":true,"href":"https:\/\/www.europesays.com\/fr\/wp-json\/wp\/v2\/comments?post=610384"}],"version-history":[{"count":0,"href":"https:\/\/www.europesays.com\/fr\/wp-json\/wp\/v2\/posts\/610384\/revisions"}],"wp:featuredmedia":[{"embeddable":true,"href":"https:\/\/www.europesays.com\/fr\/wp-json\/wp\/v2\/media\/610385"}],"wp:attachment":[{"href":"https:\/\/www.europesays.com\/fr\/wp-json\/wp\/v2\/media?parent=610384"}],"wp:term":[{"taxonomy":"category","embeddable":true,"href":"https:\/\/www.europesays.com\/fr\/wp-json\/wp\/v2\/categories?post=610384"},{"taxonomy":"post_tag","embeddable":true,"href":"https:\/\/www.europesays.com\/fr\/wp-json\/wp\/v2\/tags?post=610384"}],"curies":[{"name":"wp","href":"https:\/\/api.w.org\/{rel}","templated":true}]}}